{"id":18169,"date":"2025-08-07T08:09:55","date_gmt":"2025-08-07T12:09:55","guid":{"rendered":"https:\/\/agromt.news\/?p=18169"},"modified":"2025-08-07T08:09:55","modified_gmt":"2025-08-07T12:09:55","slug":"avanco-de-frente-fria-pode-provocar-ventos-de-ate-70-km-em-algumas-regioes-do-pais","status":"publish","type":"post","link":"https:\/\/agromt.news\/?p=18169","title":{"rendered":"Avan\u00e7o de frente fria pode provocar ventos de at\u00e9 70 km em algumas regi\u00f5es do pa\u00eds"},"content":{"rendered":"<p> <br \/>\n<br \/><img decoding=\"async\" src=\"https:\/\/agromt.news\/wp-content\/uploads\/2024\/11\/Risco-de-temporais-em-algumas-regioes-veja-previsao-do-tempo.jpg\" \/><\/p>\n<div>\n<p>O avan\u00e7o de uma<a href=\"https:\/\/www.canalrural.com.br\/tempo\/nova-frente-fria-associada-a-um-ciclone-extratropical-derruba-temperaturas\/\"> nova frente fria<\/a> sobre a costa sul do pa\u00eds deve promover o retorno das instabilidades nos tr\u00eas estados da regi\u00e3o Sul nesta quinta-feira (7). Ainda pela manh\u00e3, n\u00facleos de chuva j\u00e1 devem ganhar for\u00e7a em algumas \u00e1reas do Rio Grande do Sul. No decorrer da tarde e noite, as pancadas j\u00e1 come\u00e7am a se espalhar sobre o interior catarinense e paranaense, variando entre moderada e pontual forte intensidade. <\/p>\n<p>Entre o norte e a serra ga\u00facha, sul, serra e oeste catarinense e extremo sul paranaense, h\u00e1 risco para temporais acompanhados por raios e fortes ventos. Al\u00e9m da chuva, o destaque tamb\u00e9m deve girar em torno dos ventos que sopram sobre o Rio Grande do Sul, com rajadas que podem chegar a 70 km\/h entre a Costa Doce e o Litoral M\u00e9dio. Em Porto Alegre, c\u00e9u encoberto com pancadas de chuva ganhando for\u00e7a ainda pela manh\u00e3. Por outro lado, Florian\u00f3polis e Curitiba ainda devem contar com a presen\u00e7a de tempo mais est\u00e1vel ao longo do dia \u2013 apenas com varia\u00e7\u00e3o de nebulosidade.<\/p>\n<p><em>Veja em primeira m\u00e3o tudo sobre agricultura, pecu\u00e1ria, economia e previs\u00e3o do tempo:<\/em><a href=\"https:\/\/news.google.com\/publications\/CAAqBwgKMPKZlQswq_mqAw?hl=pt-BR&amp;gl=BR&amp;ceid=BR%3Apt-419\" target=\"_blank\" rel=\"noreferrer noopener\"><em>\u00a0siga o Canal Rural no Google News!<\/em><\/a><\/p>\n<p>No Sudeste, a entrada de umidade mar\u00edtima ainda pode estimular a ocorr\u00eancia de pancadas de chuva fraca em algumas \u00e1reas do litoral sul de S\u00e3o Paulo. Nas demais regi\u00f5es do interior paulista, o predom\u00ednio segue sendo de tempo firme, temperaturas em eleva\u00e7\u00e3o durante o dia e aten\u00e7\u00e3o para baixa umidade relativa do ar entre o norte e noroeste paulista. Em Minas Gerais, tempo seco e tamb\u00e9m risco para queda acentuada da umidade no decorrer das horas mais quentes \u2013 inclusive na Regi\u00e3o Metropolitana de Belo Horizonte. No Esp\u00edrito Santo, a circula\u00e7\u00e3o de ventos mar\u00edtimos tamb\u00e9m pode resultar em epis\u00f3dios de chuva fraca isolada \u2013 especialmente no litoral sul capixaba.<\/p>\n<\/div>\n<div>\n<p>Enquanto no Centro-Oeste, o tempo deve seguir est\u00e1vel em praticamente toda a regi\u00e3o. Excepcionalmente no extremo sul de Mato Grosso do Sul, algumas instabilidades atuantes sobre o sul do pa\u00eds e o Paraguai podem avan\u00e7ar sobre a regi\u00e3o. J\u00e1 Mato Grosso, Goi\u00e1s e o Distrito Federal seguem com influ\u00eancia de ar seco e o tempo segue firme ao longo do dia. \u00c0 tarde, h\u00e1 risco para que a umidade relativa do ar fique abaixo de 20% entre Goi\u00e1s e o leste de Mato Grosso.<\/p>\n<p>J\u00e1 no Nordeste, os ventos que sopram do oceano em dire\u00e7\u00e3o ao continente seguem estimulando a forma\u00e7\u00e3o de nuvens carregadas entre o litoral da Bahia e do Rio Grande do Norte, com condi\u00e7\u00f5es para pancadas de chuva de fraca a moderada intensidade. No litoral do Maranh\u00e3o, a chuva tamb\u00e9m acontece, mas com potencial para cair com forte intensidade em alguns momentos. Em algumas \u00e1reas, h\u00e1 risco para temporais localizados. J\u00e1 o interior nordestino continua mais quente e seco, com risco para umidade do ar baixa \u00e0 tarde. Destaque para o sul do Maranh\u00e3o, interior do Piau\u00ed e oeste da Bahia, locais onde a umidade relativa do ar permanece abaixo de 20%.<\/p>\n<p>E na regi\u00e3o Norte, a presen\u00e7a de uma \u00e1rea de baixa press\u00e3o e umidade elevada na atmosfera local v\u00e3o servir de combust\u00edvel para a forma\u00e7\u00e3o de instabilidades sobre o Amazonas, Par\u00e1, Roraima e o Amap\u00e1 \u2013 com previs\u00e3o de chuva com moderada \u2013 a pontual forte \u2013 intensidade ao longo do dia. Em alguns intervalos do dia, h\u00e1 risco para temporais localizados. J\u00e1 o Acre, Rond\u00f4nia e Tocantins seguem com predom\u00ednio de tempo firme durante o dia.<\/p>\n<div data-icp-cta=\"1\" id=\"icp-cta-unique\">Voc\u00ea quer entender como usar o clima a seu favor?<b> <\/b><a href=\"https:\/\/climacampo.canalrural.com.br\/climacampo_-01\">Preparamos um e-book exclusivo<\/a> para ajudar produtores rurais a se antecipar \u00e0s mudan\u00e7as do tempo e planejar melhor suas a\u00e7\u00f5es. Com base em previs\u00f5es meteorol\u00f3gicas confi\u00e1veis, ele oferece orienta\u00e7\u00f5es pr\u00e1ticas para proteger sua lavoura e otimizar seus resultados.<\/div>\n<\/div>\n<p><br \/>\n<br \/><a href=\"https:\/\/www.canalrural.com.br\/tempo\/avanco-de-frente-fria-pode-provocar-ventos-de-ate-70-km-em-algumas-regioes-do-pais\/\">Source link <\/a><\/p>\n","protected":false},"excerpt":{"rendered":"<p>O avan\u00e7o de uma nova frente fria sobre a costa sul do pa\u00eds deve promover o retorno das instabilidades nos<\/p>\n","protected":false},"author":1,"featured_media":4415,"comment_status":"open","ping_status":"open","sticky":false,"template":"","format":"standard","meta":{"_monsterinsights_skip_tracking":false,"_monsterinsights_sitenote_active":false,"_monsterinsights_sitenote_note":"","_monsterinsights_sitenote_category":0,"_uf_show_specific_survey":0,"_uf_disable_surveys":false,"footnotes":""},"categories":[1],"tags":[],"class_list":["post-18169","post","type-post","status-publish","format-standard","has-post-thumbnail","hentry","category-news"],"_links":{"self":[{"href":"https:\/\/agromt.news\/index.php?rest_route=\/wp\/v2\/posts\/18169"}],"collection":[{"href":"https:\/\/agromt.news\/index.php?rest_route=\/wp\/v2\/posts"}],"about":[{"href":"https:\/\/agromt.news\/index.php?rest_route=\/wp\/v2\/types\/post"}],"author":[{"embeddable":true,"href":"https:\/\/agromt.news\/index.php?rest_route=\/wp\/v2\/users\/1"}],"replies":[{"embeddable":true,"href":"https:\/\/agromt.news\/index.php?rest_route=%2Fwp%2Fv2%2Fcomments&post=18169"}],"version-history":[{"count":0,"href":"https:\/\/agromt.news\/index.php?rest_route=\/wp\/v2\/posts\/18169\/revisions"}],"wp:featuredmedia":[{"embeddable":true,"href":"https:\/\/agromt.news\/index.php?rest_route=\/wp\/v2\/media\/4415"}],"wp:attachment":[{"href":"https:\/\/agromt.news\/index.php?rest_route=%2Fwp%2Fv2%2Fmedia&parent=18169"}],"wp:term":[{"taxonomy":"category","embeddable":true,"href":"https:\/\/agromt.news\/index.php?rest_route=%2Fwp%2Fv2%2Fcategories&post=18169"},{"taxonomy":"post_tag","embeddable":true,"href":"https:\/\/agromt.news\/index.php?rest_route=%2Fwp%2Fv2%2Ftags&post=18169"}],"curies":[{"name":"wp","href":"https:\/\/api.w.org\/{rel}","templated":true}]}}