{"id":18163,"date":"2025-08-07T04:57:53","date_gmt":"2025-08-07T08:57:53","guid":{"rendered":"https:\/\/agromt.news\/?p=18163"},"modified":"2025-08-07T04:57:53","modified_gmt":"2025-08-07T08:57:53","slug":"temporais-e-calorao-de-36c-sao-destaques-do-dia-confira-a-previsao-de-hoje","status":"publish","type":"post","link":"https:\/\/agromt.news\/?p=18163","title":{"rendered":"Temporais e calor\u00e3o de 36\u00b0C s\u00e3o destaques do dia; confira a previs\u00e3o de hoje"},"content":{"rendered":"<p> <br \/>\n<br \/><img decoding=\"async\" src=\"https:\/\/agromt.news\/wp-content\/uploads\/2024\/10\/Chuva-acima-ou-abaixo-da-media-Inmet-te-mostra-previsao.jpg\" \/><\/p>\n<div>\n<p>Dia de temporais em parte do Sul e de temperaturas beirando os 40\u00b0C no Centro-Oeste devem marcar esta quinta-feira (7). Confira a previs\u00e3o para todo o pa\u00eds:<\/p>\n<div data-icp-cta=\"1\" id=\"icp-cta-unique\">Voc\u00ea quer entender como usar o clima a seu favor?<b> <\/b><a href=\"https:\/\/climacampo.canalrural.com.br\/climacampo_-01\">Preparamos um e-book exclusivo<\/a> para ajudar produtores rurais a se antecipar \u00e0s mudan\u00e7as do tempo e planejar melhor suas a\u00e7\u00f5es. Com base em previs\u00f5es meteorol\u00f3gicas confi\u00e1veis, ele oferece orienta\u00e7\u00f5es pr\u00e1ticas para proteger sua lavoura e otimizar seus resultados.<\/div>\n<h2 class=\"wp-block-heading\" id=\"h-sul\">Sul<\/h2>\n<p>Novas \u00e1reas de instabilidade avan\u00e7am sobre a Regi\u00e3o Sul, e h\u00e1 riscos para <strong>temporais<\/strong> em Santa Catarina e no <strong><a href=\"https:\/\/www.canalrural.com.br\/nacional\/rio-grande-do-sul\/\">Rio Grande do Sul<\/a><\/strong>, exceto no sul ga\u00facho. As temperaturas devem ficar amenas em quase toda a regi\u00e3o, por\u00e9m, no norte do <strong><a href=\"https:\/\/www.canalrural.com.br\/nacional\/parana\/\">Paran\u00e1<\/a><\/strong>, os term\u00f4metros se elevam e o tempo fica firme.<\/p>\n<h2 class=\"wp-block-heading\" id=\"h-sudeste\">Sudeste<\/h2>\n<p>H\u00e1 previs\u00e3o de pancadas de chuva fraca entre o litoral paulista e o Esp\u00edrito Santo. O dia ser\u00e1 de muita nebulosidade em todo o litoral do Sudeste, al\u00e9m de no sul de S\u00e3o Paulo e leste de Minas Gerais. As temperaturas seguem elevadas em grande parte do Sudeste, com destaque para o interior paulista, com m\u00e1ximas que podem alcan\u00e7ar valores acima de 31\u00b0C.<\/p>\n<h2 class=\"wp-block-heading\" id=\"h-centro-oeste\">Centro-Oeste<\/h2>\n<p>O tempo segue firme em praticamente toda a regi\u00e3o e o sol deve aparecer entre nuvens em algumas \u00e1reas. No per\u00edodo da noite, instabilidades associadas ao avan\u00e7o de um cavado em n\u00edveis m\u00e9dios na atmosfera provocam pancadas isoladas de chuva no sul de Mato Grosso do Sul. As temperaturas ficam elevadas em Mato Grosso, Goi\u00e1s e norte do territ\u00f3rio sul-mato-grossense, com destaques para S\u00e3o Miguel do Araguaia (GO), onde as m\u00e1ximas podem atingir os <strong>35\u00b0C<\/strong>, e Sinop (MT), com previs\u00e3o de <strong>36\u00b0C<\/strong>.<\/p>\n<\/div>\n<div>\n<h2 class=\"wp-block-heading\" id=\"h-nordeste\">Nordeste<\/h2>\n<p>As chuvas continuam no litoral do Nordeste, desde o sul da Bahia at\u00e9 o Rio Grande do Norte, devido \u00e0 umidade transportada do oceano na faixa leste. No norte do Maranh\u00e3o, as pancadas devem ser mais fortes, com a atua\u00e7\u00e3o da Zona de Converg\u00eancia Intertropical (ZCIT). As temperaturas continuam elevadas em boa parte da Regi\u00e3o, e a umidade relativa do ar deve ficar baixa no Piau\u00ed, sul do Maranh\u00e3o e oeste da Bahia.<\/p>\n<h2 class=\"wp-block-heading\" id=\"h-norte\">Norte<\/h2>\n<p>\u00c1reas de instabilidades continuam em toda a faixa norte da regi\u00e3o e em grande parte dos estados do Amazonas e Par\u00e1 devido \u00e0 alta umidade e \u00e0 atua\u00e7\u00e3o de uma baixa press\u00e3o na regi\u00e3o. O tempo segue com muita nebulosidade e temperaturas elevadas na Regi\u00e3o.<\/p>\n<\/p><\/div>\n<p><br \/>\n<br \/><a href=\"https:\/\/www.canalrural.com.br\/tempo\/temporais-e-calorao-de-36c-sao-destaques-do-dia-confira-a-previsao-de-hoje\/\">Source link <\/a><\/p>\n","protected":false},"excerpt":{"rendered":"<p>Dia de temporais em parte do Sul e de temperaturas beirando os 40\u00b0C no Centro-Oeste devem marcar esta quinta-feira (7).<\/p>\n","protected":false},"author":1,"featured_media":3113,"comment_status":"open","ping_status":"open","sticky":false,"template":"","format":"standard","meta":{"_monsterinsights_skip_tracking":false,"_monsterinsights_sitenote_active":false,"_monsterinsights_sitenote_note":"","_monsterinsights_sitenote_category":0,"_uf_show_specific_survey":0,"_uf_disable_surveys":false,"footnotes":""},"categories":[1],"tags":[],"class_list":["post-18163","post","type-post","status-publish","format-standard","has-post-thumbnail","hentry","category-news"],"_links":{"self":[{"href":"https:\/\/agromt.news\/index.php?rest_route=\/wp\/v2\/posts\/18163"}],"collection":[{"href":"https:\/\/agromt.news\/index.php?rest_route=\/wp\/v2\/posts"}],"about":[{"href":"https:\/\/agromt.news\/index.php?rest_route=\/wp\/v2\/types\/post"}],"author":[{"embeddable":true,"href":"https:\/\/agromt.news\/index.php?rest_route=\/wp\/v2\/users\/1"}],"replies":[{"embeddable":true,"href":"https:\/\/agromt.news\/index.php?rest_route=%2Fwp%2Fv2%2Fcomments&post=18163"}],"version-history":[{"count":0,"href":"https:\/\/agromt.news\/index.php?rest_route=\/wp\/v2\/posts\/18163\/revisions"}],"wp:featuredmedia":[{"embeddable":true,"href":"https:\/\/agromt.news\/index.php?rest_route=\/wp\/v2\/media\/3113"}],"wp:attachment":[{"href":"https:\/\/agromt.news\/index.php?rest_route=%2Fwp%2Fv2%2Fmedia&parent=18163"}],"wp:term":[{"taxonomy":"category","embeddable":true,"href":"https:\/\/agromt.news\/index.php?rest_route=%2Fwp%2Fv2%2Fcategories&post=18163"},{"taxonomy":"post_tag","embeddable":true,"href":"https:\/\/agromt.news\/index.php?rest_route=%2Fwp%2Fv2%2Ftags&post=18163"}],"curies":[{"name":"wp","href":"https:\/\/api.w.org\/{rel}","templated":true}]}}