{"id":18152,"date":"2025-08-06T19:37:06","date_gmt":"2025-08-06T23:37:06","guid":{"rendered":"https:\/\/agromt.news\/?p=18152"},"modified":"2025-08-06T19:37:06","modified_gmt":"2025-08-06T23:37:06","slug":"boi-gordo-tem-mais-um-dia-de-alta-nas-cotacoes-confira-os-precos-da-arroba","status":"publish","type":"post","link":"https:\/\/agromt.news\/?p=18152","title":{"rendered":"Boi gordo tem mais um dia de alta nas cota\u00e7\u00f5es; confira os pre\u00e7os da arroba"},"content":{"rendered":"<p> <br \/>\n<\/p>\n<div>\n<p>O mercado f\u00edsico do boi gordo volta a operar com pre\u00e7os mais altos nesta quarta-feira (6). assim como tem ocorrido ao lingo deste in\u00edcio de agosto. <\/p>\n<p>De acordo com o analista da consultoria Safras &amp; Mercado Fernando Henrique Iglesias, o ambiente de neg\u00f3cios ainda sugere por novos reajustes no curto prazo, considerando a atual posi\u00e7\u00e3o das escalas de abate, em especial entre os frigor\u00edficos de menor porte. <\/p>\n<p>\u201cMais uma vez \u00e9 importante mencionar a expectativa de bom consumo no decorrer da primeira quinzena do m\u00eas, considerando o Dia dos Pais como fator relevante, estimulando a reposi\u00e7\u00e3o ao longo da cadeia produtiva\u201d, diz. <\/p>\n<p>Segundo ele, outro aspecto a ser mencionado, \u00e9 que apesar das quest\u00f5es inerentes ao tarifa\u00e7o, a expectativa ainda \u00e9 de exporta\u00e7\u00f5es recordes de carne bovina na atual temporada.<\/p>\n<ul class=\"wp-block-list\">\n<li><strong>S\u00e3o Paulo:<\/strong> R$ 306,58 \u2014 ontem: R$ 303,67<\/li>\n<li><strong>Goi\u00e1s:<\/strong> R$ 292,14 \u2014 R$ 288,75<\/li>\n<li><strong>Minas Gerais:<\/strong> R$ 295,29 \u2014 R$ 291,76<\/li>\n<li><strong>Mato Grosso do Sul:<\/strong> R$ 308,75 \u2014 R$ 302,73<\/li>\n<li><strong>Mato Grosso:<\/strong> R$ 298,51 \u2014 R$ 297,64<\/li>\n<\/ul>\n<h2 class=\"wp-block-heading\" id=\"h-mercado-atacadista\">Mercado atacadista<\/h2>\n<p>O mercado atacadista teve pre\u00e7os levemente mais altos nesta quarta-feira. Conforme Iglesias, o ambiente de neg\u00f3cios sugere a continuidade deste movimento no curto prazo.<\/p>\n<\/div>\n<div>\n<p>O quarto traseiro ainda \u00e9 precificado a R$ 22,40 por quilo; o dianteiro foi cotado a R$ 17,80 por quilo, alta de R$ 0,30; e a ponta de agulha foi precificada a R$ 17,00 por quilo.<\/p>\n<h2 class=\"wp-block-heading\" id=\"h-exportacoes-de-carne-bovina\">Exporta\u00e7\u00f5es de carne bovina<\/h2>\n<figure class=\"wp-block-image size-large\"><img fetchpriority=\"high\" decoding=\"async\" width=\"1024\" height=\"682\" alt=\"carne bovina exporta\u00e7\u00f5es China\" class=\"wp-image-4081957\"  data-lazy- src=\"https:\/\/agromt.news\/wp-content\/uploads\/2025\/05\/Queda-da-arroba-do-boi-em-maio-e-intensificada-pela.jpg\"\/><img decoding=\"async\" width=\"1024\" height=\"682\" src=\"https:\/\/agromt.news\/wp-content\/uploads\/2025\/05\/Queda-da-arroba-do-boi-em-maio-e-intensificada-pela.jpg\" alt=\"carne bovina exporta\u00e7\u00f5es China\" class=\"wp-image-4081957\"  \/><figcaption class=\"wp-element-caption\">Foto: Pixabay<\/figcaption><\/figure>\n<p>As exporta\u00e7\u00f5es de carne bovina fresca, congelada ou refrigerada do Brasil renderam US$ 1,536 bilh\u00e3o em julho (23 dias \u00fateis), com m\u00e9dia di\u00e1ria de US$ 66,824 milh\u00f5es, segundo dados da Secretaria de Com\u00e9rcio Exterior <strong><a href=\"https:\/\/www.canalrural.com.br\/tag\/secex\">(Secex)<\/a><\/strong>.<\/p>\n<p>A quantidade total exportada pelo pa\u00eds chegou a 276,879 mil toneladas, com m\u00e9dia di\u00e1ria de 12,038 mil toneladas. O pre\u00e7o m\u00e9dio da tonelada ficou em US$ 5.551,00. <\/p>\n<p>Em rela\u00e7\u00e3o a julho de 2024, houve alta de <strong>46,9%<\/strong> no valor m\u00e9dio di\u00e1rio da exporta\u00e7\u00e3o, ganho de <strong>16,7%<\/strong> na quantidade m\u00e9dia di\u00e1ria exportada e avan\u00e7o de <strong>25,9%<\/strong> no pre\u00e7o m\u00e9dio.<\/p>\n<\/p><\/div>\n<p><br \/>\n<br \/><a href=\"https:\/\/www.canalrural.com.br\/pecuaria\/boi-gordo-tem-mais-um-dia-de-alta-nas-cotacoes-confira-os-precos-da-arroba\/\">Source link <\/a><\/p>\n","protected":false},"excerpt":{"rendered":"<p>O mercado f\u00edsico do boi gordo volta a operar com pre\u00e7os mais altos nesta quarta-feira (6). assim como tem ocorrido<\/p>\n","protected":false},"author":1,"featured_media":3980,"comment_status":"open","ping_status":"open","sticky":false,"template":"","format":"standard","meta":{"_monsterinsights_skip_tracking":false,"_monsterinsights_sitenote_active":false,"_monsterinsights_sitenote_note":"","_monsterinsights_sitenote_category":0,"_uf_show_specific_survey":0,"_uf_disable_surveys":false,"footnotes":""},"categories":[1],"tags":[],"class_list":["post-18152","post","type-post","status-publish","format-standard","has-post-thumbnail","hentry","category-news"],"_links":{"self":[{"href":"https:\/\/agromt.news\/index.php?rest_route=\/wp\/v2\/posts\/18152"}],"collection":[{"href":"https:\/\/agromt.news\/index.php?rest_route=\/wp\/v2\/posts"}],"about":[{"href":"https:\/\/agromt.news\/index.php?rest_route=\/wp\/v2\/types\/post"}],"author":[{"embeddable":true,"href":"https:\/\/agromt.news\/index.php?rest_route=\/wp\/v2\/users\/1"}],"replies":[{"embeddable":true,"href":"https:\/\/agromt.news\/index.php?rest_route=%2Fwp%2Fv2%2Fcomments&post=18152"}],"version-history":[{"count":0,"href":"https:\/\/agromt.news\/index.php?rest_route=\/wp\/v2\/posts\/18152\/revisions"}],"wp:featuredmedia":[{"embeddable":true,"href":"https:\/\/agromt.news\/index.php?rest_route=\/wp\/v2\/media\/3980"}],"wp:attachment":[{"href":"https:\/\/agromt.news\/index.php?rest_route=%2Fwp%2Fv2%2Fmedia&parent=18152"}],"wp:term":[{"taxonomy":"category","embeddable":true,"href":"https:\/\/agromt.news\/index.php?rest_route=%2Fwp%2Fv2%2Fcategories&post=18152"},{"taxonomy":"post_tag","embeddable":true,"href":"https:\/\/agromt.news\/index.php?rest_route=%2Fwp%2Fv2%2Ftags&post=18152"}],"curies":[{"name":"wp","href":"https:\/\/api.w.org\/{rel}","templated":true}]}}