{"id":18150,"date":"2025-08-06T18:25:09","date_gmt":"2025-08-06T22:25:09","guid":{"rendered":"https:\/\/agromt.news\/?p=18150"},"modified":"2025-08-06T18:25:09","modified_gmt":"2025-08-06T22:25:09","slug":"senepol-raca-de-corte-surpreende-em-aptidao-leiteira-saiba-se-isso-e-normal","status":"publish","type":"post","link":"https:\/\/agromt.news\/?p=18150","title":{"rendered":"Senepol: ra\u00e7a de corte surpreende em aptid\u00e3o leiteira. Saiba se isso \u00e9 normal"},"content":{"rendered":"<p> <br \/>\n<\/p>\n<div>\n<p>Pecuaristas, a ra\u00e7a <strong>senepol<\/strong> \u00e9 reconhecida por sua excelente habilidade materna e convers\u00e3o de carne, mas o que acontece quando uma vaca da ra\u00e7a produz <strong>10 litros de leite por dia<\/strong>? Essa d\u00favida veio de <strong>Marcos Dias<\/strong>, pecuarista no <strong>estado de Minas Gerais<\/strong>, que se surpreendeu com a produ\u00e7\u00e3o leiteira de seus animais.<\/p>\n<figure class=\"wp-block-embed is-type-video is-provider-youtube wp-block-embed-youtube wp-embed-aspect-16-9 wp-has-aspect-ratio\">\n<p>\n<iframe title=\"SENEPOL LEITEIRO? VACAS D\u00c3O 10 LITROS POR DIA EM MINAS. SAIBA SE ISSO \u00c9 NORMAL\" width=\"800\" height=\"450\" src=\"https:\/\/www.youtube.com\/embed\/_NkesaXwZ9U?feature=oembed\" frameborder=\"0\" allow=\"accelerometer; autoplay; clipboard-write; encrypted-media; gyroscope; picture-in-picture; web-share\" referrerpolicy=\"strict-origin-when-cross-origin\" allowfullscreen><\/iframe><noscript><iframe title=\"SENEPOL LEITEIRO? VACAS D\u00c3O 10 LITROS POR DIA EM MINAS. SAIBA SE ISSO \u00c9 NORMAL\" width=\"800\" height=\"450\" src=\"https:\/\/www.youtube.com\/embed\/_NkesaXwZ9U?feature=oembed\" frameborder=\"0\" allow=\"accelerometer; autoplay; clipboard-write; encrypted-media; gyroscope; picture-in-picture; web-share\" referrerpolicy=\"strict-origin-when-cross-origin\" allowfullscreen><\/iframe><\/noscript>\n<\/p>\n<\/figure>\n<p>Nesta quarta-feira (6), o zootecnista <strong>Guilherme Marquez<\/strong>, especialista em gen\u00e9tica de gado de leite e embaixador de conte\u00fado do <strong>Giro do Boi<\/strong>, respondeu a essa pergunta no quadro \u201cGiro do Boi Responde\u201d.<\/p>\n<p>Marquez esclareceu que, embora o <a href=\"https:\/\/girodoboi.canalrural.com.br\/pecuaria\/racas\/senepol\/\">senepol<\/a> seja uma ra\u00e7a de corte, sua <a href=\"https:\/\/girodoboi.canalrural.com.br\/pecuaria\/touro-ou-vaca-qual-dos-dois-tem-mais-peso-para-a-genetica-leiteira-do-rebanho\/\">aptid\u00e3o leiteira<\/a> para a cria pode surpreender.<\/p>\n<h2 class=\"wp-block-heading\" id=\"h-o-senepol-na-producao-de-leite-e-a-genetica-de-corte\">O senepol na produ\u00e7\u00e3o de leite e a gen\u00e9tica de corte<\/h2>\n<figure class=\"wp-block-image size-large\"><img fetchpriority=\"high\" decoding=\"async\" width=\"1024\" height=\"576\" alt=\"Bovinos da ra\u00e7a Senepol. Foto: Divulga\u00e7\u00e3o\/ABCB Senepol\" class=\"wp-image-4115440\"  data-lazy- src=\"https:\/\/agromt.news\/wp-content\/uploads\/2025\/08\/Senepol-raca-de-corte-surpreende-em-aptidao-leiteira-Saiba-se.jpg\"\/><img decoding=\"async\" width=\"1024\" height=\"576\" src=\"https:\/\/agromt.news\/wp-content\/uploads\/2025\/08\/Senepol-raca-de-corte-surpreende-em-aptidao-leiteira-Saiba-se.jpg\" alt=\"Bovinos da ra\u00e7a Senepol. Foto: Divulga\u00e7\u00e3o\/ABCB Senepol\" class=\"wp-image-4115440\"  \/><figcaption class=\"wp-element-caption\">Bovinos da ra\u00e7a Senepol. Foto: Divulga\u00e7\u00e3o\/ABCB Senepol<\/figcaption><\/figure>\n<p>Guilherme Marquez explica que a ra\u00e7a <strong>senepol<\/strong> \u00e9, de fato, voltada para a produ\u00e7\u00e3o de carne, e n\u00e3o de leite em escala comercial.<\/p>\n<p>O senepol, tamb\u00e9m conhecido como um \u201c<a href=\"https:\/\/girodoboi.canalrural.com.br\/pecuaria\/racas\/taurino-tropical-criador-da-raca-caracu-alia-produtividade-com-qualidade-da-carne\/\">taurino tropical<\/a>\u201c, \u00e9 apreciado por seu pelo curto e resist\u00eancia ao clima, o que o torna ideal para a pecu\u00e1ria de corte em ambientes quentes.<\/p>\n<p>O fato de uma vaca senepol produzir 10 litros de leite \u00e9 um \u201c<em>outlier<\/em>\u201c, um fen\u00f4meno que a coloca muito acima da m\u00e9dia da popula\u00e7\u00e3o da ra\u00e7a. Mesmo que o senepol tenha uma boa produ\u00e7\u00e3o leiteira para o seu bezerro, n\u00e3o \u00e9 uma ra\u00e7a especializada para a produ\u00e7\u00e3o de leite em escala comercial.<\/p>\n<\/div>\n<div>\n<p>Portanto, a resposta \u00e0 pergunta de Marcos Dias \u00e9 que essa produ\u00e7\u00e3o, embora seja \u00f3tima, n\u00e3o \u00e9 o padr\u00e3o da ra\u00e7a, mas sim uma caracter\u00edstica excepcional daquela vaca espec\u00edfica.<\/p>\n<p>Se o objetivo \u00e9 melhorar a produ\u00e7\u00e3o de leite na fazenda, a recomenda\u00e7\u00e3o \u00e9 cruzar o rebanho com ra\u00e7as especializadas, como o <strong><a href=\"https:\/\/girodoboi.canalrural.com.br\/pecuaria\/gir-leiteiro-qual-a-quantidade-de-vacas-para-iniciar-uma-producao-numa-area-de-15-hectares\/\">gir leiteiro<\/a><\/strong> e o <strong><a href=\"https:\/\/girodoboi.canalrural.com.br\/pecuaria\/racas\/girolando-faz-29-anos-reunindo-recordes-de-registros-genealogicos-e-de-venda-de-semen\/\">girolando<\/a><\/strong>, que s\u00e3o \u00f3timas op\u00e7\u00f5es para produ\u00e7\u00e3o a pasto e em climas tropicais.<\/p>\n<h2 class=\"wp-block-heading\" id=\"h-manejo-da-vaca-de-alta-producao-e-do-bezerro\">Manejo da vaca de alta produ\u00e7\u00e3o e do bezerro<\/h2>\n<figure class=\"wp-block-image size-large\"><img decoding=\"async\" width=\"1024\" height=\"576\" alt=\"Bovinos da ra\u00e7a Senepol. Foto: Divulga\u00e7\u00e3o\/ABCB Senepol\" class=\"wp-image-4115443\"  data-lazy- src=\"https:\/\/agromt.news\/wp-content\/uploads\/2025\/08\/1754519109_437_Senepol-raca-de-corte-surpreende-em-aptidao-leiteira-Saiba-se.jpg\"\/><img loading=\"lazy\" decoding=\"async\" width=\"1024\" height=\"576\" src=\"https:\/\/agromt.news\/wp-content\/uploads\/2025\/08\/1754519109_437_Senepol-raca-de-corte-surpreende-em-aptidao-leiteira-Saiba-se.jpg\" alt=\"Bovinos da ra\u00e7a Senepol. Foto: Divulga\u00e7\u00e3o\/ABCB Senepol\" class=\"wp-image-4115443\"  \/><figcaption class=\"wp-element-caption\">Bovinos da ra\u00e7a Senepol. Foto: Divulga\u00e7\u00e3o\/ABCB Senepol<\/figcaption><\/figure>\n<p>Para a vaca de Marcos Dias, que j\u00e1 tem tr\u00eas crias e produz 10 litros, o especialista oferece orienta\u00e7\u00f5es de manejo, que dependem se o animal est\u00e1 na ordenha ou n\u00e3o:<\/p>\n<ul class=\"wp-block-list\">\n<li><strong>Na ordenha:<\/strong> Se a vaca est\u00e1 sendo ordenhada, a recomenda\u00e7\u00e3o \u00e9 deixar um ou dois tetos para o bezerro e ordenhar o restante. Depois, deixe o bezerro com ela por cerca de duas horas \u00e0 tarde para que ele consuma o leite residual, o que contribui para sua nutri\u00e7\u00e3o.<\/li>\n<li><strong>Fora da ordenha:<\/strong> Se a vaca n\u00e3o estiver na ordenha, o bezerro naturalmente ir\u00e1 diminuir a produ\u00e7\u00e3o de leite da m\u00e3e com o tempo, \u00e0 medida que cresce e come\u00e7a a consumir alimentos s\u00f3lidos na pastagem.<\/li>\n<\/ul>\n<p>\u00c9 importante lembrar que o bezerro em aleitamento pode beber at\u00e9 <strong>8 ou 9 litros de leite por dia<\/strong> e come\u00e7a a consumir s\u00f3lidos por volta de <strong>5 a 9 semanas de vida<\/strong>. O manejo correto \u00e9 crucial para o desenvolvimento saud\u00e1vel do bezerro e para a sa\u00fade da matriz.<\/p>\n<\/p><\/div>\n<p><br \/>\n<br \/><a href=\"https:\/\/www.canalrural.com.br\/pecuaria\/senepol-raca-de-corte-surpreende-em-aptidao-leiteira-saiba-se-isso-e-normal\/\">Source link <\/a><\/p>\n","protected":false},"excerpt":{"rendered":"<p>Pecuaristas, a ra\u00e7a senepol \u00e9 reconhecida por sua excelente habilidade materna e convers\u00e3o de carne, mas o que acontece quando<\/p>\n","protected":false},"author":1,"featured_media":18151,"comment_status":"open","ping_status":"open","sticky":false,"template":"","format":"standard","meta":{"_monsterinsights_skip_tracking":false,"_monsterinsights_sitenote_active":false,"_monsterinsights_sitenote_note":"","_monsterinsights_sitenote_category":0,"_uf_show_specific_survey":0,"_uf_disable_surveys":false,"footnotes":""},"categories":[1],"tags":[],"class_list":["post-18150","post","type-post","status-publish","format-standard","has-post-thumbnail","hentry","category-news"],"_links":{"self":[{"href":"https:\/\/agromt.news\/index.php?rest_route=\/wp\/v2\/posts\/18150"}],"collection":[{"href":"https:\/\/agromt.news\/index.php?rest_route=\/wp\/v2\/posts"}],"about":[{"href":"https:\/\/agromt.news\/index.php?rest_route=\/wp\/v2\/types\/post"}],"author":[{"embeddable":true,"href":"https:\/\/agromt.news\/index.php?rest_route=\/wp\/v2\/users\/1"}],"replies":[{"embeddable":true,"href":"https:\/\/agromt.news\/index.php?rest_route=%2Fwp%2Fv2%2Fcomments&post=18150"}],"version-history":[{"count":0,"href":"https:\/\/agromt.news\/index.php?rest_route=\/wp\/v2\/posts\/18150\/revisions"}],"wp:featuredmedia":[{"embeddable":true,"href":"https:\/\/agromt.news\/index.php?rest_route=\/wp\/v2\/media\/18151"}],"wp:attachment":[{"href":"https:\/\/agromt.news\/index.php?rest_route=%2Fwp%2Fv2%2Fmedia&parent=18150"}],"wp:term":[{"taxonomy":"category","embeddable":true,"href":"https:\/\/agromt.news\/index.php?rest_route=%2Fwp%2Fv2%2Fcategories&post=18150"},{"taxonomy":"post_tag","embeddable":true,"href":"https:\/\/agromt.news\/index.php?rest_route=%2Fwp%2Fv2%2Ftags&post=18150"}],"curies":[{"name":"wp","href":"https:\/\/api.w.org\/{rel}","templated":true}]}}