{"id":18147,"date":"2025-08-06T18:10:20","date_gmt":"2025-08-06T22:10:20","guid":{"rendered":"https:\/\/agromt.news\/?p=18147"},"modified":"2025-08-06T18:10:20","modified_gmt":"2025-08-06T22:10:20","slug":"quem-desmata-perdera-acesso-ao-credito-rural","status":"publish","type":"post","link":"https:\/\/agromt.news\/?p=18147","title":{"rendered":"Quem desmata perder\u00e1 acesso ao cr\u00e9dito rural"},"content":{"rendered":"<p> <br \/>\n<\/p>\n<div>\n<div class=\"row\">\n<div class=\"col-lg col-infos mt-0 mt-lg-0\">\n<div class=\"section-sub-title\">\n<p itemprop=\"description\">&#13;<br \/>\n                                &#8220;Estamos falando de milh\u00f5es de \u00e1reas com apontamentos pass\u00edveis de revis\u00e3o t\u00e9cnica&#8221;&#13;\n                            <\/p>\n<\/p><\/div>\n<div class=\"container\">\n<div class=\"row\">\n<div class=\"col-lg p-0\">\n<div>\n<div class=\"block-news-main-infos mt-3 text-start\">\n<p>                                            <strong class=\"fn\" itemprop=\"author\" style=\"color: rgb(112, 112, 112); \">&#13;<br \/>\n                                                <a href=\"https:\/\/www.agrolink.com.br\/noticias\/javascript:;\" class=\"text-uppercase\" target=\"_blank\" style=\"color: rgb(112, 112, 112); \" rel=\"noopener\">Agrolink<\/a>&#13;<br \/>\n&#13;<br \/>\n                                                    &#8211; Leonardo Gottems&#13;<br \/>\n&#13;<br \/>\n                                            <\/strong><br \/>\n                                        <\/p>\n<p>                                            <abbr><time datetime=\"2025-08-06T06:56\" itemprop=\"datePublished dateModified\">Publicado em 06\/08\/2025 \u00e0s 06:56h.<\/time><\/abbr><br \/>\n                                            <\/p><\/div>\n<\/p><\/div>\n<\/p><\/div>\n<div class=\"col-lg p-0 text-lg-end\">\n<div>\n<div id=\"mdEnviarPagina\" class=\"modal fade\" role=\"dialog\">\n<div class=\"modal-dialog\">\n<div class=\"modal-content\">\n<div class=\"modal-body\">\n<p><strong>Estimado usu\u00e1rio.<\/strong><br \/>Preencha o formul\u00e1rio abaixo para remeter a p\u00e1gina.<\/p>\n<\/p><\/div>\n<\/p><\/div>\n<\/p><\/div>\n<\/div><\/div>\n<\/p><\/div>\n<\/p><\/div>\n<\/p><\/div>\n<\/p><\/div>\n<\/p><\/div>\n<div class=\"row justify-content-md-center mt-3\">\n<div class=\"col-lg-auto col-image block-news-main-image\">\n<p>                                <img decoding=\"async\" src=\"https:\/\/www.agrolink.com.br\/upload\/imagens-resizes\/6b311ea81a954278bfe1949ba1c68ffa_858x483.jpg\" class=\"lazyload img-fluid\" alt=\"&quot;Estamos falando de milh\u00f5es de \u00e1reas com apontamentos pass\u00edveis de revis\u00e3o t\u00e9cnica&quot;\"\/><br \/>\n                                                <span class=\"d-block mt-1\">&#8220;Estamos falando de milh\u00f5es de \u00e1reas com apontamentos pass\u00edveis de revis\u00e3o t\u00e9cnica&#8221; &#8211; Foto: Divulga\u00e7\u00e3o<\/span><\/p><\/div>\n<\/p><\/div>\n<div class=\"section-description section-description-noticias mt-3\">\n<p>A partir de 2 de janeiro de 2026, produtores rurais com registros de desmatamento no sistema PRODES n\u00e3o poder\u00e3o mais contratar cr\u00e9dito rural. A medida est\u00e1 prevista na Resolu\u00e7\u00e3o n\u00ba 5.193 do Conselho Monet\u00e1rio Nacional (CMN), publicada pelo Banco Central, e refor\u00e7a as exig\u00eancias ambientais para a libera\u00e7\u00e3o de financiamento no campo.&#13;\n<\/p>\n<p>Atualmente, mais de 5,4 milh\u00f5es de \u00e1reas no Brasil t\u00eam apontamentos ativos no PRODES. Os estados mais impactados s\u00e3o Par\u00e1 (877 mil \u00e1reas), Goi\u00e1s (666 mil), Minas Gerais (555 mil) e Mato Grosso (234 mil). A nova regra representa um desafio para o agroneg\u00f3cio, que depende fortemente do cr\u00e9dito rural.<\/p>\n<p>Segundo a SpotSat, empresa especializada em verifica\u00e7\u00e3o t\u00e9cnica dos dados do PRODES, muitos registros podem conter erros de interpreta\u00e7\u00e3o e precisam ser revisados. A recomenda\u00e7\u00e3o \u00e9 que produtores busquem comprovar a legalidade de suas \u00e1reas por meio de imagens georreferenciadas e relat\u00f3rios certificados.&#13;\n<\/p>\n<p>\u201cEstamos falando de milh\u00f5es de \u00e1reas com apontamentos pass\u00edveis de revis\u00e3o t\u00e9cnica. A partir de 2026, quem n\u00e3o comprovar a legalidade poder\u00e1 perder acesso ao cr\u00e9dito. O produtor precisa agir com anteced\u00eancia\u201d, afirma Jos\u00e9 Renato da Costa Alberto, fundador da SpotSat e especialista em sensoriamento remoto e monitoramento por sat\u00e9lite.<\/p>\n<p>A medida exige aten\u00e7\u00e3o imediata do setor para garantir seguran\u00e7a jur\u00eddica e viabilidade no acesso ao cr\u00e9dito. O uso de tecnologias de sensoriamento remoto e valida\u00e7\u00e3o t\u00e9cnica ser\u00e1 essencial para evitar bloqueios indevidos.<\/p>\n<p>\u201c\u00c9 fundamental garantir que produtores que atuam dentro da legalidade n\u00e3o sejam prejudicados por falhas de interpreta\u00e7\u00e3o nos dados. A decis\u00e3o do CMN \u00e9 importante, mas precisa vir acompanhada de seguran\u00e7a t\u00e9cnica. S\u00f3 assim ser\u00e1 justa para todos\u201d, conclui Jos\u00e9 Renato.<br \/>&#13;<br \/>\n\u00a0&#13;\n<\/p>\n<\/p><\/div>\n<\/p><\/div>\n<p><script data-cfasync=\"false\">\n    !function (f, b, e, v, n, t, s) {\n        if (f.fbq) return; n = f.fbq = function () {\n            n.callMethod ?\n                n.callMethod.apply(n, arguments) : n.queue.push(arguments)\n        };\n        if (!f._fbq) f._fbq = n; n.push = n; n.loaded = !0; n.version = '2.0';\n        n.queue = []; t = b.createElement(e); t.async = !0;\n        t.src = v; s = b.getElementsByTagName(e)[0];\n        s.parentNode.insertBefore(t, s)\n    }(window, document, 'script',\n        'https:\/\/connect.facebook.net\/en_US\/fbevents.js');\n    fbq('init', '522546078623747');\n    fbq('track', 'PageView');\n<\/script><br \/>\n<br \/><br \/>\n<br \/><a href=\"https:\/\/www.agrolink.com.br\/noticias\/quem-desmata-perdera-acesso-ao-credito-rural_504669.html\">Source link <\/a><\/p>\n","protected":false},"excerpt":{"rendered":"<p>&#13; &#8220;Estamos falando de milh\u00f5es de \u00e1reas com apontamentos pass\u00edveis de revis\u00e3o t\u00e9cnica&#8221;&#13; &#13; Agrolink&#13; &#13; &#8211; Leonardo Gottems&#13; &#13;<\/p>\n","protected":false},"author":1,"featured_media":3127,"comment_status":"open","ping_status":"open","sticky":false,"template":"","format":"standard","meta":{"_monsterinsights_skip_tracking":false,"_monsterinsights_sitenote_active":false,"_monsterinsights_sitenote_note":"","_monsterinsights_sitenote_category":0,"_uf_show_specific_survey":0,"_uf_disable_surveys":false,"footnotes":""},"categories":[8,1,14],"tags":[],"class_list":["post-18147","post","type-post","status-publish","format-standard","has-post-thumbnail","hentry","category-agro","category-news","category-politica-agro"],"_links":{"self":[{"href":"https:\/\/agromt.news\/index.php?rest_route=\/wp\/v2\/posts\/18147"}],"collection":[{"href":"https:\/\/agromt.news\/index.php?rest_route=\/wp\/v2\/posts"}],"about":[{"href":"https:\/\/agromt.news\/index.php?rest_route=\/wp\/v2\/types\/post"}],"author":[{"embeddable":true,"href":"https:\/\/agromt.news\/index.php?rest_route=\/wp\/v2\/users\/1"}],"replies":[{"embeddable":true,"href":"https:\/\/agromt.news\/index.php?rest_route=%2Fwp%2Fv2%2Fcomments&post=18147"}],"version-history":[{"count":0,"href":"https:\/\/agromt.news\/index.php?rest_route=\/wp\/v2\/posts\/18147\/revisions"}],"wp:featuredmedia":[{"embeddable":true,"href":"https:\/\/agromt.news\/index.php?rest_route=\/wp\/v2\/media\/3127"}],"wp:attachment":[{"href":"https:\/\/agromt.news\/index.php?rest_route=%2Fwp%2Fv2%2Fmedia&parent=18147"}],"wp:term":[{"taxonomy":"category","embeddable":true,"href":"https:\/\/agromt.news\/index.php?rest_route=%2Fwp%2Fv2%2Fcategories&post=18147"},{"taxonomy":"post_tag","embeddable":true,"href":"https:\/\/agromt.news\/index.php?rest_route=%2Fwp%2Fv2%2Ftags&post=18147"}],"curies":[{"name":"wp","href":"https:\/\/api.w.org\/{rel}","templated":true}]}}