{"id":18144,"date":"2025-08-06T17:43:09","date_gmt":"2025-08-06T21:43:09","guid":{"rendered":"https:\/\/agromt.news\/?p=18144"},"modified":"2025-08-06T17:43:09","modified_gmt":"2025-08-06T21:43:09","slug":"sem-reacao-mercado-de-soja-nao-anima-mas-diferentes-regioes-apresentam-alta-nos-precos","status":"publish","type":"post","link":"https:\/\/agromt.news\/?p=18144","title":{"rendered":"Sem rea\u00e7\u00e3o? Mercado de soja n\u00e3o anima, mas diferentes regi\u00f5es apresentam alta nos pre\u00e7os"},"content":{"rendered":"<p> <br \/>\n<br \/><img decoding=\"async\" src=\"https:\/\/agromt.news\/wp-content\/uploads\/2025\/08\/Sem-reacao-Mercado-de-soja-nao-anima-mas-diferentes-regioes.jpg\" \/><\/p>\n<div>\n<p>O <a href=\"https:\/\/www.canalrural.com.br\/?s=mercado+de+soja\">mercado brasileiro<\/a> de soja teve uma quarta-feira (6) de pouca movimenta\u00e7\u00e3o. De acordo com Rafael Silveira, analista da <a href=\"https:\/\/safras.com.br\/\">Safras &amp; Mercado<\/a>, os neg\u00f3cios foram pontuais, com os portos operando em ritmo lento diante da nova queda dos contratos futuros em Chicago e da forte desvaloriza\u00e7\u00e3o do d\u00f3lar. Apesar dos pr\u00eamios ainda firmes, o mercado n\u00e3o reagiu. As cota\u00e7\u00f5es ca\u00edram levemente no spot, refletindo a baixa oferta.<\/p>\n<ul class=\"wp-block-list\">\n<li><strong><em>Fique por dentro das novidades e not\u00edcias recentes sobre a soja! Participe da nossa comunidade atrav\u00e9s do\u00a0<a href=\"https:\/\/chat.whatsapp.com\/BmMRwA0TZ2DHGyhzoaVEWu\">link<\/a>! \ud83c\udf31<\/em><\/strong><\/li>\n<\/ul>\n<p>No interior, os pre\u00e7os continuam descolados da l\u00f3gica da paridade de exporta\u00e7\u00e3o. S\u00e3o as refer\u00eancias locais que definem os valores, com spreads consider\u00e1veis entre vendedores e compradores ,em alguns casos, entre R$ 5 e R$ 6, mesmo com prazos mais longos para pagamento. Esse cen\u00e1rio tem dificultado o fechamento de neg\u00f3cios, mesmo com um basis ainda atrativo para o produtor. <\/p>\n<p>A oferta continua contida, com o produtor retendo a soja e pressionando a ind\u00fastria, enquanto os compradores mant\u00eam ofertas cautelosas diante das margens apertadas. Resultado: mercado travado, com poucos volumes negociados.<\/p>\n<h2 class=\"wp-block-heading\" id=\"h-soja-no-brasil\">Soja no Brasil<\/h2>\n<ul class=\"wp-block-list\">\n<li><strong>Passo Fundo (RS)<\/strong>: manteve em 132,00<\/li>\n<li><strong>Santa Rosa (RS)<\/strong>: manteve em 133,00<\/li>\n<li><strong>Rio Grande (RS)<\/strong>: caiu de 141,00 para 139,00<\/li>\n<li><strong>Cascavel (PR)<\/strong>: subiu de 133,00 para 134,00<\/li>\n<li><strong>Paranagu\u00e1 (PR)<\/strong>: caiu de 140,00 para 139,00<\/li>\n<li><strong>Rondon\u00f3polis (MT)<\/strong>: subiu de 122,00 para 123,00<\/li>\n<li><strong>Dourados (MS)<\/strong>: caiu de 123,00 para 121,50<\/li>\n<li><strong>Rio Verde (GO)<\/strong>: subiu de 123,00 para 125,00<\/li>\n<\/ul>\n<\/div>\n<div>\n<h2 class=\"wp-block-heading\" id=\"h-soja-em-chicago\">Soja em Chicago<\/h2>\n<p>Os contratos futuros da soja na Bolsa de Chicago encerraram o dia com queda. Ap\u00f3s come\u00e7arem em alta, os pre\u00e7os recuaram diante de fundamentos mais fortes no mercado, especialmente pela queda de mais de 1% no farelo. O clima favor\u00e1vel ao desenvolvimento das lavouras nos EUA segue pressionando as cota\u00e7\u00f5es, indicando uma safra cheia e aumento da oferta global.<\/p>\n<h2 class=\"wp-block-heading\" id=\"h-usda\">USDA<\/h2>\n<p>Al\u00e9m disso, o mercado come\u00e7a a se posicionar \u00e0 espera do pr\u00f3ximo relat\u00f3rio do Departamento de Agricultura dos Estados Unidos (<a href=\"https:\/\/www.canalrural.com.br\/?s=USDA\">USDA<\/a>), previsto para o dia 12 de agosto.<\/p>\n<p>O contrato setembro da soja em gr\u00e3o caiu 6,00 centavos (0,61%), encerrando a US$ 9,65 1\/2 por bushel. A posi\u00e7\u00e3o novembro fechou a US$ 9,84 1\/2 por bushel, com perda de 6,25 centavos (0,63%).<\/p>\n<p>No farelo, o contrato setembro caiu US$ 4,40 (1,58%), a US$ 272,60 por tonelada. O \u00f3leo com vencimento em setembro fechou em 53,72 centavos de d\u00f3lar, baixa de 0,05 centavo (0,09%).<\/p>\n<h2 class=\"wp-block-heading\" id=\"h-cambio\">C\u00e2mbio <\/h2>\n<p>O d\u00f3lar comercial fechou com queda de 0,77%, cotado a R$ 5,4631 para venda e R$ 5,4611 para compra. A moeda oscilou entre R$ 5,4579 e R$ 5,5114 durante o dia.<\/p>\n<\/p><\/div>\n<p><br \/>\n<br \/><a href=\"https:\/\/www.canalrural.com.br\/agricultura\/projeto-soja-brasil\/sem-reacao-mercado-de-soja-nao-anima-mas-diferentes-regioes-apresentam-alta-nos-precos\/\">Source link <\/a><\/p>\n","protected":false},"excerpt":{"rendered":"<p>O mercado brasileiro de soja teve uma quarta-feira (6) de pouca movimenta\u00e7\u00e3o. De acordo com Rafael Silveira, analista da Safras<\/p>\n","protected":false},"author":1,"featured_media":18145,"comment_status":"open","ping_status":"open","sticky":false,"template":"","format":"standard","meta":{"_monsterinsights_skip_tracking":false,"_monsterinsights_sitenote_active":false,"_monsterinsights_sitenote_note":"","_monsterinsights_sitenote_category":0,"_uf_show_specific_survey":0,"_uf_disable_surveys":false,"footnotes":""},"categories":[1],"tags":[],"class_list":["post-18144","post","type-post","status-publish","format-standard","has-post-thumbnail","hentry","category-news"],"_links":{"self":[{"href":"https:\/\/agromt.news\/index.php?rest_route=\/wp\/v2\/posts\/18144"}],"collection":[{"href":"https:\/\/agromt.news\/index.php?rest_route=\/wp\/v2\/posts"}],"about":[{"href":"https:\/\/agromt.news\/index.php?rest_route=\/wp\/v2\/types\/post"}],"author":[{"embeddable":true,"href":"https:\/\/agromt.news\/index.php?rest_route=\/wp\/v2\/users\/1"}],"replies":[{"embeddable":true,"href":"https:\/\/agromt.news\/index.php?rest_route=%2Fwp%2Fv2%2Fcomments&post=18144"}],"version-history":[{"count":0,"href":"https:\/\/agromt.news\/index.php?rest_route=\/wp\/v2\/posts\/18144\/revisions"}],"wp:featuredmedia":[{"embeddable":true,"href":"https:\/\/agromt.news\/index.php?rest_route=\/wp\/v2\/media\/18145"}],"wp:attachment":[{"href":"https:\/\/agromt.news\/index.php?rest_route=%2Fwp%2Fv2%2Fmedia&parent=18144"}],"wp:term":[{"taxonomy":"category","embeddable":true,"href":"https:\/\/agromt.news\/index.php?rest_route=%2Fwp%2Fv2%2Fcategories&post=18144"},{"taxonomy":"post_tag","embeddable":true,"href":"https:\/\/agromt.news\/index.php?rest_route=%2Fwp%2Fv2%2Ftags&post=18144"}],"curies":[{"name":"wp","href":"https:\/\/api.w.org\/{rel}","templated":true}]}}