{"id":18141,"date":"2025-08-06T17:13:53","date_gmt":"2025-08-06T21:13:53","guid":{"rendered":"https:\/\/agromt.news\/?p=18141"},"modified":"2025-08-06T17:13:53","modified_gmt":"2025-08-06T21:13:53","slug":"lula-quer-decisao-conjunta-do-brics-sobre-tarifas-dos-estados-unidos","status":"publish","type":"post","link":"https:\/\/agromt.news\/?p=18141","title":{"rendered":"Lula quer decis\u00e3o conjunta do Brics sobre tarifas dos Estados Unidos"},"content":{"rendered":"<p> <br \/>\n<br \/><img decoding=\"async\" src=\"https:\/\/agromt.news\/wp-content\/uploads\/2024\/10\/No-Brics-Brasil-defende-meios-alternativos-para-trocas-comerciais.jpg\" \/><\/p>\n<div>\n<p>O presidente Luiz In\u00e1cio Lula da Silva disse nesta quarta-feira (6) que vai conversar com os representantes dos pa\u00edses que integram o Brics sobre a taxa\u00e7\u00e3o dos Estados Unidos aos produtos desses pa\u00edses. <\/p>\n<p>Em entrevista \u00e0 ag\u00eancia de not\u00edcias Reuters, ele informou que pretende ligar para o primeiro-ministro da \u00cdndia, Narendra Modi, e para o presidente da China, Xi Jinping.<\/p>\n<p>\u201cVou tentar fazer uma discuss\u00e3o com eles sobre como cada um est\u00e1 dentro da situa\u00e7\u00e3o, qual \u00e9 a implica\u00e7\u00e3o que tem em cada pa\u00eds, para a gente poder tomar uma decis\u00e3o\u201d, disse Lula, lembrando que o Brics tem dez pa\u00edses no G20, o grupo que re\u00fane 20 das maiores economias do mundo.<\/p>\n<p>No Brasil, entraram em vigor nesta quarta-feira (6) as tarifas de 50% impostas sobre parte das exporta\u00e7\u00f5es brasileiras para os Estados Unidos. Tamb\u00e9m nesta quarta-feira, o presidente norte-americano, Donald Trump, publicou um decreto impondo <strong><a href=\"https:\/\/www.canalrural.com.br\/economia\/trump-impoe-tarifa-extra-de-25-a-india-igualando-as-cobrancas-aplicadas-ao-brasil\/\">tarifa adicional de 25% sobre os produtos da \u00cdndia<\/a><\/strong>, com o argumento de que o pa\u00eds importa direta ou indiretamente petr\u00f3leo russo.<\/p>\n<h2 class=\"wp-block-heading\" id=\"h-prioridade-de-ajudar-empresas-brasileiras\">Prioridade de ajudar empresas brasileiras<\/h2>\n<p>Lula destacou que a prioridade do governo brasileiro, nesse momento, \u00e9 ajudar as empresas nacionais a encontrar novos mercados para seus produtos e cuidar da manuten\u00e7\u00e3o dos empregos.<\/p>\n<p>O texto da medida provis\u00f3ria (MP) com as a\u00e7\u00f5es planejadas pelo governo em resposta ao tarifa\u00e7o deve ser enviado ao Pal\u00e1cio do Planalto pelo Minist\u00e9rio da Fazenda ainda nesta quarta-feira.<\/p>\n<p>Lula ressaltou que n\u00e3o v\u00ea abertura para negocia\u00e7\u00e3o com Trump neste momento.<\/p>\n<p>\u201cEu n\u00e3o liguei porque ele n\u00e3o quer telefonema. N\u00e3o tenho por que ligar para o presidente Trump, porque nas cartas que ele mandou e nas suas decis\u00f5es ele n\u00e3o fala em nenhum momento em negocia\u00e7\u00e3o, o que ele fala \u00e9 em novas amea\u00e7as\u201d, disse Lula.<\/p>\n<\/div>\n<div>\n<p>O presidente brasileiro reafirmou que quer fazer tudo o que for poss\u00edvel antes de \u201ctomar outra medida que signifique que as negocia\u00e7\u00f5es [com os Estados Unidos] acabaram\u201d.<\/p>\n<p>\u201cEu estou fazendo tudo isso [negociando] quando poderia anunciar uma taxa\u00e7\u00e3o dos produtos americanos. N\u00e3o vou fazer porque n\u00e3o quero ter o mesmo comportamento do presidente Trump. Eu quero mostrar que quando um n\u00e3o quer, dois n\u00e3o brigam, e eu n\u00e3o quero brigar com os Estados Unidos\u201d.<\/p>\n<p>O presidente lembrou que o Brasil recebeu o comunicado da taxa\u00e7\u00e3o de forma totalmente autorit\u00e1ria. \u201cN\u00e3o \u00e9 assim que estamos acostumados a negociar\u201d, afirmou.<\/p>\n<h2 class=\"wp-block-heading\" id=\"h-intromissao-inadmissivel\">Intromiss\u00e3o inadmiss\u00edvel<\/h2>\n<p>O presidente Lula afirmou que n\u00e3o \u00e9 admiss\u00edvel que o presidente americano resolva \u201cdar pitaco\u201d no Brasil.<\/p>\n<p>\u201cN\u00e3o \u00e9 uma intromiss\u00e3o pequena, \u00e9 o presidente da Rep\u00fablica dos Estados Unidos achando que pode ditar regras em um pa\u00eds soberano como o Brasil. N\u00e3o \u00e9 admiss\u00edvel que os Estados Unidos e nenhum pa\u00eds grande ou pequeno resolva dar um pitaco na nossa soberania\u201d, afirmou.<\/p>\n<p>\u201cEle que cuide dos Estados Unidos, do Brasil, cuidamos n\u00f3s. S\u00f3 tem um dono esse pa\u00eds, e s\u00f3 um dono que manda no presidente da Rep\u00fablica, \u00e9 o povo, o povo que elegeu, o povo que pode tirar\u201d.<\/p>\n<p>O presidente tamb\u00e9m citou trechos da decis\u00e3o de Trump que criticam a legisla\u00e7\u00e3o brasileira sobre as grandes empresas de tecnologia americanas, as <em>big techs<\/em>.<\/p>\n<p>\u201cEsse pa\u00eds \u00e9 soberano, tem uma Constitui\u00e7\u00e3o, tem uma legisla\u00e7\u00e3o. \u00c9 nossa obriga\u00e7\u00e3o regular o que a gente quiser regular de acordo com os interesses e a cultura do povo brasileiro. Se n\u00e3o quiser regula\u00e7\u00e3o, saia do Brasil\u201d, disse Lula.<\/p>\n<\/p><\/div>\n<p><br \/>\n<br \/><a href=\"https:\/\/www.canalrural.com.br\/politica\/lula-quer-decisao-conjunta-do-brics-sobre-tarifas-dos-estados-unidos\/\">Source link <\/a><\/p>\n","protected":false},"excerpt":{"rendered":"<p>O presidente Luiz In\u00e1cio Lula da Silva disse nesta quarta-feira (6) que vai conversar com os representantes dos pa\u00edses que<\/p>\n","protected":false},"author":1,"featured_media":3823,"comment_status":"open","ping_status":"open","sticky":false,"template":"","format":"standard","meta":{"_monsterinsights_skip_tracking":false,"_monsterinsights_sitenote_active":false,"_monsterinsights_sitenote_note":"","_monsterinsights_sitenote_category":0,"_uf_show_specific_survey":0,"_uf_disable_surveys":false,"footnotes":""},"categories":[1],"tags":[],"class_list":["post-18141","post","type-post","status-publish","format-standard","has-post-thumbnail","hentry","category-news"],"_links":{"self":[{"href":"https:\/\/agromt.news\/index.php?rest_route=\/wp\/v2\/posts\/18141"}],"collection":[{"href":"https:\/\/agromt.news\/index.php?rest_route=\/wp\/v2\/posts"}],"about":[{"href":"https:\/\/agromt.news\/index.php?rest_route=\/wp\/v2\/types\/post"}],"author":[{"embeddable":true,"href":"https:\/\/agromt.news\/index.php?rest_route=\/wp\/v2\/users\/1"}],"replies":[{"embeddable":true,"href":"https:\/\/agromt.news\/index.php?rest_route=%2Fwp%2Fv2%2Fcomments&post=18141"}],"version-history":[{"count":0,"href":"https:\/\/agromt.news\/index.php?rest_route=\/wp\/v2\/posts\/18141\/revisions"}],"wp:featuredmedia":[{"embeddable":true,"href":"https:\/\/agromt.news\/index.php?rest_route=\/wp\/v2\/media\/3823"}],"wp:attachment":[{"href":"https:\/\/agromt.news\/index.php?rest_route=%2Fwp%2Fv2%2Fmedia&parent=18141"}],"wp:term":[{"taxonomy":"category","embeddable":true,"href":"https:\/\/agromt.news\/index.php?rest_route=%2Fwp%2Fv2%2Fcategories&post=18141"},{"taxonomy":"post_tag","embeddable":true,"href":"https:\/\/agromt.news\/index.php?rest_route=%2Fwp%2Fv2%2Ftags&post=18141"}],"curies":[{"name":"wp","href":"https:\/\/api.w.org\/{rel}","templated":true}]}}