{"id":18140,"date":"2025-08-06T17:00:03","date_gmt":"2025-08-06T21:00:03","guid":{"rendered":"https:\/\/agromt.news\/?p=18140"},"modified":"2025-08-06T17:00:03","modified_gmt":"2025-08-06T21:00:03","slug":"como-driblar-as-dificuldades-na-lavoura-de-soja-no-pre-plantio","status":"publish","type":"post","link":"https:\/\/agromt.news\/?p=18140","title":{"rendered":"como driblar as dificuldades na lavoura de soja no pr\u00e9-plantio?"},"content":{"rendered":"<p> <br \/>\n<br \/><img decoding=\"async\" src=\"https:\/\/agromt.news\/wp-content\/uploads\/2025\/04\/Buffon-fala-sobre-os-desafios-logisticos-para-a-soja-durante.png\" \/><\/p>\n<div>\n<p>No \u00faltimo epis\u00f3dio do <a href=\"https:\/\/www.youtube.com\/watch?v=sMm-t0JRvHs&amp;list=PL8fRHJSOpctjR0JNx2YE5uIk_7SyH6RbP&amp;index=14\">podcast <\/a>Soja Brasil, o gerente t\u00e9cnico de soja e algod\u00e3o da Bayer, Felipe Stefaroli, conversou sobre a import\u00e2ncia do <a href=\"https:\/\/www.canalrural.com.br\/?s=manejo+pr%C3%A9-plantio\">manejo pr\u00e9-plantio<\/a> para a cultura da soja. Ele destacou que essa etapa \u00e9 fundamental para garantir uma safra mais produtiva e saud\u00e1vel, enfatizando que o sucesso no campo come\u00e7a muito antes da semeadura.<\/p>\n<p>Assista ao epis\u00f3dio completo:<\/p>\n<figure class=\"wp-block-embed is-type-video is-provider-youtube wp-block-embed-youtube wp-embed-aspect-16-9 wp-has-aspect-ratio\">\n<p>\n<iframe title=\"Cultivares e solo estruturado: aliados no manejo pr\u00e9-plantio\" width=\"800\" height=\"450\" src=\"https:\/\/www.youtube.com\/embed\/sMm-t0JRvHs?feature=oembed\" frameborder=\"0\" allow=\"accelerometer; autoplay; clipboard-write; encrypted-media; gyroscope; picture-in-picture; web-share\" referrerpolicy=\"strict-origin-when-cross-origin\" allowfullscreen><\/iframe>\n<\/p>\n<\/figure>\n<ul class=\"wp-block-list\">\n<li><strong><em>Fique por dentro das novidades e not\u00edcias recentes sobre a soja! Participe da nossa comunidade atrav\u00e9s do\u00a0<a href=\"https:\/\/chat.whatsapp.com\/BmMRwA0TZ2DHGyhzoaVEWu\">link<\/a>! \ud83c\udf31<\/em><\/strong><\/li>\n<\/ul>\n<p>Stefaroli compara o manejo pr\u00e9-plantio a um planejamento cuidadoso, semelhante ao que se faz para qualquer projeto importante na vida. \u201cDependendo da regi\u00e3o e da cultura, este \u00e9 o momento de monitorar a \u00e1rea, identificar poss\u00edveis problemas que podem comprometer o desenvolvimento da soja, como plantas daninhas e pragas, e tomar decis\u00f5es para elimin\u00e1-los antes do plantio. Esse cuidado faz toda a diferen\u00e7a para maximizar a produtividade no final da safra\u201d, explica o especialista.<\/p>\n<\/div>\n<div>\n<p>Antes mesmo de iniciar a semeadura, o produtor deve realizar uma an\u00e1lise detalhada da \u00e1rea destinada ao plantio. \u201d\u00c9 fundamental observar quais esp\u00e9cies est\u00e3o presentes no solo e se elas abrigam pragas. Essa avalia\u00e7\u00e3o orienta uma desseca\u00e7\u00e3o eficiente, garantindo que o solo esteja limpo e pronto para receber a cultura\u201d, comenta Felipe.<\/p>\n<p>Al\u00e9m disso, o gerente t\u00e9cnico refor\u00e7a a necessidade do agricultor conhecer bem as plantas daninhas presentes na propriedade, pois algumas delas podem abrigar pragas residentes. \u201c\u00c9 com base nessa informa\u00e7\u00e3o que o produtor decide o melhor momento para a desseca\u00e7\u00e3o da \u00e1rea, com o intuito de evitar competi\u00e7\u00e3o e danos \u00e0 cultura\u201d, pontua.<\/p>\n<p>Para auxiliar nessa etapa, a Bayer oferece um portf\u00f3lio completo de produtos voltados para a desseca\u00e7\u00e3o da soja. A linha principal inclui o glifosato, principal herbicida aplicado nesse momento do manejo, comercializado sob a marca Roundup. A empresa disponibiliza quatro vers\u00f5es do produto: Roundup Original Plus, Handup Transorbr, Roundup WG e Handup Ultra, cada uma com caracter\u00edsticas espec\u00edficas para atender \u00e0s diferentes necessidades do agricultor.<\/p>\n<p>J\u00e1 para os produtores que utilizam a tecnologia Intacta 2 Xtend, a Bayer oferece os produtos Xtendicam e Extend Protect, formulados especialmente para o controle de plantas daninhas de folhas largas, como caruru, bulva e fedegoso.<\/p>\n<\/p><\/div>\n<p><br \/>\n<br \/><a href=\"https:\/\/www.canalrural.com.br\/agricultura\/projeto-soja-brasil\/pragas-e-plantas-daninhas-como-driblar-as-dificuldades-na-lavoura-de-soja-no-pre-plantio\/\">Source link <\/a><\/p>\n","protected":false},"excerpt":{"rendered":"<p>No \u00faltimo epis\u00f3dio do podcast Soja Brasil, o gerente t\u00e9cnico de soja e algod\u00e3o da Bayer, Felipe Stefaroli, conversou sobre<\/p>\n","protected":false},"author":1,"featured_media":12497,"comment_status":"open","ping_status":"open","sticky":false,"template":"","format":"standard","meta":{"_monsterinsights_skip_tracking":false,"_monsterinsights_sitenote_active":false,"_monsterinsights_sitenote_note":"","_monsterinsights_sitenote_category":0,"_uf_show_specific_survey":0,"_uf_disable_surveys":false,"footnotes":""},"categories":[1],"tags":[],"class_list":["post-18140","post","type-post","status-publish","format-standard","has-post-thumbnail","hentry","category-news"],"_links":{"self":[{"href":"https:\/\/agromt.news\/index.php?rest_route=\/wp\/v2\/posts\/18140"}],"collection":[{"href":"https:\/\/agromt.news\/index.php?rest_route=\/wp\/v2\/posts"}],"about":[{"href":"https:\/\/agromt.news\/index.php?rest_route=\/wp\/v2\/types\/post"}],"author":[{"embeddable":true,"href":"https:\/\/agromt.news\/index.php?rest_route=\/wp\/v2\/users\/1"}],"replies":[{"embeddable":true,"href":"https:\/\/agromt.news\/index.php?rest_route=%2Fwp%2Fv2%2Fcomments&post=18140"}],"version-history":[{"count":0,"href":"https:\/\/agromt.news\/index.php?rest_route=\/wp\/v2\/posts\/18140\/revisions"}],"wp:featuredmedia":[{"embeddable":true,"href":"https:\/\/agromt.news\/index.php?rest_route=\/wp\/v2\/media\/12497"}],"wp:attachment":[{"href":"https:\/\/agromt.news\/index.php?rest_route=%2Fwp%2Fv2%2Fmedia&parent=18140"}],"wp:term":[{"taxonomy":"category","embeddable":true,"href":"https:\/\/agromt.news\/index.php?rest_route=%2Fwp%2Fv2%2Fcategories&post=18140"},{"taxonomy":"post_tag","embeddable":true,"href":"https:\/\/agromt.news\/index.php?rest_route=%2Fwp%2Fv2%2Ftags&post=18140"}],"curies":[{"name":"wp","href":"https:\/\/api.w.org\/{rel}","templated":true}]}}