{"id":18138,"date":"2025-08-06T16:46:17","date_gmt":"2025-08-06T20:46:17","guid":{"rendered":"https:\/\/agromt.news\/?p=18138"},"modified":"2025-08-06T16:46:17","modified_gmt":"2025-08-06T20:46:17","slug":"plano-b-e-b-de-belem-diz-presidente-da-conferencia","status":"publish","type":"post","link":"https:\/\/agromt.news\/?p=18138","title":{"rendered":"&#8216;Plano B \u00e9 B de Bel\u00e9m&#8217;, diz presidente da confer\u00eancia"},"content":{"rendered":"<p> <br \/>\n<br \/><img decoding=\"async\" src=\"https:\/\/agromt.news\/wp-content\/uploads\/2025\/08\/Plano-B-e-B-de-Belem-diz-presidente-da-conferencia.jpg\" \/><\/p>\n<div>\n<p>A COP30 est\u00e1 confirmada para acontecer em Bel\u00e9m, no Par\u00e1, entre 10 e 21 de novembro de 2025. \u201cN\u00e3o h\u00e1 plano B. O plano B \u00e9 B de Bel\u00e9m\u201d, garantiu o presidente da confer\u00eancia, o embaixador <strong><a href=\"http:\/\/www.canalrural.com.br\/tag\/andre-correa-do-lago\/\">Andr\u00e9 Corr\u00eaa do Lago<\/a><\/strong>, em audi\u00eancia na C\u00e2mara dos Deputados nesta quarta-feira (6). Apesar das cr\u00edticas \u00e0 alta nos pre\u00e7os da hospedagem, especialmente para delega\u00e7\u00f5es de pa\u00edses menos desenvolvidos, o diplomata descartou qualquer mudan\u00e7a de sede.<\/p>\n<p>Corr\u00eaa do Lago demonstrou preocupa\u00e7\u00e3o com o poss\u00edvel impacto da infla\u00e7\u00e3o hoteleira sobre a participa\u00e7\u00e3o de representantes da sociedade civil e de pa\u00edses mais pobres. \u201cEvidentemente eu quero que todos participem, porque sen\u00e3o dizem que n\u00e3o vai ser leg\u00edtimo se os pa\u00edses mais pobres n\u00e3o puderem estar presentes\u201d, afirmou.<\/p>\n<p>Segundo o embaixador, delega\u00e7\u00f5es estrangeiras, inclusive de pa\u00edses ricos, t\u00eam questionado os custos. Ele destacou que, enquanto \u00e9 comum os pre\u00e7os subirem de duas a tr\u00eas vezes em eventos como este, as di\u00e1rias em Bel\u00e9m est\u00e3o entre dez e 15 vezes mais altas que o normal.<\/p>\n<p>A situa\u00e7\u00e3o j\u00e1 levou o presidente da \u00c1ustria, Alexander Van der Bellen, a cancelar sua viagem ao Brasil. Em seu lugar, vir\u00e1 o ministro do Clima e Prote\u00e7\u00e3o Ambiental, Norbert Totschnig. <\/p>\n<p>\u201cUm pa\u00eds rico disse que n\u00e3o pode pagar os hot\u00e9is de Bel\u00e9m porque o Parlamento n\u00e3o autoriza, j\u00e1 que a viagem presidencial custaria uma fortuna. Isso realmente impressiona\u201d, comentou Corr\u00eaa do Lago.<\/p>\n<h3 class=\"wp-block-heading\" id=\"h-governo-federal-busca-solucoes-para-conter-precos-abusivos\">Governo federal busca solu\u00e7\u00f5es para conter pre\u00e7os abusivos<\/h3>\n<p>De acordo com o embaixador, as quest\u00f5es estruturais e log\u00edsticas do evento s\u00e3o de responsabilidade da Secretaria Extraordin\u00e1ria da COP30 (Secop), vinculada \u00e0 Casa Civil da Presid\u00eancia da Rep\u00fablica. Ele afirmou que, embora a legisla\u00e7\u00e3o brasileira permita que hot\u00e9is fixem seus pre\u00e7os, medidas est\u00e3o sendo estudadas junto a \u00f3rg\u00e3os de defesa do consumidor para coibir abusos.<\/p>\n<p>Durante visita recente a Bel\u00e9m, o ministro do Turismo, Celso Sabino, assegurou que a maioria das delega\u00e7\u00f5es conseguir\u00e1 hospedagem a pre\u00e7os justos. \u201cO governo est\u00e1 atuando fortemente para que n\u00e3o haja argumentos de que os leitos est\u00e3o escassos ou com pre\u00e7os exorbitantes. Visitei hot\u00e9is com di\u00e1rias de R\\$ 2 mil a R\\$ 3 mil, que j\u00e1 est\u00e3o sendo entregues\u201d, disse.<\/p>\n<\/div>\n<div>\n<h3 class=\"wp-block-heading\" id=\"h-hospedagem-subsidiada-para-paises-mais-pobres\">Hospedagem subsidiada para pa\u00edses mais pobres<\/h3>\n<p>O plano de hospedagem prev\u00ea quartos com pre\u00e7os fixos para delegados de pa\u00edses menos desenvolvidos e pequenos estados insulares. A estrutura contempla:<\/p>\n<ul class=\"wp-block-list\">\n<li><strong>15 quartos individuais por delega\u00e7\u00e3o<\/strong> para 73 pa\u00edses classificados pela ONU como Pa\u00edses Menos Desenvolvidos (LDCs) e Pequenos Estados Insulares em Desenvolvimento (PEIDs), com di\u00e1rias entre <strong>US$ 100 e US$ 200<\/strong>;<\/li>\n<li><strong>10 quartos individuais por delega\u00e7\u00e3o<\/strong> para os demais pa\u00edses, com tarifas entre <strong>US$ 220 e US\\$ 600<\/strong>.<\/li>\n<\/ul>\n<p>No entanto, mesmo com os subs\u00eddios, o valor m\u00e9dio de US$ 149 por dia oferecido pela ONU ainda \u00e9 insuficiente, diante de hospedagens que chegam a <strong>US$ 700 por noite por pessoa<\/strong>, segundo o embaixador.<\/p>\n<p>\u201cA gente est\u00e1 lutando, mas vamos conseguir garantir a participa\u00e7\u00e3o de todos\u201d, afirmou Corr\u00eaa do Lago. Ele frisou que o evento precisa ser inclusivo e contar com a presen\u00e7a da sociedade civil, do meio acad\u00eamico e do setor empresarial.<\/p>\n<h3 class=\"wp-block-heading\" id=\"h-estrutura-e-legado-para-belem\">Estrutura e legado para Bel\u00e9m<\/h3>\n<p>A previs\u00e3o \u00e9 que a COP30 re\u00fana <strong>cerca de 45 mil participantes<\/strong>. Atualmente, Bel\u00e9m possui <strong>18 mil leitos<\/strong>, mas esse n\u00famero ser\u00e1 ampliado com:<\/p>\n<ul class=\"wp-block-list\">\n<li><strong>Dois navios de cruzeiro<\/strong>, com 3,9 mil cabines e at\u00e9 6 mil leitos;<\/li>\n<li><strong>Tr\u00eas novos hot\u00e9is de alto padr\u00e3o<\/strong>, constru\u00eddos por grupos internacionais;<\/li>\n<li><strong>Parcerias com plataformas como Airbnb e Booking<\/strong>, para aumentar a oferta de im\u00f3veis.<\/li>\n<\/ul>\n<p>Para o presidente da COP30, o evento representa um marco hist\u00f3rico para a Amaz\u00f4nia e trar\u00e1 benef\u00edcios permanentes. \u201cBel\u00e9m ter\u00e1 um legado extremamente positivo, inclusive em infraestrutura e saneamento, com os investimentos que est\u00e3o sendo feitos pelo governo federal\u201d, concluiu.<\/p>\n<p><em>*Com informa\u00e7\u00f5es da Ag\u00eancia Brasil<\/em><\/p>\n<\/p><\/div>\n<p><br \/>\n<br \/><a href=\"https:\/\/www.canalrural.com.br\/cop30\/mesmo-com-precos-altos-cop30-sera-em-belem-plano-b-e-b-de-belem-diz-presidente-da-conferencia\/\">Source link <\/a><\/p>\n","protected":false},"excerpt":{"rendered":"<p>A COP30 est\u00e1 confirmada para acontecer em Bel\u00e9m, no Par\u00e1, entre 10 e 21 de novembro de 2025. \u201cN\u00e3o h\u00e1<\/p>\n","protected":false},"author":1,"featured_media":18139,"comment_status":"open","ping_status":"open","sticky":false,"template":"","format":"standard","meta":{"_monsterinsights_skip_tracking":false,"_monsterinsights_sitenote_active":false,"_monsterinsights_sitenote_note":"","_monsterinsights_sitenote_category":0,"_uf_show_specific_survey":0,"_uf_disable_surveys":false,"footnotes":""},"categories":[1],"tags":[],"class_list":["post-18138","post","type-post","status-publish","format-standard","has-post-thumbnail","hentry","category-news"],"_links":{"self":[{"href":"https:\/\/agromt.news\/index.php?rest_route=\/wp\/v2\/posts\/18138"}],"collection":[{"href":"https:\/\/agromt.news\/index.php?rest_route=\/wp\/v2\/posts"}],"about":[{"href":"https:\/\/agromt.news\/index.php?rest_route=\/wp\/v2\/types\/post"}],"author":[{"embeddable":true,"href":"https:\/\/agromt.news\/index.php?rest_route=\/wp\/v2\/users\/1"}],"replies":[{"embeddable":true,"href":"https:\/\/agromt.news\/index.php?rest_route=%2Fwp%2Fv2%2Fcomments&post=18138"}],"version-history":[{"count":0,"href":"https:\/\/agromt.news\/index.php?rest_route=\/wp\/v2\/posts\/18138\/revisions"}],"wp:featuredmedia":[{"embeddable":true,"href":"https:\/\/agromt.news\/index.php?rest_route=\/wp\/v2\/media\/18139"}],"wp:attachment":[{"href":"https:\/\/agromt.news\/index.php?rest_route=%2Fwp%2Fv2%2Fmedia&parent=18138"}],"wp:term":[{"taxonomy":"category","embeddable":true,"href":"https:\/\/agromt.news\/index.php?rest_route=%2Fwp%2Fv2%2Fcategories&post=18138"},{"taxonomy":"post_tag","embeddable":true,"href":"https:\/\/agromt.news\/index.php?rest_route=%2Fwp%2Fv2%2Ftags&post=18138"}],"curies":[{"name":"wp","href":"https:\/\/api.w.org\/{rel}","templated":true}]}}