{"id":18134,"date":"2025-08-06T16:17:58","date_gmt":"2025-08-06T20:17:58","guid":{"rendered":"https:\/\/agromt.news\/?p=18134"},"modified":"2025-08-06T16:17:58","modified_gmt":"2025-08-06T20:17:58","slug":"evento-em-mt-discute-dificuldades-logisticas-e-autonomia-do-agricultor","status":"publish","type":"post","link":"https:\/\/agromt.news\/?p=18134","title":{"rendered":"Evento em MT discute dificuldades log\u00edsticas e autonomia do agricultor"},"content":{"rendered":"<p> <br \/>\n<br \/><img decoding=\"async\" src=\"https:\/\/agromt.news\/wp-content\/uploads\/2025\/08\/Evento-em-MT-discute-dificuldades-logisticas-e-autonomia-do-agricultor.jpg\" \/><\/p>\n<div>\n<p>Foi iniciado, nesta quarta-feira (6), em Cuiab\u00e1 (MT), o V Simp\u00f3sio T\u00e9cnico promovido pela <a href=\"https:\/\/aprosoja.com.br\/\">Associa\u00e7\u00e3o dos Produtores de Soja e Milho de Mato Grosso<\/a> (Aprosoja MT), com o tema \u201cDo Campo \u00e0 Armazenagem: Sustentabilidade e Autonomia para o Produtor Rural\u201d. O evento segue at\u00e9 esta quinta-feira (7) e re\u00fane produtores, especialistas, pesquisadores e representantes do <a href=\"https:\/\/www.canalrural.com.br\/?s=soja+em+MT\">setor <\/a>agr\u00edcola para debater os principais desafios da produ\u00e7\u00e3o no estado.<\/p>\n<p>Com mais de 600 participantes no primeiro dia, a abertura contou com a presen\u00e7a do ex-Ministro da Agricultura, Ant\u00f4nio Cabrera, que palestrou sobre os impactos da armazenagem nos pre\u00e7os dos alimentos. Segundo ele, a falta de estrutura adequada leva a desperd\u00edcios e reduz a rentabilidade do produtor rural. <\/p>\n<ul class=\"wp-block-list\">\n<li><strong><em>Fique por dentro das novidades e not\u00edcias recentes sobre a soja! Participe da nossa comunidade atrav\u00e9s do\u00a0<a href=\"https:\/\/chat.whatsapp.com\/BmMRwA0TZ2DHGyhzoaVEWu\">link<\/a>! \ud83c\udf31<\/em><\/strong><\/li>\n<\/ul>\n<\/div>\n<div>\n<h2 class=\"wp-block-heading\" id=\"h-compromisso-da-aprosoja-mt\">Compromisso da Aprosoja MT<\/h2>\n<p>O presidente da Aprosoja MT, Lucas Costa Beber, destacou que o Simp\u00f3sio refor\u00e7a o compromisso da entidade em promover debates t\u00e9cnicos e propor solu\u00e7\u00f5es concretas. \u201cA armazenagem \u00e9 um gargalo que afeta diretamente a efici\u00eancia produtiva. Discutir esse tema \u00e9 garantir maior autonomia ao produtor e contribuir com a seguran\u00e7a alimentar do pa\u00eds\u201d, afirmou.<\/p>\n<p>A programa\u00e7\u00e3o tamb\u00e9m inclui pain\u00e9is sobre a cultura do milho, manejo de micronutrientes e sistemas produtivos. Pesquisadores dos CTECNOS da Aprosoja apresentaram resultados de campo, enquanto lideran\u00e7as do setor defenderam a descentraliza\u00e7\u00e3o das estruturas de armazenagem. Para o governo estadual, representado pelo secret\u00e1rio-chefe da Casa Civil, F\u00e1bio Garcia, \u00e9 preciso aproximar os armaz\u00e9ns das propriedades e reduzir a depend\u00eancia das grandes tradings.<\/p>\n<\/p><\/div>\n<p><br \/>\n<br \/><a href=\"https:\/\/www.canalrural.com.br\/agricultura\/projeto-soja-brasil\/evento-em-mt-discute-dificuldades-logisticas-e-autonomia-do-produtor-rural\/\">Source link <\/a><\/p>\n","protected":false},"excerpt":{"rendered":"<p>Foi iniciado, nesta quarta-feira (6), em Cuiab\u00e1 (MT), o V Simp\u00f3sio T\u00e9cnico promovido pela Associa\u00e7\u00e3o dos Produtores de Soja e<\/p>\n","protected":false},"author":1,"featured_media":18135,"comment_status":"open","ping_status":"open","sticky":false,"template":"","format":"standard","meta":{"_monsterinsights_skip_tracking":false,"_monsterinsights_sitenote_active":false,"_monsterinsights_sitenote_note":"","_monsterinsights_sitenote_category":0,"_uf_show_specific_survey":0,"_uf_disable_surveys":false,"footnotes":""},"categories":[1],"tags":[],"class_list":["post-18134","post","type-post","status-publish","format-standard","has-post-thumbnail","hentry","category-news"],"_links":{"self":[{"href":"https:\/\/agromt.news\/index.php?rest_route=\/wp\/v2\/posts\/18134"}],"collection":[{"href":"https:\/\/agromt.news\/index.php?rest_route=\/wp\/v2\/posts"}],"about":[{"href":"https:\/\/agromt.news\/index.php?rest_route=\/wp\/v2\/types\/post"}],"author":[{"embeddable":true,"href":"https:\/\/agromt.news\/index.php?rest_route=\/wp\/v2\/users\/1"}],"replies":[{"embeddable":true,"href":"https:\/\/agromt.news\/index.php?rest_route=%2Fwp%2Fv2%2Fcomments&post=18134"}],"version-history":[{"count":0,"href":"https:\/\/agromt.news\/index.php?rest_route=\/wp\/v2\/posts\/18134\/revisions"}],"wp:featuredmedia":[{"embeddable":true,"href":"https:\/\/agromt.news\/index.php?rest_route=\/wp\/v2\/media\/18135"}],"wp:attachment":[{"href":"https:\/\/agromt.news\/index.php?rest_route=%2Fwp%2Fv2%2Fmedia&parent=18134"}],"wp:term":[{"taxonomy":"category","embeddable":true,"href":"https:\/\/agromt.news\/index.php?rest_route=%2Fwp%2Fv2%2Fcategories&post=18134"},{"taxonomy":"post_tag","embeddable":true,"href":"https:\/\/agromt.news\/index.php?rest_route=%2Fwp%2Fv2%2Ftags&post=18134"}],"curies":[{"name":"wp","href":"https:\/\/api.w.org\/{rel}","templated":true}]}}