{"id":17989,"date":"2025-08-04T15:15:02","date_gmt":"2025-08-04T19:15:02","guid":{"rendered":"https:\/\/agromt.news\/?p=17989"},"modified":"2025-08-04T15:15:02","modified_gmt":"2025-08-04T19:15:02","slug":"reducao-de-abates-deve-limitar-efeitos-do-tarifaco-sobre-o-preco-da-carne-bovina","status":"publish","type":"post","link":"https:\/\/agromt.news\/?p=17989","title":{"rendered":"Redu\u00e7\u00e3o de abates deve limitar efeitos do tarifa\u00e7o sobre o pre\u00e7o da carne bovina"},"content":{"rendered":"<p> <br \/>\n<br \/><img decoding=\"async\" src=\"https:\/\/agromt.news\/wp-content\/uploads\/2024\/11\/MQyeRf4m-boiadaMapa.jpg\" \/><\/p>\n<div>\n<figure class=\"wp-block-embed is-type-video is-provider-youtube wp-block-embed-youtube wp-embed-aspect-16-9 wp-has-aspect-ratio\">\n<p>\n<iframe title=\"Pecuaristas seguram vendas e aguardam estabiliza\u00e7\u00e3o do mercado\" width=\"800\" height=\"450\" src=\"https:\/\/www.youtube.com\/embed\/OqkArIfKgiM?feature=oembed\" frameborder=\"0\" allow=\"accelerometer; autoplay; clipboard-write; encrypted-media; gyroscope; picture-in-picture; web-share\" referrerpolicy=\"strict-origin-when-cross-origin\" allowfullscreen><\/iframe><noscript><iframe title=\"Pecuaristas seguram vendas e aguardam estabiliza\u00e7\u00e3o do mercado\" width=\"800\" height=\"450\" src=\"https:\/\/www.youtube.com\/embed\/OqkArIfKgiM?feature=oembed\" frameborder=\"0\" allow=\"accelerometer; autoplay; clipboard-write; encrypted-media; gyroscope; picture-in-picture; web-share\" referrerpolicy=\"strict-origin-when-cross-origin\" allowfullscreen><\/iframe><\/noscript>\n<\/p>\n<\/figure>\n<p>Diante do an\u00fancio das tarifas adicionais sobre as <a href=\"https:\/\/www.canalrural.com.br\/pecuaria\/mercado-pecuario-assimilou-tarifaco-dos-eua-e-ja-mostra-recuperacao-diz-analista\/\">exporta\u00e7\u00f5es de carne bovina para os Estados Unidos<\/a>, que entram em vigor nesta quarta-feira (6), a Uni\u00e3o Nacional da Pecu\u00e1ria, entidade que representa 45% de todo o rebanho brasileiro, orientou seus associados a vender apenas o necess\u00e1rio para cumprir compromissos j\u00e1 assumidos, at\u00e9 que o mercado se estabilize.<\/p>\n<p>Para Alcides Torres, analista de mercado e diretor da Scot Consultoria, a medida pode ajudar a recuperar os pre\u00e7os para o patamar anterior ao tarifa\u00e7o.<\/p>\n<p>\u201cEssa orienta\u00e7\u00e3o de n\u00e3o vender \u00e9 uma estrat\u00e9gia interessante para estimular a valoriza\u00e7\u00e3o dos pre\u00e7os. No cen\u00e1rio atual, nem se trata exatamente de fazer os pre\u00e7os subirem, mas de recuperar o valor que era praticado antes do an\u00fancio das tarifas. Normalmente, nessa \u00e9poca do ano a oferta j\u00e1 tende a cair naturalmente. Por isso, o impacto negativo foi bem menor do que o mercado esperava. Hoje, inclusive, os pre\u00e7os j\u00e1 come\u00e7aram a reagir. O escoamento da carne melhorou e a oferta est\u00e1 mais restrita, em parte por causa da pr\u00f3pria queda de pre\u00e7os\u201d, explica Alcides.<\/p>\n<p>Ainda de acordo com o diretor da Scot, uma das principais alternativas para lidar com os impactos do tarifa\u00e7o ser\u00e1 o redirecionamento das exporta\u00e7\u00f5es de carne bovina para outros mercados.<\/p>\n<\/div>\n<div>\n<p>\u201cNa pr\u00e1tica, com uma tarifa de 50%, o que temos \u00e9 quase um embargo. Fica invi\u00e1vel competir com esse custo. E o mercado reage muito mais \u00e0s expectativas do que aos fatos em si. Esse clima de inseguran\u00e7a faz o comprador pressionar o pre\u00e7o para baixo. O primeiro impacto foi aqui mesmo, no mercado interno, afetando os pecuaristas, n\u00e3o o consumidor final. De todo modo, apenas 2% da carne brasileira \u00e9 exportada para os Estados Unidos. Por isso, redirecionar esse volume para outros pa\u00edses ser\u00e1 uma tarefa relativamente simples.\u201d<\/p>\n<h2 class=\"wp-block-heading\" id=\"h-queda-no-abate-pode-sustentar-precos\">Queda no abate pode sustentar pre\u00e7os<\/h2>\n<p>Apesar do cen\u00e1rio desafiador, Alcides acredita que, com a redu\u00e7\u00e3o nos abates, as cota\u00e7\u00f5es do boi gordo devem se manter firmes pelos pr\u00f3ximos dois anos.<\/p>\n<p>\u201cEstamos em plena entressafra, com menor oferta de animais prontos para o abate. Mesmo com o mercado externo pressionado, acredito na recupera\u00e7\u00e3o dos pre\u00e7os. A pecu\u00e1ria brasileira \u00e9 muito grande, muito forte, poia exportamos para mais de 125 pa\u00edses. \u00c9 claro que a China \u00e9 o nosso principal destino, mas temos uma pauta diversificada. Al\u00e9m disso, o ciclo de pre\u00e7os na pecu\u00e1ria pesa bastante. Passamos por tr\u00eas anos de abate intenso de f\u00eameas, o rebanho est\u00e1 reduzido, e o pre\u00e7o do gado de reposi\u00e7\u00e3o subiu. Esses fatores mant\u00eam o mercado firme.\u201d, diz Alcides.<\/p>\n<p>\u201cN\u00e3o d\u00e1 para cravar at\u00e9 quanto vai a arroba, mas a tend\u00eancia \u00e9 de firmeza nos pre\u00e7os, tanto nos pr\u00f3ximos meses quanto em 2026 e 2027. Essa queda registrada no final de julho pode ser considerada pontual. O mercado j\u00e1 vinha numa trajet\u00f3ria de alta, o tarifa\u00e7o apenas atrasou esse movimento. Mas esse atraso n\u00e3o pode durar muito. Ainda temos algum al\u00edvio no custo da alimenta\u00e7\u00e3o do gado, como farelo de soja e milho, mas isso tamb\u00e9m tem limite\u201d, complementa o analista.<\/p>\n<\/p><\/div>\n<p><br \/>\n<br \/><a href=\"https:\/\/www.canalrural.com.br\/pecuaria\/reducao-de-abates-deve-limitar-efeitos-do-tarifaco-sobre-o-preco-da-carne-bovina\/\">Source link <\/a><\/p>\n","protected":false},"excerpt":{"rendered":"<p>Diante do an\u00fancio das tarifas adicionais sobre as exporta\u00e7\u00f5es de carne bovina para os Estados Unidos, que entram em vigor<\/p>\n","protected":false},"author":1,"featured_media":4471,"comment_status":"open","ping_status":"open","sticky":false,"template":"","format":"standard","meta":{"_monsterinsights_skip_tracking":false,"_monsterinsights_sitenote_active":false,"_monsterinsights_sitenote_note":"","_monsterinsights_sitenote_category":0,"_uf_show_specific_survey":0,"_uf_disable_surveys":false,"footnotes":""},"categories":[1],"tags":[],"class_list":["post-17989","post","type-post","status-publish","format-standard","has-post-thumbnail","hentry","category-news"],"_links":{"self":[{"href":"https:\/\/agromt.news\/index.php?rest_route=\/wp\/v2\/posts\/17989"}],"collection":[{"href":"https:\/\/agromt.news\/index.php?rest_route=\/wp\/v2\/posts"}],"about":[{"href":"https:\/\/agromt.news\/index.php?rest_route=\/wp\/v2\/types\/post"}],"author":[{"embeddable":true,"href":"https:\/\/agromt.news\/index.php?rest_route=\/wp\/v2\/users\/1"}],"replies":[{"embeddable":true,"href":"https:\/\/agromt.news\/index.php?rest_route=%2Fwp%2Fv2%2Fcomments&post=17989"}],"version-history":[{"count":0,"href":"https:\/\/agromt.news\/index.php?rest_route=\/wp\/v2\/posts\/17989\/revisions"}],"wp:featuredmedia":[{"embeddable":true,"href":"https:\/\/agromt.news\/index.php?rest_route=\/wp\/v2\/media\/4471"}],"wp:attachment":[{"href":"https:\/\/agromt.news\/index.php?rest_route=%2Fwp%2Fv2%2Fmedia&parent=17989"}],"wp:term":[{"taxonomy":"category","embeddable":true,"href":"https:\/\/agromt.news\/index.php?rest_route=%2Fwp%2Fv2%2Fcategories&post=17989"},{"taxonomy":"post_tag","embeddable":true,"href":"https:\/\/agromt.news\/index.php?rest_route=%2Fwp%2Fv2%2Ftags&post=17989"}],"curies":[{"name":"wp","href":"https:\/\/api.w.org\/{rel}","templated":true}]}}