{"id":17987,"date":"2025-08-04T14:52:03","date_gmt":"2025-08-04T18:52:03","guid":{"rendered":"https:\/\/agromt.news\/?p=17987"},"modified":"2025-08-04T14:52:03","modified_gmt":"2025-08-04T18:52:03","slug":"como-a-carne-de-frango-brasileira-conquistou-o-mundo","status":"publish","type":"post","link":"https:\/\/agromt.news\/?p=17987","title":{"rendered":"como a carne de frango brasileira conquistou o mundo"},"content":{"rendered":"<p> <br \/>\n<\/p>\n<div>\n<div class=\"row\">\n<div class=\"col-lg col-infos mt-0 mt-lg-0\">\n<div class=\"section-sub-title\">\n<p itemprop=\"description\">&#13;<br \/>\n                                Primeira remessa da prote\u00edna foi enviada ao Kuwait em 1975&#13;\n                            <\/p>\n<\/p><\/div>\n<div class=\"container\">\n<div class=\"row\">\n<div class=\"col-lg p-0\">\n<div>\n<div class=\"block-news-main-infos mt-3 text-start\">\n<p>                                            <strong class=\"fn\" itemprop=\"author\" style=\"color: rgb(112, 112, 112); \">&#13;<br \/>\n                                                <a href=\"https:\/\/www.agrolink.com.br\/noticias\/javascript:;\" class=\"text-uppercase\" target=\"_blank\" style=\"color: rgb(112, 112, 112); \" rel=\"noopener\">Agrolink<\/a>&#13;<br \/>\n&#13;<br \/>\n                                                    &#8211; Aline Merladete&#13;<br \/>\n&#13;<br \/>\n                                            <\/strong><br \/>\n                                        <\/p>\n<p>                                            <abbr><time datetime=\"2025-08-04T06:22\" itemprop=\"datePublished dateModified\">Publicado em 04\/08\/2025 \u00e0s 06:22h.<\/time><\/abbr><br \/>\n                                            <\/p><\/div>\n<\/p><\/div>\n<\/p><\/div>\n<div class=\"col-lg p-0 text-lg-end\">\n<div>\n<div id=\"mdEnviarPagina\" class=\"modal fade\" role=\"dialog\">\n<div class=\"modal-dialog\">\n<div class=\"modal-content\">\n<div class=\"modal-body\">\n<p><strong>Estimado usu\u00e1rio.<\/strong><br \/>Preencha o formul\u00e1rio abaixo para remeter a p\u00e1gina.<\/p>\n<\/p><\/div>\n<\/p><\/div>\n<\/p><\/div>\n<\/div><\/div>\n<\/p><\/div>\n<\/p><\/div>\n<\/p><\/div>\n<\/p><\/div>\n<\/p><\/div>\n<div class=\"row justify-content-md-center mt-3\">\n<div class=\"col-lg-auto col-image block-news-main-image\">\n<p>                                <img decoding=\"async\" src=\"https:\/\/www.agrolink.com.br\/upload\/imagens-resizes\/12ba1787fcb046e2860beee89a4e6db3_858x483.jpg\" class=\"lazyload img-fluid\"\/><br \/>\n                                                <span class=\"publicity-photo d-block mt-1\">Foto: Divulga\u00e7\u00e3o<\/span><\/p><\/div>\n<\/p><\/div>\n<div class=\"section-description section-description-noticias mt-3\">\n<p style=\"text-align:justify\">No dia 1\u00ba de agosto, o Brasil comemorou um marco que transformou sua avicultura em refer\u00eancia global: os 50 anos do primeiro embarque oficial de carne de frango para o mercado externo. O destino foi o Kuwait, ponto de partida de uma trajet\u00f3ria que posicionou o pa\u00eds como o maior exportador mundial da prote\u00edna.&#13;\n<\/p>\n<p style=\"text-align:justify\">De acordo com dados divulgados pela Associa\u00e7\u00e3o Brasileira de Prote\u00edna Animal (ABPA), o Brasil j\u00e1 exportou quase 100 milh\u00f5es de toneladas de carne de frango desde 1975, alcan\u00e7ando mais de 150 pa\u00edses. S\u00f3 em 2024, foram embarcadas 4,9 milh\u00f5es de toneladas, com faturamento pr\u00f3ximo de US$ 10 bilh\u00f5es.<\/p>\n<p style=\"text-align:justify\">Aquela primeira exporta\u00e7\u00e3o simbolizou o in\u00edcio de uma forte parceria com os mercados isl\u00e2micos, em especial os pa\u00edses do Golfo. Hoje, o Brasil \u00e9 o principal fornecedor de carne de frango halal no mundo, com mais de 2 milh\u00f5es de toneladas exportadas anualmente. A produ\u00e7\u00e3o segue rigorosos crit\u00e9rios de rastreabilidade e sanidade, em parceria com certificadoras e autoridades religiosas.&#13;\n<\/p>\n<p style=\"text-align:justify\">Entre os principais mercados consumidores da prote\u00edna brasileira est\u00e3o China, Emirados \u00c1rabes Unidos, Jap\u00e3o, Ar\u00e1bia Saudita e Uni\u00e3o Europeia \u2014 regi\u00f5es que reconhecem a confiabilidade e a qualidade do produto nacional.<\/p>\n<p style=\"text-align:justify\">\u201cO primeiro embarque foi o in\u00edcio de uma jornada constru\u00edda com ci\u00eancia, integra\u00e7\u00e3o entre campo e ind\u00fastria e foco na seguran\u00e7a alimentar. \u00c9 uma conquista coletiva de milhares de brasileiros\u201d, destacou Ricardo Santin, presidente da ABPA.<\/p>\n<p style=\"text-align:justify\">A trajet\u00f3ria de sucesso da carne de frango nacional tamb\u00e9m contou com o suporte de a\u00e7\u00f5es desenvolvidas em parceria com a Ag\u00eancia Brasileira de Promo\u00e7\u00e3o de Exporta\u00e7\u00f5es e Investimentos (ApexBrasil). Feiras internacionais, campanhas de imagem e articula\u00e7\u00e3o com stakeholders globais ajudaram a consolidar o Brasil como fornecedor estrat\u00e9gico de alimentos.<\/p>\n<\/p><\/div>\n<\/p><\/div>\n<p><script data-cfasync=\"false\">\n    !function (f, b, e, v, n, t, s) {\n        if (f.fbq) return; n = f.fbq = function () {\n            n.callMethod ?\n                n.callMethod.apply(n, arguments) : n.queue.push(arguments)\n        };\n        if (!f._fbq) f._fbq = n; n.push = n; n.loaded = !0; n.version = '2.0';\n        n.queue = []; t = b.createElement(e); t.async = !0;\n        t.src = v; s = b.getElementsByTagName(e)[0];\n        s.parentNode.insertBefore(t, s)\n    }(window, document, 'script',\n        'https:\/\/connect.facebook.net\/en_US\/fbevents.js');\n    fbq('init', '522546078623747');\n    fbq('track', 'PageView');\n<\/script><br \/>\n<br \/><br \/>\n<br \/><a href=\"https:\/\/www.agrolink.com.br\/noticias\/meio-seculo-de-conquistas--como-a-carne-de-frango-brasileira-conquistou-o-mundo_504570.html\">Source link <\/a><\/p>\n","protected":false},"excerpt":{"rendered":"<p>&#13; Primeira remessa da prote\u00edna foi enviada ao Kuwait em 1975&#13; &#13; Agrolink&#13; &#13; &#8211; Aline Merladete&#13; &#13; Publicado em<\/p>\n","protected":false},"author":1,"featured_media":1569,"comment_status":"open","ping_status":"open","sticky":false,"template":"","format":"standard","meta":{"_monsterinsights_skip_tracking":false,"_monsterinsights_sitenote_active":false,"_monsterinsights_sitenote_note":"","_monsterinsights_sitenote_category":0,"_uf_show_specific_survey":0,"_uf_disable_surveys":false,"footnotes":""},"categories":[8,1,14],"tags":[],"class_list":["post-17987","post","type-post","status-publish","format-standard","has-post-thumbnail","hentry","category-agro","category-news","category-politica-agro"],"_links":{"self":[{"href":"https:\/\/agromt.news\/index.php?rest_route=\/wp\/v2\/posts\/17987"}],"collection":[{"href":"https:\/\/agromt.news\/index.php?rest_route=\/wp\/v2\/posts"}],"about":[{"href":"https:\/\/agromt.news\/index.php?rest_route=\/wp\/v2\/types\/post"}],"author":[{"embeddable":true,"href":"https:\/\/agromt.news\/index.php?rest_route=\/wp\/v2\/users\/1"}],"replies":[{"embeddable":true,"href":"https:\/\/agromt.news\/index.php?rest_route=%2Fwp%2Fv2%2Fcomments&post=17987"}],"version-history":[{"count":0,"href":"https:\/\/agromt.news\/index.php?rest_route=\/wp\/v2\/posts\/17987\/revisions"}],"wp:featuredmedia":[{"embeddable":true,"href":"https:\/\/agromt.news\/index.php?rest_route=\/wp\/v2\/media\/1569"}],"wp:attachment":[{"href":"https:\/\/agromt.news\/index.php?rest_route=%2Fwp%2Fv2%2Fmedia&parent=17987"}],"wp:term":[{"taxonomy":"category","embeddable":true,"href":"https:\/\/agromt.news\/index.php?rest_route=%2Fwp%2Fv2%2Fcategories&post=17987"},{"taxonomy":"post_tag","embeddable":true,"href":"https:\/\/agromt.news\/index.php?rest_route=%2Fwp%2Fv2%2Ftags&post=17987"}],"curies":[{"name":"wp","href":"https:\/\/api.w.org\/{rel}","templated":true}]}}