{"id":17974,"date":"2025-08-04T10:51:58","date_gmt":"2025-08-04T14:51:58","guid":{"rendered":"https:\/\/agromt.news\/?p=17974"},"modified":"2025-08-04T10:51:58","modified_gmt":"2025-08-04T14:51:58","slug":"tratamento-de-sementes-fortalece-lavouras","status":"publish","type":"post","link":"https:\/\/agromt.news\/?p=17974","title":{"rendered":"Tratamento de sementes fortalece lavouras"},"content":{"rendered":"<p> <br \/>\n<\/p>\n<div>\n<div class=\"row\">\n<div class=\"col-lg col-infos mt-0 mt-lg-0\">\n<div class=\"section-sub-title\">\n<p itemprop=\"description\">&#13;<br \/>\n                                Esse cen\u00e1rio tem sido constante nas \u00faltimas safras&#13;\n                            <\/p>\n<\/p><\/div>\n<div class=\"container\">\n<div class=\"row\">\n<div class=\"col-lg p-0\">\n<div>\n<div class=\"block-news-main-infos mt-3 text-start\">\n<p>                                            <strong class=\"fn\" itemprop=\"author\" style=\"color: rgb(112, 112, 112); \">&#13;<br \/>\n                                                <a href=\"https:\/\/www.agrolink.com.br\/noticias\/javascript:;\" class=\"text-uppercase\" target=\"_blank\" style=\"color: rgb(112, 112, 112); \" rel=\"noopener\">Agrolink<\/a>&#13;<br \/>\n&#13;<br \/>\n                                                    &#8211; Leonardo Gottems&#13;<br \/>\n&#13;<br \/>\n                                            <\/strong><br \/>\n                                        <\/p>\n<p>                                            <abbr><time datetime=\"2025-08-04T06:42\" itemprop=\"datePublished dateModified\">Publicado em 04\/08\/2025 \u00e0s 06:42h.<\/time><\/abbr><br \/>\n                                            <\/p><\/div>\n<\/p><\/div>\n<\/p><\/div>\n<div class=\"col-lg p-0 text-lg-end\">\n<div>\n<div id=\"mdEnviarPagina\" class=\"modal fade\" role=\"dialog\">\n<div class=\"modal-dialog\">\n<div class=\"modal-content\">\n<div class=\"modal-body\">\n<p><strong>Estimado usu\u00e1rio.<\/strong><br \/>Preencha o formul\u00e1rio abaixo para remeter a p\u00e1gina.<\/p>\n<\/p><\/div>\n<\/p><\/div>\n<\/p><\/div>\n<\/div><\/div>\n<\/p><\/div>\n<\/p><\/div>\n<\/p><\/div>\n<\/p><\/div>\n<\/p><\/div>\n<div class=\"row justify-content-md-center mt-3\">\n<div class=\"col-lg-auto col-image block-news-main-image\">\n<p>                                <img decoding=\"async\" src=\"https:\/\/www.agrolink.com.br\/upload\/imagens-resizes\/502e3e35f87b451d8bf8974f092d27be_858x483.jpg\" class=\"lazyload img-fluid\" alt=\"Esse cen\u00e1rio tem sido constante nas \u00faltimas safras\"\/><br \/>\n                                                <span class=\"d-block mt-1\">Esse cen\u00e1rio tem sido constante nas \u00faltimas safras &#8211; Foto: Divulga\u00e7\u00e3o<\/span><\/p><\/div>\n<\/p><\/div>\n<div class=\"section-description section-description-noticias mt-3\">\n<p>A instabilidade clim\u00e1tica e a press\u00e3o crescente de pragas e doen\u00e7as t\u00eam imposto safras mais exigentes aos produtores do Cerrado, especialmente nas regi\u00f5es do MATOPIBAPA (Maranh\u00e3o, Tocantins, Piau\u00ed, Bahia e Par\u00e1) e em Mato Grosso. Segundo Rafael Toscano, gerente t\u00e9cnico da OR\u00cdGEO, joint venture entre Bunge e UPL, o cen\u00e1rio de chuvas irregulares e altas temperaturas favorece surtos de doen\u00e7as como a antracnose, causada por fungos do g\u00eanero Colletotrichum, que comprometem o desenvolvimento das culturas desde as fases iniciais.&#13;\n<\/p>\n<p>\u201cA distribui\u00e7\u00e3o irregular das chuvas, aliada a per\u00edodos prolongados de altas temperaturas, cria condi\u00e7\u00f5es ideais para o desenvolvimento e a propaga\u00e7\u00e3o de fungos, comprometendo o desempenho das lavouras j\u00e1 nas fases iniciais da semeadura. Esse cen\u00e1rio tem sido constante nas \u00faltimas safras e a expectativa \u00e9 de que continue desafiador nas pr\u00f3ximas\u201d, ressalta.<\/p>\n<p>Com base nas proje\u00e7\u00f5es do Zoneamento Agr\u00edcola de Risco Clim\u00e1tico (ZARC), do Minist\u00e9rio da Agricultura (MAPA), essa condi\u00e7\u00e3o clim\u00e1tica desafiadora tende a persistir nos pr\u00f3ximos ciclos. Em resposta, cresce a import\u00e2ncia da ado\u00e7\u00e3o de tecnologias no in\u00edcio do plantio. Segundo a Embrapa, o tratamento de sementes \u00e9 uma das estrat\u00e9gias mais eficazes para proteger o potencial produtivo das lavouras desde a germina\u00e7\u00e3o, servindo como uma barreira contra fungos oportunistas.&#13;\n<\/p>\n<p>A OR\u00cdGEO destaca que solu\u00e7\u00f5es como o fungicida Vitavax Ultra, da UPL, v\u00eam auxiliando produtores a garantir uma semeadura mais segura e plantas com crescimento mais uniforme. Registrado no MAPA para soja, milho e algod\u00e3o, o produto combina a\u00e7\u00e3o sist\u00eamica e de contato para proteger contra doen\u00e7as como a antracnose.<br \/>&#13;<br \/>\n\u00a0<\/p>\n<\/p><\/div>\n<\/p><\/div>\n<p><script data-cfasync=\"false\">\n    !function (f, b, e, v, n, t, s) {\n        if (f.fbq) return; n = f.fbq = function () {\n            n.callMethod ?\n                n.callMethod.apply(n, arguments) : n.queue.push(arguments)\n        };\n        if (!f._fbq) f._fbq = n; n.push = n; n.loaded = !0; n.version = '2.0';\n        n.queue = []; t = b.createElement(e); t.async = !0;\n        t.src = v; s = b.getElementsByTagName(e)[0];\n        s.parentNode.insertBefore(t, s)\n    }(window, document, 'script',\n        'https:\/\/connect.facebook.net\/en_US\/fbevents.js');\n    fbq('init', '522546078623747');\n    fbq('track', 'PageView');\n<\/script><br \/>\n<br \/><br \/>\n<br \/><a href=\"https:\/\/www.agrolink.com.br\/noticias\/tratamento-de-sementes-fortalece-lavouras_504572.html\">Source link <\/a><\/p>\n","protected":false},"excerpt":{"rendered":"<p>&#13; Esse cen\u00e1rio tem sido constante nas \u00faltimas safras&#13; &#13; Agrolink&#13; &#13; &#8211; Leonardo Gottems&#13; &#13; Publicado em 04\/08\/2025 \u00e0s<\/p>\n","protected":false},"author":1,"featured_media":6740,"comment_status":"open","ping_status":"open","sticky":false,"template":"","format":"standard","meta":{"_monsterinsights_skip_tracking":false,"_monsterinsights_sitenote_active":false,"_monsterinsights_sitenote_note":"","_monsterinsights_sitenote_category":0,"_uf_show_specific_survey":0,"_uf_disable_surveys":false,"footnotes":""},"categories":[8,1,14],"tags":[],"class_list":["post-17974","post","type-post","status-publish","format-standard","has-post-thumbnail","hentry","category-agro","category-news","category-politica-agro"],"_links":{"self":[{"href":"https:\/\/agromt.news\/index.php?rest_route=\/wp\/v2\/posts\/17974"}],"collection":[{"href":"https:\/\/agromt.news\/index.php?rest_route=\/wp\/v2\/posts"}],"about":[{"href":"https:\/\/agromt.news\/index.php?rest_route=\/wp\/v2\/types\/post"}],"author":[{"embeddable":true,"href":"https:\/\/agromt.news\/index.php?rest_route=\/wp\/v2\/users\/1"}],"replies":[{"embeddable":true,"href":"https:\/\/agromt.news\/index.php?rest_route=%2Fwp%2Fv2%2Fcomments&post=17974"}],"version-history":[{"count":0,"href":"https:\/\/agromt.news\/index.php?rest_route=\/wp\/v2\/posts\/17974\/revisions"}],"wp:featuredmedia":[{"embeddable":true,"href":"https:\/\/agromt.news\/index.php?rest_route=\/wp\/v2\/media\/6740"}],"wp:attachment":[{"href":"https:\/\/agromt.news\/index.php?rest_route=%2Fwp%2Fv2%2Fmedia&parent=17974"}],"wp:term":[{"taxonomy":"category","embeddable":true,"href":"https:\/\/agromt.news\/index.php?rest_route=%2Fwp%2Fv2%2Fcategories&post=17974"},{"taxonomy":"post_tag","embeddable":true,"href":"https:\/\/agromt.news\/index.php?rest_route=%2Fwp%2Fv2%2Ftags&post=17974"}],"curies":[{"name":"wp","href":"https:\/\/api.w.org\/{rel}","templated":true}]}}