{"id":17973,"date":"2025-08-04T10:40:29","date_gmt":"2025-08-04T14:40:29","guid":{"rendered":"https:\/\/agromt.news\/?p=17973"},"modified":"2025-08-04T10:40:29","modified_gmt":"2025-08-04T14:40:29","slug":"apos-leve-reacao-precos-voltam-a-cair","status":"publish","type":"post","link":"https:\/\/agromt.news\/?p=17973","title":{"rendered":"ap\u00f3s leve rea\u00e7\u00e3o, pre\u00e7os voltam a cair"},"content":{"rendered":"<p> <br \/>\n<br \/><img decoding=\"async\" src=\"https:\/\/agromt.news\/wp-content\/uploads\/2024\/09\/Milho-precos-seguem-em-alta-no-Brasil-clima-preocupa.jpeg\" \/><\/p>\n<div>\n<p>Ap\u00f3s um leve movimento de rea\u00e7\u00e3o, as cota\u00e7\u00f5es dom\u00e9sticas do milho voltaram a cair na \u00faltima semana. \u00c9 isso o que apontam os levantamentos do <a href=\"https:\/\/www.canalrural.com.br\/tag\/cepea\/\">Centro de Estudos Avan\u00e7ados em Economia Aplicada (Cepea).\u00a0<\/a><\/p>\n<p>Segundo o centro de pesquisas, a press\u00e3o veio sobretudo da aus\u00eancia de consumidores, que aguardam maiores desvaloriza\u00e7\u00f5es com os avan\u00e7os da colheita de segunda safra. Al\u00e9m disso, as exporta\u00e7\u00f5es est\u00e3o menores em rela\u00e7\u00e3o ao ano passado e ainda muito distantes do estimado pela Conab.\u00a0<\/p>\n<p>Apesar do atraso frente ao ano anterior na m\u00e9dia nacional, algumas pra\u00e7as dos estados de Mato Grosso e Goi\u00e1s t\u00eam apresentado bom ritmo de colheita e produtividades elevadas, aumentando de forma pontual a oferta dispon\u00edvel para neg\u00f3cios, ainda conforme explicam os pesquisadores.\u00a0<\/p>\n<\/div>\n<div>\n<p>Quanto \u00e0s exporta\u00e7\u00f5es, dados da Secex analisados pelo Cepea mostram que, de fevereiro at\u00e9 a quarta semana de julho, o volume embarcado limitou-se a 4,3 milh\u00f5es de toneladas, ante os 7 milh\u00f5es enviados no mesmo per\u00edodo de 2024 e ainda bem distante das 34 milh\u00f5es projetadas pela Conab at\u00e9 janeiro\/26.<\/p>\n<p><em>*Sob supervis\u00e3o de Luis Roberto Toledo<\/em><\/p>\n<\/p><\/div>\n<p><br \/>\n<br \/><a href=\"https:\/\/www.canalrural.com.br\/agricultura\/milho-apos-leve-reacao-precos-voltam-a-cair\/\">Source link <\/a><\/p>\n","protected":false},"excerpt":{"rendered":"<p>Ap\u00f3s um leve movimento de rea\u00e7\u00e3o, as cota\u00e7\u00f5es dom\u00e9sticas do milho voltaram a cair na \u00faltima semana. \u00c9 isso o<\/p>\n","protected":false},"author":1,"featured_media":1260,"comment_status":"open","ping_status":"open","sticky":false,"template":"","format":"standard","meta":{"_monsterinsights_skip_tracking":false,"_monsterinsights_sitenote_active":false,"_monsterinsights_sitenote_note":"","_monsterinsights_sitenote_category":0,"_uf_show_specific_survey":0,"_uf_disable_surveys":false,"footnotes":""},"categories":[1],"tags":[],"class_list":["post-17973","post","type-post","status-publish","format-standard","has-post-thumbnail","hentry","category-news"],"_links":{"self":[{"href":"https:\/\/agromt.news\/index.php?rest_route=\/wp\/v2\/posts\/17973"}],"collection":[{"href":"https:\/\/agromt.news\/index.php?rest_route=\/wp\/v2\/posts"}],"about":[{"href":"https:\/\/agromt.news\/index.php?rest_route=\/wp\/v2\/types\/post"}],"author":[{"embeddable":true,"href":"https:\/\/agromt.news\/index.php?rest_route=\/wp\/v2\/users\/1"}],"replies":[{"embeddable":true,"href":"https:\/\/agromt.news\/index.php?rest_route=%2Fwp%2Fv2%2Fcomments&post=17973"}],"version-history":[{"count":0,"href":"https:\/\/agromt.news\/index.php?rest_route=\/wp\/v2\/posts\/17973\/revisions"}],"wp:featuredmedia":[{"embeddable":true,"href":"https:\/\/agromt.news\/index.php?rest_route=\/wp\/v2\/media\/1260"}],"wp:attachment":[{"href":"https:\/\/agromt.news\/index.php?rest_route=%2Fwp%2Fv2%2Fmedia&parent=17973"}],"wp:term":[{"taxonomy":"category","embeddable":true,"href":"https:\/\/agromt.news\/index.php?rest_route=%2Fwp%2Fv2%2Fcategories&post=17973"},{"taxonomy":"post_tag","embeddable":true,"href":"https:\/\/agromt.news\/index.php?rest_route=%2Fwp%2Fv2%2Ftags&post=17973"}],"curies":[{"name":"wp","href":"https:\/\/api.w.org\/{rel}","templated":true}]}}