{"id":17971,"date":"2025-08-04T10:08:01","date_gmt":"2025-08-04T14:08:01","guid":{"rendered":"https:\/\/agromt.news\/?p=17971"},"modified":"2025-08-04T10:08:01","modified_gmt":"2025-08-04T14:08:01","slug":"exportacao-mundial-de-cafe-em-junho-aumenta-735","status":"publish","type":"post","link":"https:\/\/agromt.news\/?p=17971","title":{"rendered":"Exporta\u00e7\u00e3o mundial de caf\u00e9 em junho aumenta 7,35%"},"content":{"rendered":"<p> <br \/>\n<\/p>\n<div>\n<p>A exporta\u00e7\u00e3o mundial de <a href=\"https:\/\/www.canalrural.com.br\/agricultura\/cafe\/cafe-brasileiro-deve-entrar-na-lista-de-excecoes-do-tarifaco\/\">caf\u00e9<\/a> alcan\u00e7ou 11,69 milh\u00f5es de sacas de 60 kg em junho, o nono m\u00eas da safra 2024\/25. O volume corresponde a um aumento de 7,35% na compara\u00e7\u00e3o com igual m\u00eas de 2024 (10,89 milh\u00f5es de sacas). <\/p>\n<p>Os n\u00fameros fazem parte de relat\u00f3rio mensal da Organiza\u00e7\u00e3o Internacional do Caf\u00e9 (OIC). No acumulado dos nove meses do ano comercial, os embarques somaram 104,14 milh\u00f5es de sacas, recuo de 0,2% ante igual per\u00edodo do ciclo 2023\/24, quando totalizaram 104,33 milh\u00f5es de sacas.<\/p>\n<\/div>\n<div>\n<p><em>Veja em primeira m\u00e3o tudo sobre agricultura, pecu\u00e1ria, economia e previs\u00e3o do tempo:<\/em><a href=\"https:\/\/news.google.com\/publications\/CAAqBwgKMPKZlQswq_mqAw?hl=pt-BR&amp;gl=BR&amp;ceid=BR%3Apt-419\" target=\"_blank\" rel=\"noreferrer noopener\"><em>\u00a0siga o Canal Rural no Google News!<\/em><\/a><\/p>\n<p>Nos 12 meses encerrados em junho de 2025, a exporta\u00e7\u00e3o de ar\u00e1bica totalizou 85,66 milh\u00f5es de sacas, ante 82 milh\u00f5es de sacas em igual per\u00edodo do ano anterior, aumento de 4,46%. J\u00e1 o embarque de robusta aumentou 1,73% na mesma compara\u00e7\u00e3o, de 52,1 milh\u00f5es para 53 milh\u00f5es de sacas.<\/p>\n<\/p><\/div>\n<p><br \/>\n<br \/><a href=\"https:\/\/www.canalrural.com.br\/agricultura\/cafe\/cafe-oic-exportacao-mundial-em-junho-aumenta-735-para-1169-milhoes-de-sacas\/\">Source link <\/a><\/p>\n","protected":false},"excerpt":{"rendered":"<p>A exporta\u00e7\u00e3o mundial de caf\u00e9 alcan\u00e7ou 11,69 milh\u00f5es de sacas de 60 kg em junho, o nono m\u00eas da safra<\/p>\n","protected":false},"author":1,"featured_media":680,"comment_status":"open","ping_status":"open","sticky":false,"template":"","format":"standard","meta":{"_monsterinsights_skip_tracking":false,"_monsterinsights_sitenote_active":false,"_monsterinsights_sitenote_note":"","_monsterinsights_sitenote_category":0,"_uf_show_specific_survey":0,"_uf_disable_surveys":false,"footnotes":""},"categories":[1],"tags":[],"class_list":["post-17971","post","type-post","status-publish","format-standard","has-post-thumbnail","hentry","category-news"],"_links":{"self":[{"href":"https:\/\/agromt.news\/index.php?rest_route=\/wp\/v2\/posts\/17971"}],"collection":[{"href":"https:\/\/agromt.news\/index.php?rest_route=\/wp\/v2\/posts"}],"about":[{"href":"https:\/\/agromt.news\/index.php?rest_route=\/wp\/v2\/types\/post"}],"author":[{"embeddable":true,"href":"https:\/\/agromt.news\/index.php?rest_route=\/wp\/v2\/users\/1"}],"replies":[{"embeddable":true,"href":"https:\/\/agromt.news\/index.php?rest_route=%2Fwp%2Fv2%2Fcomments&post=17971"}],"version-history":[{"count":0,"href":"https:\/\/agromt.news\/index.php?rest_route=\/wp\/v2\/posts\/17971\/revisions"}],"wp:featuredmedia":[{"embeddable":true,"href":"https:\/\/agromt.news\/index.php?rest_route=\/wp\/v2\/media\/680"}],"wp:attachment":[{"href":"https:\/\/agromt.news\/index.php?rest_route=%2Fwp%2Fv2%2Fmedia&parent=17971"}],"wp:term":[{"taxonomy":"category","embeddable":true,"href":"https:\/\/agromt.news\/index.php?rest_route=%2Fwp%2Fv2%2Fcategories&post=17971"},{"taxonomy":"post_tag","embeddable":true,"href":"https:\/\/agromt.news\/index.php?rest_route=%2Fwp%2Fv2%2Ftags&post=17971"}],"curies":[{"name":"wp","href":"https:\/\/api.w.org\/{rel}","templated":true}]}}