{"id":17969,"date":"2025-08-04T09:08:54","date_gmt":"2025-08-04T13:08:54","guid":{"rendered":"https:\/\/agromt.news\/?p=17969"},"modified":"2025-08-04T09:08:54","modified_gmt":"2025-08-04T13:08:54","slug":"trump-deve-conversar-com-primeiro-ministro-do-canada-nesta-semana-sobre-taxas","status":"publish","type":"post","link":"https:\/\/agromt.news\/?p=17969","title":{"rendered":"Trump deve conversar com primeiro-ministro do Canad\u00e1 nesta semana sobre taxas"},"content":{"rendered":"<p> <br \/>\n<br \/><img decoding=\"async\" src=\"https:\/\/agromt.news\/wp-content\/uploads\/2025\/08\/Trump-deve-conversar-com-primeiro-ministro-do-Canada-nesta-semana-sobre.jpg\" \/><\/p>\n<div>\n<p>LeBlanc comentou que, apesar do progresso com o secret\u00e1rio de Com\u00e9rcio dos EUA, Howard Lutnick, e o representante de Com\u00e9rcio norte-americano, Jamieson Greer, ainda h\u00e1 pontos a serem ajustados para garantir um acordo mutuamente ben\u00e9fico. Ele expressou esperan\u00e7a de que um acordo possa ser firmado em breve, possibilitando a redu\u00e7\u00e3o de tarifas e oferecendo mais seguran\u00e7a para investimentos bilaterais.<\/p>\n<p>O an\u00fancio da tarifa feito na sexta-feira (1) por Washington est\u00e1 relacionado, em parte, \u00e0<br \/>alega\u00e7\u00e3o dos EUA de que o Canad\u00e1 n\u00e3o conseguiu conter o contrabando de fentanil para o<br \/>territ\u00f3rio americano. Essa medida representa mais um cap\u00edtulo em uma guerra tarif\u00e1ria que se arrasta h\u00e1 meses e que foi intensificada por Trump desde seu retorno ao comando dos EUA neste ano.<\/p>\n<p>Carney, por sua vez, argumenta que o Canad\u00e1 \u00e9 respons\u00e1vel por apenas 1% das importa\u00e7\u00f5es<br \/>americanas de fentanil e que o pa\u00eds vem empenhando esfor\u00e7os para reduzir ainda mais esse volume. O governo canadense tem refor\u00e7ado que est\u00e1 adotando medidas rigorosas para combater o tr\u00e1fico da subst\u00e2ncia e espera que essa postura seja reconhecida nas negocia\u00e7\u00f5es comerciais.<\/p>\n<\/p><\/div>\n<p><br \/>\n<br \/><a href=\"https:\/\/www.canalrural.com.br\/internacional\/trump-deve-conversar-com-primeiro-ministro-do-canada-nesta-semana-sobre-taxas\/\">Source link <\/a><\/p>\n","protected":false},"excerpt":{"rendered":"<p>LeBlanc comentou que, apesar do progresso com o secret\u00e1rio de Com\u00e9rcio dos EUA, Howard Lutnick, e o representante de Com\u00e9rcio<\/p>\n","protected":false},"author":1,"featured_media":17970,"comment_status":"open","ping_status":"open","sticky":false,"template":"","format":"standard","meta":{"_monsterinsights_skip_tracking":false,"_monsterinsights_sitenote_active":false,"_monsterinsights_sitenote_note":"","_monsterinsights_sitenote_category":0,"_uf_show_specific_survey":0,"_uf_disable_surveys":false,"footnotes":""},"categories":[1],"tags":[],"class_list":["post-17969","post","type-post","status-publish","format-standard","has-post-thumbnail","hentry","category-news"],"_links":{"self":[{"href":"https:\/\/agromt.news\/index.php?rest_route=\/wp\/v2\/posts\/17969"}],"collection":[{"href":"https:\/\/agromt.news\/index.php?rest_route=\/wp\/v2\/posts"}],"about":[{"href":"https:\/\/agromt.news\/index.php?rest_route=\/wp\/v2\/types\/post"}],"author":[{"embeddable":true,"href":"https:\/\/agromt.news\/index.php?rest_route=\/wp\/v2\/users\/1"}],"replies":[{"embeddable":true,"href":"https:\/\/agromt.news\/index.php?rest_route=%2Fwp%2Fv2%2Fcomments&post=17969"}],"version-history":[{"count":0,"href":"https:\/\/agromt.news\/index.php?rest_route=\/wp\/v2\/posts\/17969\/revisions"}],"wp:featuredmedia":[{"embeddable":true,"href":"https:\/\/agromt.news\/index.php?rest_route=\/wp\/v2\/media\/17970"}],"wp:attachment":[{"href":"https:\/\/agromt.news\/index.php?rest_route=%2Fwp%2Fv2%2Fmedia&parent=17969"}],"wp:term":[{"taxonomy":"category","embeddable":true,"href":"https:\/\/agromt.news\/index.php?rest_route=%2Fwp%2Fv2%2Fcategories&post=17969"},{"taxonomy":"post_tag","embeddable":true,"href":"https:\/\/agromt.news\/index.php?rest_route=%2Fwp%2Fv2%2Ftags&post=17969"}],"curies":[{"name":"wp","href":"https:\/\/api.w.org\/{rel}","templated":true}]}}