{"id":17962,"date":"2025-08-04T07:30:05","date_gmt":"2025-08-04T11:30:05","guid":{"rendered":"https:\/\/agromt.news\/?p=17962"},"modified":"2025-08-04T07:30:05","modified_gmt":"2025-08-04T11:30:05","slug":"redes-sociais-ajudam-alavancar-as-vendas-no-campo","status":"publish","type":"post","link":"https:\/\/agromt.news\/?p=17962","title":{"rendered":"Redes sociais ajudam alavancar as vendas no campo"},"content":{"rendered":"<p> <br \/>\n<\/p>\n<div>\n<p>A tradi\u00e7\u00e3o da cacha\u00e7a artesanal, que come\u00e7ou com o bisav\u00f4 Jo\u00e3o Rocha Gusm\u00e3o nos anos 1930, hoje ganha o mundo pelas m\u00e3os de Halyson Gusm\u00e3o, produtor rural no Vale do Mucuri, nordeste de Minas Gerais.\u00a0<\/p>\n<p>O que come\u00e7ou \u00e0 beira da estrada de ferro com o plantio de cana e produ\u00e7\u00e3o r\u00fastica, passou de gera\u00e7\u00e3o em gera\u00e7\u00e3o at\u00e9 alcan\u00e7ar o universo digital.<\/p>\n<p>\u201cT\u00e1 no sangue\u201d, resume Gusm\u00e3o, que hoje cuida de toda a cadeia: da colheita da cana ao envelhecimento do destilado e comercializa\u00e7\u00e3o.\u00a0<\/p>\n<p>Mas a virada de chave veio quando procurou o <a href=\"https:\/\/sebrae.com.br\/sites\/PortalSebrae\/ufs\/mg?codUf=14\"><strong>Sebrae\/MG<\/strong><\/a><strong> <\/strong>para legalizar o neg\u00f3cio iniciado por seu pai, Carlos Avelino. \u201cO Sebrae foi fundamental. Com isso, eles me orientaram passo a passo at\u00e9 o registro junto ao Instituto Mineiro de Agropecu\u00e1ria (IMA)\u201d, conta.<\/p>\n<p>Al\u00e9m da legaliza\u00e7\u00e3o, o Sebrae tamb\u00e9m ajudou a estruturar o marketing digital da <a href=\"https:\/\/www.canalrural.com.br\/agricultura\/cachaca-mineira-ganha-medalha-de-ouro-em-concurso-internacional\/\">cacha\u00e7aria<\/a>, criando o site e impulsionando a atua\u00e7\u00e3o nas redes sociais. \u201cFiz o Empretec e outros cursos. E hoje a maior parte das minhas vendas vem do Instagram e do WhatsApp Business\u201d, explica <strong>Gusm\u00e3o<\/strong>.<\/p>\n<ul class=\"wp-block-list\">\n<li>Participe do Porteira Aberta Empreender: envie perguntas, sugest\u00f5es e conte a sua hist\u00f3ria de empreendedorismo pelo<a href=\"https:\/\/api.whatsapp.com\/send?phone=5511932796720&amp;PorteiraAbertaEmpreender=SuaMensagem\"><strong> WhatsApp<\/strong><\/a><\/li>\n<\/ul>\n<\/div>\n<div>\n<figure class=\"wp-block-image size-large is-resized\"><img fetchpriority=\"high\" decoding=\"async\" width=\"692\" height=\"1024\" alt=\"Homem com camiseta preta, sentado e \u00e0 sua frente, garrafas de cacha\u00e7a que ele produz \" class=\"wp-image-4113850\" style=\"width:387px;height:auto\"  data-lazy- src=\"https:\/\/agromt.news\/wp-content\/uploads\/2025\/08\/Redes-sociais-ajudam-alavancar-as-vendas-no-campo.jpg\"\/><img decoding=\"async\" width=\"692\" height=\"1024\" src=\"https:\/\/agromt.news\/wp-content\/uploads\/2025\/08\/Redes-sociais-ajudam-alavancar-as-vendas-no-campo.jpg\" alt=\"Homem com camiseta preta, sentado e \u00e0 sua frente, garrafas de cacha\u00e7a que ele produz \" class=\"wp-image-4113850\" style=\"width:387px;height:auto\"  \/><figcaption class=\"wp-element-caption\">Halyson Gusm\u00e3o, produtor rural. Foto: Aqrquivo pessoal.<\/figcaption><\/figure>\n<p>Por\u00e9m, se antes o produtor rodava mais de mil quil\u00f4metros por semana visitando clientes, agora, boa parte dos pedidos chega <a href=\"https:\/\/cachacaburacodecurral.com.br\/\">virtualmente<\/a>.<\/p>\n<p>\u201cEu n\u00e3o pensava que seria t\u00e3o r\u00e1pido. Hoje o cliente me chama no WhatsApp, pergunta como comprar e eu direciono para o site. Ainda n\u00e3o tem e-commerce, mas j\u00e1 est\u00e1 em desenvolvimento com o Sebrae\/MG.\u201d<\/p>\n<p>A mudan\u00e7a no modelo de vendas trouxe praticidade, seguran\u00e7a e um novo f\u00f4lego para o neg\u00f3cio familiar. A cacha\u00e7a mineira, que j\u00e1 percorreu as trilhas do Vale do Jequitinhonha, agora chega at\u00e9 o Canad\u00e1 e aos Estados Unidos. \u201c\u00c9 gratificante, porque tem muito suor, muito trabalho e dedica\u00e7\u00e3o por tr\u00e1s\u201d, diz Gusm\u00e3o.<\/p>\n<p>Participando pela segunda vez de uma feira internacional de turismo, Halyson Gusm\u00e3o conta com orgulho sua trajet\u00f3ria. \u201cAno passado fechei v\u00e1rios contratos pela rodada de neg\u00f3cios. Este ano estou focado na<a href=\"https:\/\/www.instagram.com\/rotabahiaminas\/?igsh=cncwemw5ZjgyaGdk#\"> Rota Bahia-Minas<\/a>, mas \u00e9 sempre uma oportunidade valiosa.\u201d<\/p>\n<p>Com orgulho da hist\u00f3ria familiar e vis\u00e3o empreendedora, Gusm\u00e3o mostra que <strong><a href=\"https:\/\/www.canalrural.com.br\/empreendedorismo\/sustentabilidade-que-transforma-historias-do-campo-a-cidade\/\">tradi\u00e7\u00e3o e inova\u00e7\u00e3o podem andar juntas.<\/a><\/strong><\/p>\n<\/p><\/div>\n<p><script async src=\"\/\/www.instagram.com\/embed.js\"><\/script><br \/>\n<br \/><br \/>\n<br \/><a href=\"https:\/\/www.canalrural.com.br\/empreendedorismo\/redes-sociais-ajudam-alavancar-as-vendas-no-campo\/\">Source link <\/a><\/p>\n","protected":false},"excerpt":{"rendered":"<p>A tradi\u00e7\u00e3o da cacha\u00e7a artesanal, que come\u00e7ou com o bisav\u00f4 Jo\u00e3o Rocha Gusm\u00e3o nos anos 1930, hoje ganha o mundo<\/p>\n","protected":false},"author":1,"featured_media":17963,"comment_status":"open","ping_status":"open","sticky":false,"template":"","format":"standard","meta":{"_monsterinsights_skip_tracking":false,"_monsterinsights_sitenote_active":false,"_monsterinsights_sitenote_note":"","_monsterinsights_sitenote_category":0,"_uf_show_specific_survey":0,"_uf_disable_surveys":false,"footnotes":""},"categories":[1],"tags":[],"class_list":["post-17962","post","type-post","status-publish","format-standard","has-post-thumbnail","hentry","category-news"],"_links":{"self":[{"href":"https:\/\/agromt.news\/index.php?rest_route=\/wp\/v2\/posts\/17962"}],"collection":[{"href":"https:\/\/agromt.news\/index.php?rest_route=\/wp\/v2\/posts"}],"about":[{"href":"https:\/\/agromt.news\/index.php?rest_route=\/wp\/v2\/types\/post"}],"author":[{"embeddable":true,"href":"https:\/\/agromt.news\/index.php?rest_route=\/wp\/v2\/users\/1"}],"replies":[{"embeddable":true,"href":"https:\/\/agromt.news\/index.php?rest_route=%2Fwp%2Fv2%2Fcomments&post=17962"}],"version-history":[{"count":0,"href":"https:\/\/agromt.news\/index.php?rest_route=\/wp\/v2\/posts\/17962\/revisions"}],"wp:featuredmedia":[{"embeddable":true,"href":"https:\/\/agromt.news\/index.php?rest_route=\/wp\/v2\/media\/17963"}],"wp:attachment":[{"href":"https:\/\/agromt.news\/index.php?rest_route=%2Fwp%2Fv2%2Fmedia&parent=17962"}],"wp:term":[{"taxonomy":"category","embeddable":true,"href":"https:\/\/agromt.news\/index.php?rest_route=%2Fwp%2Fv2%2Fcategories&post=17962"},{"taxonomy":"post_tag","embeddable":true,"href":"https:\/\/agromt.news\/index.php?rest_route=%2Fwp%2Fv2%2Ftags&post=17962"}],"curies":[{"name":"wp","href":"https:\/\/api.w.org\/{rel}","templated":true}]}}