{"id":17959,"date":"2025-08-04T04:20:08","date_gmt":"2025-08-04T08:20:08","guid":{"rendered":"https:\/\/agromt.news\/?p=17959"},"modified":"2025-08-04T04:20:08","modified_gmt":"2025-08-04T08:20:08","slug":"chegada-de-nova-frente-fria-e-temporais-veja-a-previsao-do-tempo-para-hoje","status":"publish","type":"post","link":"https:\/\/agromt.news\/?p=17959","title":{"rendered":"Chegada de nova frente fria e temporais; veja a previs\u00e3o do tempo para hoje"},"content":{"rendered":"<p> <br \/>\n<br \/><img decoding=\"async\" src=\"https:\/\/agromt.news\/wp-content\/uploads\/2024\/09\/Nova-frente-fria-deve-trazer-chuva-de-300-mm-veja.jpg\" \/><\/p>\n<div>\n<p>Frente fria se desloca do Sul para o Sudeste nesta segunda-feira (4) e a <a href=\"https:\/\/tempo.canalrural.com.br\/?_gl=1*7yusfg*_ga*Mzg0ODc2Mjk5LjE3NTI5Mjc3NjE.*_ga_Y1X353CDF4*czE3NTQyNTE2MTckbzEzJGcxJHQxNzU0MjU4NTUzJGo1NiRsMCRoNjY5NTg1OTQ1*_ga_4Z7XXTBDRP*czE3NTQyNTE2MTckbzEzJGcxJHQxNzU0MjU4NTUxJGo1OCRsMCRoMA..\">chuva<\/a> come\u00e7a a perder for\u00e7a no extremo oeste e sul do RS, com influ\u00eancia do ar polar, as temperaturas diminuem na\u00a0Campanha\u00a0e\u00a0Fronteira\u00a0Oeste. As instabilidades ainda persistem no norte do estado, e nas demais \u00e1reas da Regi\u00e3o Sul \u2013 com risco para temporais na\u00a0Serra\u00a0e norte do RS, entre o sul e oeste de SC e em cidades do oeste e sudoeste do PR. Semana come\u00e7a com aten\u00e7\u00e3o em\u00a0Porto Alegre\u00a0e\u00a0Florian\u00f3polis\u00a0e chuva moderada em\u00a0Curitiba, al\u00e9m, de temperaturas mais baixas.<strong>\u00a0<\/strong>O mar fica mais agitado na costa da Regi\u00e3o Sul, por\u00e9m, sem ressaca \u2013 ventos mais fortes no leste de SC e PR com rajadas de at\u00e9 70 km\/h.<\/p>\n<div data-icp-cta=\"1\" id=\"icp-cta-unique\">Voc\u00ea quer entender como usar o clima a seu favor?<b> <\/b><a href=\"https:\/\/climacampo.canalrural.com.br\/climacampo_-01\">Preparamos um e-book exclusivo<\/a> para ajudar produtores rurais a se antecipar \u00e0s mudan\u00e7as do tempo e planejar melhor suas a\u00e7\u00f5es. Com base em previs\u00f5es meteorol\u00f3gicas confi\u00e1veis, ele oferece orienta\u00e7\u00f5es pr\u00e1ticas para proteger sua lavoura e otimizar seus resultados.<\/div>\n<p>No Sudeste, ar seco no interior da e frente fria se aproximando do sul de S\u00e3o Paulo. Previs\u00e3o de chuva\u00a0moderada no extremo sul de SP \u2013 com o deslocamento da frente fria, chove durante o final da tarde e \u00e0 noite na Regi\u00e3o do Vale do\u00a0Ribeira. O\u00a0tempo\u00a0continua mais aberto no interior e norte paulista e entre RJ, MG e ES, com condi\u00e7\u00f5es para bastante vento e rajadas moderadas de at\u00e9 50 km\/h. Na cidade de SP a nebulosidade aumenta durante o dia, mas n\u00e3o chove. A semana come\u00e7a com tempo firme e calor na cidade do RJ, em\u00a0Belo Horizonte\u00a0e\u00a0Vit\u00f3ria. Os \u00edndices de umidade relativa do ar continuam baixos em todo o interior do Sudeste \u2013 com alerta entre o Tri\u00e2ngulo e noroeste de MG.<\/p>\n<p><em>Veja em primeira m\u00e3o tudo sobre agricultura, pecu\u00e1ria, economia e previs\u00e3o do tempo:<\/em><a href=\"https:\/\/news.google.com\/publications\/CAAqBwgKMPKZlQswq_mqAw?hl=pt-BR&amp;gl=BR&amp;ceid=BR%3Apt-419\" target=\"_blank\" rel=\"noreferrer noopener\"><em>\u00a0siga o Canal Rural no Google News!<\/em><\/a><\/p>\n<\/div>\n<div>\n<p>Enquanto no Centro-Oeste, o fluxo de umidade da Regi\u00e3o Norte e a presen\u00e7a da baixa press\u00e3o no Paraguai, estimulam pancadas mais irregulares entre o noroeste, oeste e sudoeste de MT e parte do centro-sul e oeste de MS \u2013 segunda abafada, ainda com boas aberturas de sol e aten\u00e7\u00e3o para\u00a0Campo Grande\u00a0e\u00a0Cuiab\u00e1, que podem receber pancadas fortes com raios de forma localizada. Entre GO e DF, tempo mais seco e firme \u2013 dia ensolarado e com umidade abaixo de 20% em\u00a0Bras\u00edlia\u00a0e\u00a0Goi\u00e2nia.<\/p>\n<p>J\u00e1 no Nordeste, o risco de temporal continua em\u00a0Aracaju\u00a0e\u00a0Macei\u00f3\u00a0neste come\u00e7o de semana \u2013 o vento \u00famido que sopra do mar contra o continente mant\u00e9m nuvens mais carregadas e o risco para chuva desde cedo \u2013 aten\u00e7\u00e3o para o interior da PB, PE, AL, SE e todo o centro norte do RN e CE \u2013 a chuva pode acontecer com for\u00e7a intercalando alguns per\u00edodos de melhoria. Ar mais seco no sul do MA, PI, oeste e norte da BA e chuva moderada em\u00a0Salvador\u00a0e\u00a0S\u00e3o Lu\u00eds.<\/p>\n<p>E no Norte, a presen\u00e7a de umidade combinada com as altas temperaturas mant\u00e9m as instabilidades entre AM, AC e RO com previs\u00e3o de pancadas fortes e risco para raios. Alerta entre AC e AM e chuva forte, tamb\u00e9m, sobre\u00a0Macap\u00e1 e\u00a0Bel\u00e9m.<\/p>\n<\/p><\/div>\n<p><br \/>\n<br \/><a href=\"https:\/\/www.canalrural.com.br\/tempo\/chegada-de-nova-frente-fria-e-temporais-veja-a-previsao-do-tempo-para-hoje\/\">Source link <\/a><\/p>\n","protected":false},"excerpt":{"rendered":"<p>Frente fria se desloca do Sul para o Sudeste nesta segunda-feira (4) e a chuva come\u00e7a a perder for\u00e7a no<\/p>\n","protected":false},"author":1,"featured_media":2110,"comment_status":"open","ping_status":"open","sticky":false,"template":"","format":"standard","meta":{"_monsterinsights_skip_tracking":false,"_monsterinsights_sitenote_active":false,"_monsterinsights_sitenote_note":"","_monsterinsights_sitenote_category":0,"_uf_show_specific_survey":0,"_uf_disable_surveys":false,"footnotes":""},"categories":[1],"tags":[],"class_list":["post-17959","post","type-post","status-publish","format-standard","has-post-thumbnail","hentry","category-news"],"_links":{"self":[{"href":"https:\/\/agromt.news\/index.php?rest_route=\/wp\/v2\/posts\/17959"}],"collection":[{"href":"https:\/\/agromt.news\/index.php?rest_route=\/wp\/v2\/posts"}],"about":[{"href":"https:\/\/agromt.news\/index.php?rest_route=\/wp\/v2\/types\/post"}],"author":[{"embeddable":true,"href":"https:\/\/agromt.news\/index.php?rest_route=\/wp\/v2\/users\/1"}],"replies":[{"embeddable":true,"href":"https:\/\/agromt.news\/index.php?rest_route=%2Fwp%2Fv2%2Fcomments&post=17959"}],"version-history":[{"count":0,"href":"https:\/\/agromt.news\/index.php?rest_route=\/wp\/v2\/posts\/17959\/revisions"}],"wp:featuredmedia":[{"embeddable":true,"href":"https:\/\/agromt.news\/index.php?rest_route=\/wp\/v2\/media\/2110"}],"wp:attachment":[{"href":"https:\/\/agromt.news\/index.php?rest_route=%2Fwp%2Fv2%2Fmedia&parent=17959"}],"wp:term":[{"taxonomy":"category","embeddable":true,"href":"https:\/\/agromt.news\/index.php?rest_route=%2Fwp%2Fv2%2Fcategories&post=17959"},{"taxonomy":"post_tag","embeddable":true,"href":"https:\/\/agromt.news\/index.php?rest_route=%2Fwp%2Fv2%2Ftags&post=17959"}],"curies":[{"name":"wp","href":"https:\/\/api.w.org\/{rel}","templated":true}]}}