{"id":17954,"date":"2025-08-03T17:54:03","date_gmt":"2025-08-03T21:54:03","guid":{"rendered":"https:\/\/agromt.news\/?p=17954"},"modified":"2025-08-03T17:54:03","modified_gmt":"2025-08-03T21:54:03","slug":"apos-tarifaco-china-sinaliza-maior-abertura-para-o-agro-brasileiro","status":"publish","type":"post","link":"https:\/\/agromt.news\/?p=17954","title":{"rendered":"Ap\u00f3s tarifa\u00e7o, China sinaliza maior abertura para o agro brasileiro"},"content":{"rendered":"<p> <br \/>\n<br \/><img decoding=\"async\" src=\"https:\/\/agromt.news\/wp-content\/uploads\/2024\/10\/brasil-china-bandeiras.jpg\" \/><\/p>\n<div>\n<p>Ap\u00f3s semanas de tens\u00f5es comerciais causadas pela an\u00fancio de uma taxa\u00e7\u00e3o de 50% das exporta\u00e7\u00f5es brasileiras pelo os EUA, a China come\u00e7a a sinalizar uma abertura mais ampla para o agroneg\u00f3cio do Brasil. Em um movimento visto como estrat\u00e9gico, Pequim aprovou a habilita\u00e7\u00e3o de 183 novas empresas brasileiras de caf\u00e9 para exporta\u00e7\u00e3o ao mercado chin\u00eas. A medida entrou em vigor na \u00faltima quarta-feira (30) e ter\u00e1 validade de cinco anos.<\/p>\n<p>No entanto, a decis\u00e3o foi anunciada pela Embaixada da China no Brasil nas redes sociais no s\u00e1bado (2), que destacou a qualidade do caf\u00e9 brasileiro como um diferencial importante. A a\u00e7\u00e3o ocorre em meio \u00e0 intensifica\u00e7\u00e3o das rela\u00e7\u00f5es comerciais entre os dois pa\u00edses, especialmente no setor agroalimentar.<\/p>\n<p><em>Veja em primeira m\u00e3o tudo sobre agricultura, pecu\u00e1ria, economia e previs\u00e3o do tempo:<\/em><a href=\"https:\/\/news.google.com\/publications\/CAAqBwgKMPKZlQswq_mqAw?hl=pt-BR&amp;gl=BR&amp;ceid=BR%3Apt-419\" target=\"_blank\" rel=\"noreferrer noopener\"><em>\u00a0siga o Canal Rural no Google News!<\/em><\/a><\/p>\n<\/div>\n<div>\n<p>Al\u00e9m do caf\u00e9, o governo brasileiro tamb\u00e9m celebrou a amplia\u00e7\u00e3o de acesso a outros produtos. Segundo o Minist\u00e9rio da Agricultura, o Brasil conseguiu novas habilita\u00e7\u00f5es para exporta\u00e7\u00e3o de gergelim ao mercado chin\u00eas, o que pode beneficiar pequenos e m\u00e9dios produtores nordestinos. Paralelamente, a <a href=\"https:\/\/www.canalrural.com.br\/agricultura\/brasil-comecara-a-exportar-farinhas-de-aves-e-suinos-a-china\/\">China tamb\u00e9m habilitou os primeiros estabelecimentos brasileiros para exportar farinhas de aves e su\u00ednos<\/a>, sinalizando uma diversifica\u00e7\u00e3o na pauta exportadora do agro nacional.<\/p>\n<p>Analistas veem essas medidas como ind\u00edcios de que, mesmo em meio a disputas comerciais, h\u00e1 disposi\u00e7\u00e3o por parte da China em preservar e at\u00e9 expandir a coopera\u00e7\u00e3o no setor agr\u00edcola, essencial para sua seguran\u00e7a alimentar.<\/p>\n<p>A movimenta\u00e7\u00e3o pode representar uma oportunidade estrat\u00e9gica para o Brasil ampliar sua presen\u00e7a no pa\u00eds que \u00e9 seu principal parceiro comercial.<\/p>\n<\/p><\/div>\n<p><br \/>\n<br \/><a href=\"https:\/\/www.canalrural.com.br\/agricultura\/agronegocio\/apos-tarifaco-china-sinaliza-maior-abertura-para-o-agro-brasileiro\/\">Source link <\/a><\/p>\n","protected":false},"excerpt":{"rendered":"<p>Ap\u00f3s semanas de tens\u00f5es comerciais causadas pela an\u00fancio de uma taxa\u00e7\u00e3o de 50% das exporta\u00e7\u00f5es brasileiras pelo os EUA, a<\/p>\n","protected":false},"author":1,"featured_media":12423,"comment_status":"open","ping_status":"open","sticky":false,"template":"","format":"standard","meta":{"_monsterinsights_skip_tracking":false,"_monsterinsights_sitenote_active":false,"_monsterinsights_sitenote_note":"","_monsterinsights_sitenote_category":0,"_uf_show_specific_survey":0,"_uf_disable_surveys":false,"footnotes":""},"categories":[1],"tags":[],"class_list":["post-17954","post","type-post","status-publish","format-standard","has-post-thumbnail","hentry","category-news"],"_links":{"self":[{"href":"https:\/\/agromt.news\/index.php?rest_route=\/wp\/v2\/posts\/17954"}],"collection":[{"href":"https:\/\/agromt.news\/index.php?rest_route=\/wp\/v2\/posts"}],"about":[{"href":"https:\/\/agromt.news\/index.php?rest_route=\/wp\/v2\/types\/post"}],"author":[{"embeddable":true,"href":"https:\/\/agromt.news\/index.php?rest_route=\/wp\/v2\/users\/1"}],"replies":[{"embeddable":true,"href":"https:\/\/agromt.news\/index.php?rest_route=%2Fwp%2Fv2%2Fcomments&post=17954"}],"version-history":[{"count":0,"href":"https:\/\/agromt.news\/index.php?rest_route=\/wp\/v2\/posts\/17954\/revisions"}],"wp:featuredmedia":[{"embeddable":true,"href":"https:\/\/agromt.news\/index.php?rest_route=\/wp\/v2\/media\/12423"}],"wp:attachment":[{"href":"https:\/\/agromt.news\/index.php?rest_route=%2Fwp%2Fv2%2Fmedia&parent=17954"}],"wp:term":[{"taxonomy":"category","embeddable":true,"href":"https:\/\/agromt.news\/index.php?rest_route=%2Fwp%2Fv2%2Fcategories&post=17954"},{"taxonomy":"post_tag","embeddable":true,"href":"https:\/\/agromt.news\/index.php?rest_route=%2Fwp%2Fv2%2Ftags&post=17954"}],"curies":[{"name":"wp","href":"https:\/\/api.w.org\/{rel}","templated":true}]}}