{"id":17950,"date":"2025-08-03T15:08:05","date_gmt":"2025-08-03T19:08:05","guid":{"rendered":"https:\/\/agromt.news\/?p=17950"},"modified":"2025-08-03T15:08:05","modified_gmt":"2025-08-03T19:08:05","slug":"milho-recua-em-chicago-com-producao-recorde-e-exportacoes-dos-eua-em-alta","status":"publish","type":"post","link":"https:\/\/agromt.news\/?p=17950","title":{"rendered":"Milho recua em Chicago com produ\u00e7\u00e3o recorde e exporta\u00e7\u00f5es dos EUA em alta"},"content":{"rendered":"<p> <br \/>\n<\/p>\n<div>\n<div class=\"row\">\n<div class=\"col-lg col-infos mt-0 mt-lg-0\">\n<div class=\"section-sub-title\">\n<p itemprop=\"description\">&#13;<br \/>\n                                O mercado internacional de milho encerrou julho sob forte press\u00e3o&#13;\n                            <\/p>\n<\/p><\/div>\n<div class=\"container\">\n<div class=\"row\">\n<div class=\"col-lg p-0\">\n<div>\n<div class=\"block-news-main-infos mt-3 text-start\">\n<p>                                            <strong class=\"fn\" itemprop=\"author\" style=\"color: rgb(112, 112, 112); \">&#13;<br \/>\n                                                <a href=\"https:\/\/www.agrolink.com.br\/noticias\/javascript:;\" class=\"text-uppercase\" target=\"_blank\" style=\"color: rgb(112, 112, 112); \" rel=\"noopener\">Agrolink<\/a>&#13;<br \/>\n&#13;<br \/>\n                                                    &#8211; Aline Merladete&#13;<br \/>\n&#13;<br \/>\n                                            <\/strong><br \/>\n                                        <\/p>\n<p>                                            <abbr><time datetime=\"2025-08-01T13:54\" itemprop=\"datePublished dateModified\">Publicado em 01\/08\/2025 \u00e0s 13:54h.<\/time><\/abbr><br \/>\n                                            <\/p><\/div>\n<\/p><\/div>\n<\/p><\/div>\n<div class=\"col-lg p-0 text-lg-end\">\n<div>\n<div id=\"mdEnviarPagina\" class=\"modal fade\" role=\"dialog\">\n<div class=\"modal-dialog\">\n<div class=\"modal-content\">\n<div class=\"modal-body\">\n<p><strong>Estimado usu\u00e1rio.<\/strong><br \/>Preencha o formul\u00e1rio abaixo para remeter a p\u00e1gina.<\/p>\n<\/p><\/div>\n<\/p><\/div>\n<\/p><\/div>\n<\/div><\/div>\n<\/p><\/div>\n<\/p><\/div>\n<\/p><\/div>\n<\/p><\/div>\n<\/p><\/div>\n<div class=\"row justify-content-md-center mt-3\">\n<div class=\"col-lg-auto col-image block-news-main-image\">\n<p>                                <img decoding=\"async\" src=\"https:\/\/www.agrolink.com.br\/upload\/imagens-resizes\/ae18b5ff45094343b75f2c388cd670cb_858x483.jpg\" class=\"lazyload img-fluid\"\/><br \/>\n                                                <span class=\"publicity-photo d-block mt-1\">Foto: Divulga\u00e7\u00e3o<\/span><\/p><\/div>\n<\/p><\/div>\n<div class=\"section-description section-description-noticias mt-3\">\n<p style=\"text-align:justify\">O mercado internacional de <a href=\"https:\/\/www.agrolink.com.br\/culturas\/milho?utm_source=agrolink-detalhe-noticia&amp;utm_medium=detalhe-noticia&amp;utm_campaign=links-internos&#9;\" target=\"_blank\" rel=\"noopener\">milho<\/a> encerrou julho sob forte press\u00e3o de baixa. Na Bolsa de Chicago (CBOT), o bushel caiu para US$ 3,94 no dia 31, contra US$ 4,01 uma semana antes. Esse \u00e9 o menor valor desde setembro de 2024 para o primeiro vencimento do contrato.&#13;\n<\/p>\n<p style=\"text-align:justify\">Segundo an\u00e1lise da Central Internacional de An\u00e1lises Econ\u00f4micas e de Estudos de Mercado Agropecu\u00e1rio (CEEMA), a queda \u00e9 reflexo de uma combina\u00e7\u00e3o de fatores. De um lado, o clima segue favor\u00e1vel nos EUA, com 73% das lavouras em boas ou excelentes condi\u00e7\u00f5es no fim de julho. De outro, os embarques do pa\u00eds surpreenderam positivamente: 1,5 milh\u00e3o de toneladas foram exportadas na semana, acumulando 60,3 milh\u00f5es no ano \u2014 29% acima de 2024.<\/p>\n<p style=\"text-align:justify\">A perspectiva de colheita farta nos EUA se soma a uma supersafra brasileira. A produ\u00e7\u00e3o total de milho no Brasil pode chegar a 150 milh\u00f5es de toneladas, com a segunda safra representando 123,3 milh\u00f5es \u2014 um recorde hist\u00f3rico. O CEEMA j\u00e1 batizou esse ciclo de &#8220;m\u00e3e de todas as safrinhas&#8221;, com expectativa de crescimento de quase 20% em rela\u00e7\u00e3o ao ano anterior.&#13;\n<\/p>\n<p style=\"text-align:justify\">No Brasil, os pre\u00e7os seguem pressionados para baixo, impactados pelo avan\u00e7o da colheita e pelo ritmo lento das exporta\u00e7\u00f5es. Apesar de parte dos produtores estarem segurando o milho, a necessidade de quitar contratos de custeio entre agosto e setembro tende a aumentar a oferta, intensificando a press\u00e3o nos pre\u00e7os.<\/p>\n<p style=\"text-align:justify\">Mesmo com atraso na colheita \u2014 que atinge 66,1% da \u00e1rea nacional segundo a Conab \u2014, os volumes colhidos sustentam a perspectiva de uma oferta robusta. Esse cen\u00e1rio, segundo o CEEMA, deve manter os pre\u00e7os baixos at\u00e9 o final de 2025, caso as condi\u00e7\u00f5es clim\u00e1ticas para a pr\u00f3xima safra tamb\u00e9m sejam favor\u00e1veis.&#13;\n<\/p>\n<p style=\"text-align:justify\">\u00a0<\/p>\n<\/p><\/div>\n<\/p><\/div>\n<p><script data-cfasync=\"false\">\n    !function (f, b, e, v, n, t, s) {\n        if (f.fbq) return; n = f.fbq = function () {\n            n.callMethod ?\n                n.callMethod.apply(n, arguments) : n.queue.push(arguments)\n        };\n        if (!f._fbq) f._fbq = n; n.push = n; n.loaded = !0; n.version = '2.0';\n        n.queue = []; t = b.createElement(e); t.async = !0;\n        t.src = v; s = b.getElementsByTagName(e)[0];\n        s.parentNode.insertBefore(t, s)\n    }(window, document, 'script',\n        'https:\/\/connect.facebook.net\/en_US\/fbevents.js');\n    fbq('init', '522546078623747');\n    fbq('track', 'PageView');\n<\/script><br \/>\n<br \/><br \/>\n<br \/><a href=\"https:\/\/www.agrolink.com.br\/noticias\/milho-recua-em-chicago-com-producao-recorde-e-exportacoes-dos-eua-em-alta_504550.html\">Source link <\/a><\/p>\n","protected":false},"excerpt":{"rendered":"<p>&#13; O mercado internacional de milho encerrou julho sob forte press\u00e3o&#13; &#13; Agrolink&#13; &#13; &#8211; Aline Merladete&#13; &#13; Publicado em<\/p>\n","protected":false},"author":1,"featured_media":2087,"comment_status":"open","ping_status":"open","sticky":false,"template":"","format":"standard","meta":{"_monsterinsights_skip_tracking":false,"_monsterinsights_sitenote_active":false,"_monsterinsights_sitenote_note":"","_monsterinsights_sitenote_category":0,"_uf_show_specific_survey":0,"_uf_disable_surveys":false,"footnotes":""},"categories":[8,1,14],"tags":[],"class_list":["post-17950","post","type-post","status-publish","format-standard","has-post-thumbnail","hentry","category-agro","category-news","category-politica-agro"],"_links":{"self":[{"href":"https:\/\/agromt.news\/index.php?rest_route=\/wp\/v2\/posts\/17950"}],"collection":[{"href":"https:\/\/agromt.news\/index.php?rest_route=\/wp\/v2\/posts"}],"about":[{"href":"https:\/\/agromt.news\/index.php?rest_route=\/wp\/v2\/types\/post"}],"author":[{"embeddable":true,"href":"https:\/\/agromt.news\/index.php?rest_route=\/wp\/v2\/users\/1"}],"replies":[{"embeddable":true,"href":"https:\/\/agromt.news\/index.php?rest_route=%2Fwp%2Fv2%2Fcomments&post=17950"}],"version-history":[{"count":0,"href":"https:\/\/agromt.news\/index.php?rest_route=\/wp\/v2\/posts\/17950\/revisions"}],"wp:featuredmedia":[{"embeddable":true,"href":"https:\/\/agromt.news\/index.php?rest_route=\/wp\/v2\/media\/2087"}],"wp:attachment":[{"href":"https:\/\/agromt.news\/index.php?rest_route=%2Fwp%2Fv2%2Fmedia&parent=17950"}],"wp:term":[{"taxonomy":"category","embeddable":true,"href":"https:\/\/agromt.news\/index.php?rest_route=%2Fwp%2Fv2%2Fcategories&post=17950"},{"taxonomy":"post_tag","embeddable":true,"href":"https:\/\/agromt.news\/index.php?rest_route=%2Fwp%2Fv2%2Ftags&post=17950"}],"curies":[{"name":"wp","href":"https:\/\/api.w.org\/{rel}","templated":true}]}}