{"id":17947,"date":"2025-08-03T13:11:45","date_gmt":"2025-08-03T17:11:45","guid":{"rendered":"https:\/\/agromt.news\/?p=17947"},"modified":"2025-08-03T13:11:45","modified_gmt":"2025-08-03T17:11:45","slug":"trigo-cai-em-chicago-com-avanco-da-colheita-nos-eua-e-melhora-na-australia","status":"publish","type":"post","link":"https:\/\/agromt.news\/?p=17947","title":{"rendered":"Trigo cai em Chicago com avan\u00e7o da colheita nos EUA e melhora na Austr\u00e1lia"},"content":{"rendered":"<p> <br \/>\n<\/p>\n<div>\n<div class=\"row\">\n<div class=\"col-lg col-infos mt-0 mt-lg-0\">\n<div class=\"section-sub-title\">\n<p itemprop=\"description\">&#13;<br \/>\n                                As cota\u00e7\u00f5es internacionais do trigo voltaram a recuar&#13;\n                            <\/p>\n<\/p><\/div>\n<div class=\"container\">\n<div class=\"row\">\n<div class=\"col-lg p-0\">\n<div>\n<div class=\"block-news-main-infos mt-3 text-start\">\n<p>                                            <strong class=\"fn\" itemprop=\"author\" style=\"color: rgb(112, 112, 112); \">&#13;<br \/>\n                                                <a href=\"https:\/\/www.agrolink.com.br\/noticias\/javascript:;\" class=\"text-uppercase\" target=\"_blank\" style=\"color: rgb(112, 112, 112); \" rel=\"noopener\">Agrolink<\/a>&#13;<br \/>\n&#13;<br \/>\n                                                    &#8211; Aline Merladete&#13;<br \/>\n&#13;<br \/>\n                                            <\/strong><br \/>\n                                        <\/p>\n<p>                                            <abbr><time datetime=\"2025-08-01T13:56\" itemprop=\"datePublished dateModified\">Publicado em 01\/08\/2025 \u00e0s 13:56h.<\/time><\/abbr><br \/>\n                                            <\/p><\/div>\n<\/p><\/div>\n<\/p><\/div>\n<div class=\"col-lg p-0 text-lg-end\">\n<div>\n<div id=\"mdEnviarPagina\" class=\"modal fade\" role=\"dialog\">\n<div class=\"modal-dialog\">\n<div class=\"modal-content\">\n<div class=\"modal-body\">\n<p><strong>Estimado usu\u00e1rio.<\/strong><br \/>Preencha o formul\u00e1rio abaixo para remeter a p\u00e1gina.<\/p>\n<\/p><\/div>\n<\/p><\/div>\n<\/p><\/div>\n<\/div><\/div>\n<\/p><\/div>\n<\/p><\/div>\n<\/p><\/div>\n<\/p><\/div>\n<\/p><\/div>\n<div class=\"row justify-content-md-center mt-3\">\n<div class=\"col-lg-auto col-image block-news-main-image\">\n<p>                                <img decoding=\"async\" src=\"https:\/\/www.agrolink.com.br\/upload\/imagens-resizes\/d3c4b80b5173412ead09582107ceabd6_858x483.jpg\" class=\"lazyload img-fluid\"\/><br \/>\n                                                <span class=\"publicity-photo d-block mt-1\">Foto: Pixabay<\/span><\/p><\/div>\n<\/p><\/div>\n<div class=\"section-description section-description-noticias mt-3\">\n<p style=\"text-align:justify\">As cota\u00e7\u00f5es internacionais do <a href=\"https:\/\/www.agrolink.com.br\/culturas\/trigo\/?utm_source=agrolink-detalhe-noticia&amp;utm_medium=detalhe-noticia&amp;utm_campaign=links-internos\" target=\"_blank\" rel=\"noopener\">trigo<\/a> voltaram a recuar nesta \u00faltima semana de julho. O bushel fechou o dia 31 a US$ 5,23 em Chicago, contra US$ 5,41 uma semana antes. A press\u00e3o veio tanto do avan\u00e7o da colheita nos Estados Unidos quanto da melhora nas lavouras da Austr\u00e1lia.&#13;\n<\/p>\n<p style=\"text-align:justify\">De acordo com a Central Internacional de An\u00e1lises Econ\u00f4micas e de Estudos de Mercado Agropecu\u00e1rio (CEEMA), a colheita do trigo de inverno nos EUA alcan\u00e7ou 80% da \u00e1rea plantada, enquanto o trigo de primavera come\u00e7a lentamente a ser colhido. As condi\u00e7\u00f5es dessas lavouras s\u00e3o medianas: apenas 49% est\u00e3o entre boas a excelentes, 33% regulares e 18% ruins.<\/p>\n<p style=\"text-align:justify\">Os embarques norte-americanos de trigo, por\u00e9m, decepcionaram. Foram apenas 288 mil toneladas na semana analisada, abaixo das expectativas do mercado. Mesmo assim, o acumulado do ano j\u00e1 soma 3,3 milh\u00f5es de toneladas \u2014 6% acima do mesmo per\u00edodo de 2024.&#13;\n<\/p>\n<p style=\"text-align:justify\">No cen\u00e1rio asi\u00e1tico, destaque para a Austr\u00e1lia, onde as chuvas de julho melhoraram o potencial das lavouras. A expectativa de produ\u00e7\u00e3o foi elevada de 30,6 para at\u00e9 34 milh\u00f5es de toneladas. Essa melhora pode aumentar a oferta global e pressionar ainda mais os pre\u00e7os, que j\u00e1 se aproximam dos menores patamares desde 2020.<\/p>\n<p style=\"text-align:justify\">No Brasil, os pre\u00e7os do trigo permanecem est\u00e1veis, mas com leve vi\u00e9s de baixa no Paran\u00e1. O Rio Grande do Sul registra valores ao redor de R$ 70,00 por saca, enquanto no Paran\u00e1 o pre\u00e7o oscila entre R$ 76,00 e R$ 78,00. Pela primeira vez em meses, a m\u00e9dia ga\u00facha ficou abaixo de R$ 70,00\/saca.&#13;\n<\/p>\n<p style=\"text-align:justify\">A CEEMA destaca ainda que o plantio foi conclu\u00eddo no Sul do Brasil e a colheita j\u00e1 come\u00e7ou em regi\u00f5es do Centro-Oeste e de Minas Gerais. O mercado deve acompanhar com aten\u00e7\u00e3o o impacto da oferta australiana nos pre\u00e7os do trigo importado, fator que pode influenciar diretamente as negocia\u00e7\u00f5es internas nos pr\u00f3ximos meses.<\/p>\n<\/p><\/div>\n<\/p><\/div>\n<p><script data-cfasync=\"false\">\n    !function (f, b, e, v, n, t, s) {\n        if (f.fbq) return; n = f.fbq = function () {\n            n.callMethod ?\n                n.callMethod.apply(n, arguments) : n.queue.push(arguments)\n        };\n        if (!f._fbq) f._fbq = n; n.push = n; n.loaded = !0; n.version = '2.0';\n        n.queue = []; t = b.createElement(e); t.async = !0;\n        t.src = v; s = b.getElementsByTagName(e)[0];\n        s.parentNode.insertBefore(t, s)\n    }(window, document, 'script',\n        'https:\/\/connect.facebook.net\/en_US\/fbevents.js');\n    fbq('init', '522546078623747');\n    fbq('track', 'PageView');\n<\/script><br \/>\n<br \/><br \/>\n<br \/><a href=\"https:\/\/www.agrolink.com.br\/noticias\/trigo-cai-em-chicago-com-avanco-da-colheita-nos-eua-e-melhora-na-australia_504551.html\">Source link <\/a><\/p>\n","protected":false},"excerpt":{"rendered":"<p>&#13; As cota\u00e7\u00f5es internacionais do trigo voltaram a recuar&#13; &#13; Agrolink&#13; &#13; &#8211; Aline Merladete&#13; &#13; Publicado em 01\/08\/2025 \u00e0s<\/p>\n","protected":false},"author":1,"featured_media":838,"comment_status":"open","ping_status":"open","sticky":false,"template":"","format":"standard","meta":{"_monsterinsights_skip_tracking":false,"_monsterinsights_sitenote_active":false,"_monsterinsights_sitenote_note":"","_monsterinsights_sitenote_category":0,"_uf_show_specific_survey":0,"_uf_disable_surveys":false,"footnotes":""},"categories":[8,1,14],"tags":[],"class_list":["post-17947","post","type-post","status-publish","format-standard","has-post-thumbnail","hentry","category-agro","category-news","category-politica-agro"],"_links":{"self":[{"href":"https:\/\/agromt.news\/index.php?rest_route=\/wp\/v2\/posts\/17947"}],"collection":[{"href":"https:\/\/agromt.news\/index.php?rest_route=\/wp\/v2\/posts"}],"about":[{"href":"https:\/\/agromt.news\/index.php?rest_route=\/wp\/v2\/types\/post"}],"author":[{"embeddable":true,"href":"https:\/\/agromt.news\/index.php?rest_route=\/wp\/v2\/users\/1"}],"replies":[{"embeddable":true,"href":"https:\/\/agromt.news\/index.php?rest_route=%2Fwp%2Fv2%2Fcomments&post=17947"}],"version-history":[{"count":0,"href":"https:\/\/agromt.news\/index.php?rest_route=\/wp\/v2\/posts\/17947\/revisions"}],"wp:featuredmedia":[{"embeddable":true,"href":"https:\/\/agromt.news\/index.php?rest_route=\/wp\/v2\/media\/838"}],"wp:attachment":[{"href":"https:\/\/agromt.news\/index.php?rest_route=%2Fwp%2Fv2%2Fmedia&parent=17947"}],"wp:term":[{"taxonomy":"category","embeddable":true,"href":"https:\/\/agromt.news\/index.php?rest_route=%2Fwp%2Fv2%2Fcategories&post=17947"},{"taxonomy":"post_tag","embeddable":true,"href":"https:\/\/agromt.news\/index.php?rest_route=%2Fwp%2Fv2%2Ftags&post=17947"}],"curies":[{"name":"wp","href":"https:\/\/api.w.org\/{rel}","templated":true}]}}