{"id":17944,"date":"2025-08-03T11:34:37","date_gmt":"2025-08-03T15:34:37","guid":{"rendered":"https:\/\/agromt.news\/?p=17944"},"modified":"2025-08-03T11:34:37","modified_gmt":"2025-08-03T15:34:37","slug":"cafe-brasileiro-deve-entrar-na-lista-de-excecoes-do-tarifaco","status":"publish","type":"post","link":"https:\/\/agromt.news\/?p=17944","title":{"rendered":"Caf\u00e9 brasileiro deve entrar na lista de exce\u00e7\u00f5es do tarifa\u00e7o"},"content":{"rendered":"<p> <br \/>\n<br \/><img decoding=\"async\" src=\"https:\/\/agromt.news\/wp-content\/uploads\/2025\/06\/cotacoes-operam-nas-menores-medias-do-ano.png\" \/><\/p>\n<div>\n<p>O caf\u00e9 ficou de fora da <a href=\"https:\/\/www.canalrural.com.br\/economia\/suco-de-laranja-e-castanhas-nao-serao-taxados-por-trump\/\">lista de quase 700 exce\u00e7\u00f5es \u00e0 taxa\u00e7\u00e3o de 50%<\/a> imposta por Donald Trump, mas, para Gil Barabacque, analista de mercado da Safras &amp; Mercado, o produto deve ser inclu\u00eddo em breve entre os itens isentos da tarifa.<\/p>\n<p>\u201cO fato de o caf\u00e9 n\u00e3o ter entrado na lista causou muita surpresa, porque n\u00e3o faz sentido dentro do atual cen\u00e1rio. O principal prejudicado com a imposi\u00e7\u00e3o da tarifa \u00e9 o consumidor norte-americano. O Brasil representa cerca de 30% das importa\u00e7\u00f5es de caf\u00e9 verde pelos Estados Unidos. Ou seja, o impacto \u00e9 significativo. \u00c9 o maior fornecedor, e essa substitui\u00e7\u00e3o por outro pa\u00eds n\u00e3o pode ser feita rapidamente, ao menos n\u00e3o com o mesmo volume que o Brasil exporta. Diante disso, existe uma perspectiva concreta de que, nas pr\u00f3ximas semanas, o caf\u00e9 passe a integrar a lista de exce\u00e7\u00f5es\u201d, \u00a0afirma Barabacque.<\/p>\n<figure class=\"wp-block-embed is-type-video is-provider-youtube wp-block-embed-youtube wp-embed-aspect-16-9 wp-has-aspect-ratio\">\n<p>\n<iframe title=\"Caf\u00e9 entra na lista do tarifa\u00e7o dos EUA: o que esperar dos pre\u00e7os?\" width=\"800\" height=\"450\" src=\"https:\/\/www.youtube.com\/embed\/JtvnczSaYQ8?feature=oembed\" frameborder=\"0\" allow=\"accelerometer; autoplay; clipboard-write; encrypted-media; gyroscope; picture-in-picture; web-share\" referrerpolicy=\"strict-origin-when-cross-origin\" allowfullscreen><\/iframe>\n<\/p>\n<\/figure>\n<p>Segundo o analista, o mercado j\u00e1 antecipou a poss\u00edvel inclus\u00e3o do caf\u00e9 na lista, o que trouxe certa estabilidade aos pre\u00e7os.<\/p>\n<p>\u201cEsse tarifa\u00e7o trouxe volatilidade \u00e0 Bolsa de Nova York, que \u00e9 a principal refer\u00eancia global para o caf\u00e9 ar\u00e1bica. Inicialmente, houve uma rea\u00e7\u00e3o de alta, fruto da surpresa pela aus\u00eancia do caf\u00e9 na lista. Depois, prevaleceu uma leitura de m\u00e9dio e longo prazo, que considera o efeito negativo da tarifa para o consumo e a demanda no mercado norte-americano. Hoje, h\u00e1 um otimismo crescente de que o produto ser\u00e1 inclu\u00eddo\u201d, explica.<\/p>\n<p>\u201cO mercado est\u00e1 andando de lado. Ou seja, os pre\u00e7os internos n\u00e3o t\u00eam apresentado grandes oscila\u00e7\u00f5es, nem para cima, nem para baixo. Al\u00e9m disso, os neg\u00f3cios est\u00e3o sendo feitos em ritmo moderado, porque tanto compradores quanto vendedores aguardam um desfecho sobre a entrada do caf\u00e9 na lista de exce\u00e7\u00f5es\u201d, complementa.<\/p>\n<h2 class=\"wp-block-heading\" id=\"h-preco-em-queda\"><strong>Pre\u00e7o em queda<\/strong><\/h2>\n<p>Antes da imposi\u00e7\u00e3o do tarifa\u00e7o por Donald Trump, o pre\u00e7o do caf\u00e9 havia disparado no in\u00edcio do ano, mas come\u00e7ou a cair no fim do primeiro semestre de 2025. Barabacque explica que as oscila\u00e7\u00f5es s\u00e3o consequ\u00eancia direta das condi\u00e7\u00f5es clim\u00e1ticas de 2024, que afetaram a produ\u00e7\u00e3o brasileira.<\/p>\n<p>\u201cA queda nos pre\u00e7os nesse momento n\u00e3o tem rela\u00e7\u00e3o direta com as tarifas. Est\u00e1 mais ligada \u00e0 mudan\u00e7a de perspectiva no mercado. No ano passado, houve escassez de caf\u00e9, o que impulsionou os pre\u00e7os at\u00e9 o come\u00e7o de 2025. A partir de abril, esse cen\u00e1rio come\u00e7ou a mudar, principalmente com a melhora na oferta global de robusta, incluindo o conilon brasileiro\u2019, \u00a0afirma.<\/p>\n<\/div>\n<div>\n<p>Segundo ele, a chegada da nova safra brasileira e a melhora nas condi\u00e7\u00f5es clim\u00e1ticas contribu\u00edram para o al\u00edvio nos pre\u00e7os.<\/p>\n<p>\u201cEste ano o Brasil n\u00e3o teve uma seca t\u00e3o prolongada quanto em 2024. Houve per\u00edodos de redu\u00e7\u00e3o de chuvas, mas n\u00e3o uma estiagem intensa como a anterior. O inverno, que no in\u00edcio assustou, acabou se mostrando menos rigoroso. Tudo isso come\u00e7ou a criar uma expectativa mais positiva para a pr\u00f3xima safra. Esse conjunto de fatores contribuiu para a queda nos pre\u00e7os\u201d, diz.<\/p>\n<p>Mesmo assim, o analista aponta que h\u00e1 um suporte nos pre\u00e7os do ar\u00e1bica, j\u00e1 que a oferta neste ano ainda \u00e9 menor do que a registrada em 2024, justamente por causa da seca anterior.<\/p>\n<p>\u201cEsse fator ajuda a sustentar os pre\u00e7os. Mas, no segundo semestre, o foco do mercado se volta para a safra de 2026. As aten\u00e7\u00f5es se voltam para a florada e para as chuvas, que s\u00e3o fundamentais para o desenvolvimento da pr\u00f3xima safra\u2019, explica.<\/p>\n<h2 class=\"wp-block-heading\" id=\"h-clima-tera-mais-peso-que-tarifas\"><strong>Clima ter\u00e1 mais peso que tarifas<\/strong><\/h2>\n<p>Barabacque acredita que, no longo prazo, as condi\u00e7\u00f5es clim\u00e1ticas ter\u00e3o mais influ\u00eancia no mercado de caf\u00e9 do que o pr\u00f3prio tarifa\u00e7o.<\/p>\n<p>\u201cA tarifa, se mantida, deve alterar os fluxos de com\u00e9rcio. Os Estados Unidos comprariam menos caf\u00e9 do Brasil e mais de outras origens. Em contrapartida, o Brasil buscaria novos mercados. Isso afeta os diferenciais de pre\u00e7o entre origens. Mas, no m\u00e9dio e longo prazo, o impacto mais relevante viria do aumento de custos para o maior consumidor mundial, os EUA, e da expectativa com a pr\u00f3xima safra brasileira\u201d avalia.<\/p>\n<p>\u201cEsses dois fatores, consumo mais caro e safra brasileira, pesam bastante, mas acredito que a expectativa com a produ\u00e7\u00e3o nacional deve ter mais peso no comportamento do mercado do que o pr\u00f3prio tarifa\u00e7o\u201d, conclui o analista.<\/p>\n<\/p><\/div>\n<p><br \/>\n<br \/><a href=\"https:\/\/www.canalrural.com.br\/agricultura\/cafe\/cafe-brasileiro-deve-entrar-na-lista-de-excecoes-do-tarifaco\/\">Source link <\/a><\/p>\n","protected":false},"excerpt":{"rendered":"<p>O caf\u00e9 ficou de fora da lista de quase 700 exce\u00e7\u00f5es \u00e0 taxa\u00e7\u00e3o de 50% imposta por Donald Trump, mas,<\/p>\n","protected":false},"author":1,"featured_media":15578,"comment_status":"open","ping_status":"open","sticky":false,"template":"","format":"standard","meta":{"_monsterinsights_skip_tracking":false,"_monsterinsights_sitenote_active":false,"_monsterinsights_sitenote_note":"","_monsterinsights_sitenote_category":0,"_uf_show_specific_survey":0,"_uf_disable_surveys":false,"footnotes":""},"categories":[1],"tags":[],"class_list":["post-17944","post","type-post","status-publish","format-standard","has-post-thumbnail","hentry","category-news"],"_links":{"self":[{"href":"https:\/\/agromt.news\/index.php?rest_route=\/wp\/v2\/posts\/17944"}],"collection":[{"href":"https:\/\/agromt.news\/index.php?rest_route=\/wp\/v2\/posts"}],"about":[{"href":"https:\/\/agromt.news\/index.php?rest_route=\/wp\/v2\/types\/post"}],"author":[{"embeddable":true,"href":"https:\/\/agromt.news\/index.php?rest_route=\/wp\/v2\/users\/1"}],"replies":[{"embeddable":true,"href":"https:\/\/agromt.news\/index.php?rest_route=%2Fwp%2Fv2%2Fcomments&post=17944"}],"version-history":[{"count":0,"href":"https:\/\/agromt.news\/index.php?rest_route=\/wp\/v2\/posts\/17944\/revisions"}],"wp:featuredmedia":[{"embeddable":true,"href":"https:\/\/agromt.news\/index.php?rest_route=\/wp\/v2\/media\/15578"}],"wp:attachment":[{"href":"https:\/\/agromt.news\/index.php?rest_route=%2Fwp%2Fv2%2Fmedia&parent=17944"}],"wp:term":[{"taxonomy":"category","embeddable":true,"href":"https:\/\/agromt.news\/index.php?rest_route=%2Fwp%2Fv2%2Fcategories&post=17944"},{"taxonomy":"post_tag","embeddable":true,"href":"https:\/\/agromt.news\/index.php?rest_route=%2Fwp%2Fv2%2Ftags&post=17944"}],"curies":[{"name":"wp","href":"https:\/\/api.w.org\/{rel}","templated":true}]}}