{"id":17943,"date":"2025-08-03T11:21:03","date_gmt":"2025-08-03T15:21:03","guid":{"rendered":"https:\/\/agromt.news\/?p=17943"},"modified":"2025-08-03T11:21:03","modified_gmt":"2025-08-03T15:21:03","slug":"o-brasil-precisa-do-congresso-agora","status":"publish","type":"post","link":"https:\/\/agromt.news\/?p=17943","title":{"rendered":"O Brasil precisa do Congresso agora"},"content":{"rendered":"<p> <br \/>\n<\/p>\n<div>\n<p>O recesso parlamentar chegou ao fim, e o Congresso Nacional volta \u00e0 cena pressionado por uma conjuntura in\u00e9dita: tarifas comerciais unilaterais impostas pelos Estados Unidos contra produtos estrat\u00e9gicos do Brasil e san\u00e7\u00f5es diplom\u00e1ticas que atingem diretamente ministros do Supremo Tribunal Federal. Em meio a esse cen\u00e1rio, cresce a expectativa sobre como as institui\u00e7\u00f5es brasileiras \u2014 e, principalmente, o parlamento \u2014 reagiram diante de uma crise que extrapola ideologias e exige uma postura de soberania nacional.<\/p>\n<p>As tarifas de at\u00e9 50% impostas pelos Estados Unidos ainda atingem produtos pilares da pauta\u00a0 exportadora brasileira. Ao mesmo tempo, o uso da <a href=\"https:\/\/www.canalrural.com.br\/politica\/eua-aplicam-sancoes-contra-alexandre-de-moraes-com-base-na-lei-magnitsky\/\">Lei Magnitsky<\/a> para sancionar o ministro Alexandre de Moraes, do STF, elevou a tens\u00e3o diplom\u00e1tica entre os dois pa\u00edses e exp\u00f4s a fragilidade institucional diante de press\u00f5es externas.<\/p>\n<p><em>Veja em primeira m\u00e3o tudo sobre agricultura, pecu\u00e1ria, economia e previs\u00e3o do tempo:<\/em><a href=\"https:\/\/news.google.com\/publications\/CAAqBwgKMPKZlQswq_mqAw?hl=pt-BR&amp;gl=BR&amp;ceid=BR%3Apt-419\" target=\"_blank\" rel=\"noreferrer noopener\"><em>\u00a0siga o Canal Rural no Google News!<\/em><\/a><\/p>\n<p>Se o executivo ainda busca calibrar a resposta por meio da diplomacia, cabe ao Congresso, na retomada de seus trabalhos, assumir o protagonismo. Isso significa\u00a0ir al\u00e9m da disputa de narrativas partid\u00e1rias e construir uma agenda que defenda o Brasil, sua economia e suas institui\u00e7\u00f5es.<\/p>\n<p>Entre os temas que aguardam os presidentes das casas, Hugo Motta e Davi Alcolumbre, est\u00e3o:<\/p>\n<ul class=\"wp-block-list\">\n<li>Propostas de limita\u00e7\u00e3o do poder do STF;<\/li>\n<li>Press\u00e3o por uma CPI da Censura;<\/li>\n<li>Projetos de anistia e revis\u00e3o de decis\u00f5es judiciais ligadas \u00e0 polariza\u00e7\u00e3o pol\u00edtica;<\/li>\n<li>Discuss\u00e3o sobre o novo marco regulat\u00f3rio da tributa\u00e7\u00e3o da exporta\u00e7\u00e3o;<\/li>\n<li>Refor\u00e7o ao cr\u00e9dito emergencial para setores afetados pelas tarifas internacionais.<\/li>\n<\/ul>\n<p>Essa pauta densa, por\u00e9m, n\u00e3o pode ignorar o que est\u00e1 em jogo:\u00a0o risco de retra\u00e7\u00e3o econ\u00f4mica para o Brasil, especialmente no agroneg\u00f3cio e outros que j\u00e1 sofrem com cancelamentos de contratos e queda na competitividade internacional.<\/p>\n<p>O momento pede uma postura institucional clara e sem ambiguidade. O Congresso precisa:<\/p>\n<\/div>\n<div>\n<ol start=\"1\" class=\"wp-block-list\">\n<li>Aprovar medidas emergenciais de suporte ao setor produtivo, como linhas de cr\u00e9dito espec\u00edficas, incentivos \u00e0 diversifica\u00e7\u00e3o de mercados e salvaguardas comerciais;<\/li>\n<li>Refor\u00e7ar a soberania nacional, sem ceder a imposi\u00e7\u00f5es externas que coloquem em risco a autonomia dos poderes;<\/li>\n<li>Criar um pacto pela unidade institucional, com a convoca\u00e7\u00e3o de l\u00edderes do Executivo, Judici\u00e1rio e sociedade civil para uma resposta coordenada;<\/li>\n<li>Estabelecer uma agenda de Estado, n\u00e3o de governo\u00a0\u2014 uma agenda que coloque o Brasil em primeiro lugar, acima de qualquer polariza\u00e7\u00e3o ideol\u00f3gica.<\/li>\n<\/ol>\n<p>O agroneg\u00f3cio, respons\u00e1vel por mais de 25% do PIB brasileiro e 48% das exporta\u00e7\u00f5es, est\u00e1 no centro da crise gerada pelas tarifas americanas. O setor clama por previsibilidade, estabilidade institucional e pol\u00edticas p\u00fablicas que o protejam diante de um cen\u00e1rio de guerra comercial travestida de retalia\u00e7\u00e3o pol\u00edtica.<\/p>\n<p>Negar apoio ao agro neste momento \u00e9\u00a0negligenciar um dos pilares da economia nacional. A defesa do produtor rural, seja grande ou pequeno, precisa estar na linha de frente das a\u00e7\u00f5es do Legislativo, especialmente daqueles que se dizem representantes do interior do Brasil.<\/p>\n<h2 class=\"wp-block-heading\" id=\"h-conclusao-o-momento-exige-grandeza-institucional\">Conclus\u00e3o: o momento exige grandeza institucional<\/h2>\n<p>O Brasil enfrenta, hoje, uma prova de fogo. E ela n\u00e3o se resolver\u00e1 com tweets, bravatas ou jogos de empurra entre os poderes. O povo brasileiro,especialmente quem carrega o pa\u00eds nas costas, como os produtores e trabalhadores, espera respostas concretas.<\/p>\n<p>\u00c9 hora de o Congresso Nacional mostrar que est\u00e1 \u00e0 altura da miss\u00e3o hist\u00f3rica que lhe cabe. O pa\u00eds precisa de unidade, responsabilidade e lideran\u00e7a.<\/p>\n<p>Acima da esquerda, da direita ou do centro, deve estar a bandeira do Brasil.<\/p>\n<div class=\"wp-block-media-text is-stacked-on-mobile\">\n<figure class=\"wp-block-media-text__media\"><img fetchpriority=\"high\" decoding=\"async\" width=\"683\" height=\"1024\" alt=\"Miguel Daoud\" class=\"wp-image-4095706 size-full\"  data-lazy- src=\"https:\/\/agromt.news\/wp-content\/uploads\/2025\/04\/Como-guerras-e-crises-moldaram-o-preco-das-commodities-nos.jpg\"\/><img decoding=\"async\" width=\"683\" height=\"1024\" src=\"https:\/\/agromt.news\/wp-content\/uploads\/2025\/04\/Como-guerras-e-crises-moldaram-o-preco-das-commodities-nos.jpg\" alt=\"Miguel Daoud\" class=\"wp-image-4095706 size-full\"  \/><\/figure>\n<div class=\"wp-block-media-text__content\">\n<p class=\"has-text-align-center\">*<em><strong>Miguel Daoud<\/strong>\u00a0\u00e9 comentarista de Economia e Pol\u00edtica\u00a0do Canal Rural<\/em><\/p>\n<\/div>\n<\/div>\n<hr class=\"wp-block-separator has-alpha-channel-opacity\"\/>\n<p><em>O\u00a0<strong>Canal Rural<\/strong>\u00a0n\u00e3o se responsabiliza pelas opini\u00f5es e conceitos emitidos nos textos desta sess\u00e3o, sendo os conte\u00fados de inteira responsabilidade de seus autores. A empresa se reserva o direito de fazer ajustes no texto para adequa\u00e7\u00e3o \u00e0s normas de publica\u00e7\u00e3o.<\/em><\/p>\n<\/p><\/div>\n<p><br \/>\n<br \/><a href=\"https:\/\/www.canalrural.com.br\/opiniao-noticias\/o-brasil-precisa-do-congresso-agora\/\">Source link <\/a><\/p>\n","protected":false},"excerpt":{"rendered":"<p>O recesso parlamentar chegou ao fim, e o Congresso Nacional volta \u00e0 cena pressionado por uma conjuntura in\u00e9dita: tarifas comerciais<\/p>\n","protected":false},"author":1,"featured_media":11883,"comment_status":"open","ping_status":"open","sticky":false,"template":"","format":"standard","meta":{"_monsterinsights_skip_tracking":false,"_monsterinsights_sitenote_active":false,"_monsterinsights_sitenote_note":"","_monsterinsights_sitenote_category":0,"_uf_show_specific_survey":0,"_uf_disable_surveys":false,"footnotes":""},"categories":[1],"tags":[],"class_list":["post-17943","post","type-post","status-publish","format-standard","has-post-thumbnail","hentry","category-news"],"_links":{"self":[{"href":"https:\/\/agromt.news\/index.php?rest_route=\/wp\/v2\/posts\/17943"}],"collection":[{"href":"https:\/\/agromt.news\/index.php?rest_route=\/wp\/v2\/posts"}],"about":[{"href":"https:\/\/agromt.news\/index.php?rest_route=\/wp\/v2\/types\/post"}],"author":[{"embeddable":true,"href":"https:\/\/agromt.news\/index.php?rest_route=\/wp\/v2\/users\/1"}],"replies":[{"embeddable":true,"href":"https:\/\/agromt.news\/index.php?rest_route=%2Fwp%2Fv2%2Fcomments&post=17943"}],"version-history":[{"count":0,"href":"https:\/\/agromt.news\/index.php?rest_route=\/wp\/v2\/posts\/17943\/revisions"}],"wp:featuredmedia":[{"embeddable":true,"href":"https:\/\/agromt.news\/index.php?rest_route=\/wp\/v2\/media\/11883"}],"wp:attachment":[{"href":"https:\/\/agromt.news\/index.php?rest_route=%2Fwp%2Fv2%2Fmedia&parent=17943"}],"wp:term":[{"taxonomy":"category","embeddable":true,"href":"https:\/\/agromt.news\/index.php?rest_route=%2Fwp%2Fv2%2Fcategories&post=17943"},{"taxonomy":"post_tag","embeddable":true,"href":"https:\/\/agromt.news\/index.php?rest_route=%2Fwp%2Fv2%2Ftags&post=17943"}],"curies":[{"name":"wp","href":"https:\/\/api.w.org\/{rel}","templated":true}]}}