{"id":17939,"date":"2025-08-03T11:07:08","date_gmt":"2025-08-03T15:07:08","guid":{"rendered":"https:\/\/agromt.news\/?p=17939"},"modified":"2025-08-03T11:07:08","modified_gmt":"2025-08-03T15:07:08","slug":"festa-do-peao-de-barretos-divulga-cartaz-para-celebrar-70-anos","status":"publish","type":"post","link":"https:\/\/agromt.news\/?p=17939","title":{"rendered":"Festa do Pe\u00e3o de Barretos divulga cartaz para celebrar 70 anos"},"content":{"rendered":"<p> <br \/>\n<br \/><img decoding=\"async\" src=\"https:\/\/agromt.news\/wp-content\/uploads\/2025\/08\/Festa-do-Peao-de-Barretos-divulga-cartaz-para-celebrar-70.jpg\" \/><\/p>\n<div>\n<p>A obra chamada \u201cEntre a sela e a can\u00e7\u00e3o\u201d, da artista pl\u00e1stica Bettina Alves, ilustra o cartaz oficial da <a href=\"https:\/\/www.canalrural.com.br\/diversos\/festa-do-peao-de-barretos-anuncia-pre-programacao-musical\/\">70\u00aa Festa do Pe\u00e3o de Barretos<\/a>. Conhecida pelo talento no realismo e pela paix\u00e3o declarada pelo universo sertanejo, Bettina criou uma obra que homenageia os competidores, a m\u00fasica raiz e os 70 anos de hist\u00f3ria do maior rodeio da Am\u00e9rica Latina.<\/p>\n<p>Para celebrar as sete d\u00e9cadas da Festa, a artista criou um personagem simb\u00f3lico: o Jerom\u00e3o. \u201cDesde o in\u00edcio eu queria representar o Jerom\u00e3o, que \u00e9 o s\u00edmbolo do pe\u00e3o de boiadeiro\u201d, explica a artista. Na obra, ele aparece de costas, caminhando em dire\u00e7\u00e3o \u00e0 arena de Barretos com a sela e um viol\u00e3o \u2013 elementos que representam o rodeio e a m\u00fasica sertaneja. O cen\u00e1rio expressa o contraste entre mem\u00f3ria e presente, com tons que misturam o realismo da trajet\u00f3ria com a emo\u00e7\u00e3o da chegada.<\/p>\n<p><em>Veja em primeira m\u00e3o tudo sobre agricultura, pecu\u00e1ria, economia e previs\u00e3o do tempo:<\/em><a href=\"https:\/\/news.google.com\/publications\/CAAqBwgKMPKZlQswq_mqAw?hl=pt-BR&amp;gl=BR&amp;ceid=BR%3Apt-419\" target=\"_blank\" rel=\"noreferrer noopener\"><em>\u00a0siga o Canal Rural no Google News!<\/em><\/a><\/p>\n<\/div>\n<div>\n<p>\u201cQuis mostrar a bagagem de 70 anos sendo levada por ele at\u00e9 a arena. Tem um toque de saudade, de lembran\u00e7a de uma montaria passada, mas tamb\u00e9m de futuro, de for\u00e7a e continuidade\u201d, comenta Bettina.<\/p>\n<p>A obra ser\u00e1 exibida durante o evento no Memorial do Pe\u00e3o, ao lado de outros cartazes que fazem parte da hist\u00f3ria da Festa. O cartaz \u00e9 uma tradi\u00e7\u00e3o do evento que conta em sua galeria com artes assinadas por grandes nomes como Tomie Ohtake, Hans Donner, Oscar Niemeyer, Ziraldo, Romero Brito, Manabu Mabe, entre outros. A 70\u00aa Festa do Pe\u00e3o de Barretos acontece de 21 a 31 de agosto.<\/p>\n<\/p><\/div>\n<p><br \/>\n<br \/><a href=\"https:\/\/www.canalrural.com.br\/entretenimento\/festa-do-peao-de-barretos-divulga-cartaz-para-celebrar-70-anos\/\">Source link <\/a><\/p>\n","protected":false},"excerpt":{"rendered":"<p>A obra chamada \u201cEntre a sela e a can\u00e7\u00e3o\u201d, da artista pl\u00e1stica Bettina Alves, ilustra o cartaz oficial da 70\u00aa<\/p>\n","protected":false},"author":1,"featured_media":17940,"comment_status":"open","ping_status":"open","sticky":false,"template":"","format":"standard","meta":{"_monsterinsights_skip_tracking":false,"_monsterinsights_sitenote_active":false,"_monsterinsights_sitenote_note":"","_monsterinsights_sitenote_category":0,"_uf_show_specific_survey":0,"_uf_disable_surveys":false,"footnotes":""},"categories":[1],"tags":[],"class_list":["post-17939","post","type-post","status-publish","format-standard","has-post-thumbnail","hentry","category-news"],"_links":{"self":[{"href":"https:\/\/agromt.news\/index.php?rest_route=\/wp\/v2\/posts\/17939"}],"collection":[{"href":"https:\/\/agromt.news\/index.php?rest_route=\/wp\/v2\/posts"}],"about":[{"href":"https:\/\/agromt.news\/index.php?rest_route=\/wp\/v2\/types\/post"}],"author":[{"embeddable":true,"href":"https:\/\/agromt.news\/index.php?rest_route=\/wp\/v2\/users\/1"}],"replies":[{"embeddable":true,"href":"https:\/\/agromt.news\/index.php?rest_route=%2Fwp%2Fv2%2Fcomments&post=17939"}],"version-history":[{"count":0,"href":"https:\/\/agromt.news\/index.php?rest_route=\/wp\/v2\/posts\/17939\/revisions"}],"wp:featuredmedia":[{"embeddable":true,"href":"https:\/\/agromt.news\/index.php?rest_route=\/wp\/v2\/media\/17940"}],"wp:attachment":[{"href":"https:\/\/agromt.news\/index.php?rest_route=%2Fwp%2Fv2%2Fmedia&parent=17939"}],"wp:term":[{"taxonomy":"category","embeddable":true,"href":"https:\/\/agromt.news\/index.php?rest_route=%2Fwp%2Fv2%2Fcategories&post=17939"},{"taxonomy":"post_tag","embeddable":true,"href":"https:\/\/agromt.news\/index.php?rest_route=%2Fwp%2Fv2%2Ftags&post=17939"}],"curies":[{"name":"wp","href":"https:\/\/api.w.org\/{rel}","templated":true}]}}