{"id":17937,"date":"2025-08-03T09:15:45","date_gmt":"2025-08-03T13:15:45","guid":{"rendered":"https:\/\/agromt.news\/?p=17937"},"modified":"2025-08-03T09:15:45","modified_gmt":"2025-08-03T13:15:45","slug":"calor-extremo-e-frio-intenso-dividem-o-brasil-no-inicio-de-agosto","status":"publish","type":"post","link":"https:\/\/agromt.news\/?p=17937","title":{"rendered":"Calor extremo e frio intenso dividem o Brasil no in\u00edcio de agosto"},"content":{"rendered":"<p> <br \/>\n<\/p>\n<div>\n<div class=\"row\">\n<div class=\"col-lg col-infos mt-0 mt-lg-0\">\n<div class=\"section-sub-title\">\n<p itemprop=\"description\">&#13;<br \/>\n                                Previs\u00e3o tamb\u00e9m aponta para baixos \u00edndices de umidade&#13;\n                            <\/p>\n<\/p><\/div>\n<div class=\"container\">\n<div class=\"row\">\n<div class=\"col-lg p-0\">\n<div>\n<div class=\"block-news-main-infos mt-3 text-start\">\n<p>                                            <strong class=\"fn\" itemprop=\"author\" style=\"color: rgb(112, 112, 112); \">&#13;<br \/>\n                                                <a href=\"https:\/\/www.agrolink.com.br\/noticias\/javascript:;\" class=\"text-uppercase\" target=\"_blank\" style=\"color: rgb(112, 112, 112); \" rel=\"noopener\">Agrolink<\/a>&#13;<br \/>\n&#13;<br \/>\n                                                    &#8211; Aline Merladete&#13;<br \/>\n&#13;<br \/>\n                                            <\/strong><br \/>\n                                        <\/p>\n<p>                                            <abbr><time datetime=\"2025-08-01T14:22\" itemprop=\"datePublished dateModified\">Publicado em 01\/08\/2025 \u00e0s 14:22h.<\/time><\/abbr><br \/>\n                                            <\/p><\/div>\n<\/p><\/div>\n<\/p><\/div>\n<div class=\"col-lg p-0 text-lg-end\">\n<div>\n<div id=\"mdEnviarPagina\" class=\"modal fade\" role=\"dialog\">\n<div class=\"modal-dialog\">\n<div class=\"modal-content\">\n<div class=\"modal-body\">\n<p><strong>Estimado usu\u00e1rio.<\/strong><br \/>Preencha o formul\u00e1rio abaixo para remeter a p\u00e1gina.<\/p>\n<\/p><\/div>\n<\/p><\/div>\n<\/p><\/div>\n<\/div><\/div>\n<\/p><\/div>\n<\/p><\/div>\n<\/p><\/div>\n<\/p><\/div>\n<\/p><\/div>\n<div class=\"row justify-content-md-center mt-3\">\n<div class=\"col-lg-auto col-image block-news-main-image\">\n<p>                                <img decoding=\"async\" src=\"https:\/\/www.agrolink.com.br\/upload\/imagens-resizes\/c233ca8709b64e57a5e3b1917c732288_858x483.jpg\" class=\"lazyload img-fluid\"\/><br \/>\n                                                <span class=\"publicity-photo d-block mt-1\">Foto: Canva<\/span><\/p><\/div>\n<\/p><\/div>\n<div class=\"section-description section-description-noticias mt-3\">\n<p>O primeiro fim de semana de agosto promete extremos de temperatura e tempo seco em diferentes regi\u00f5es do pa\u00eds. Entre os dias 1\u00ba e 3 de agosto, o Brasil dever\u00e1 enfrentar contrastes clim\u00e1ticos expressivos, com frio intenso previsto no Sul e calor escaldante em \u00e1reas do Norte, Centro-Oeste e interior do Nordeste. A previs\u00e3o tamb\u00e9m aponta para baixos \u00edndices de umidade em grande parte do territ\u00f3rio nacional.&#13;\n<\/p>\n<p>De acordo com informa\u00e7\u00f5es divulgadas pelo Instituto Nacional de Meteorologia (INMET), uma massa de ar frio vai avan\u00e7ar sobre a Regi\u00e3o Sul, derrubando as temperaturas m\u00ednimas para abaixo de 8\u00a0\u00b0C. Estados como Rio Grande do Sul, Santa Catarina e Paran\u00e1 dever\u00e3o registrar manh\u00e3s geladas, especialmente nas \u00e1reas de serra. O frio tamb\u00e9m alcan\u00e7ar\u00e1 o estado de S\u00e3o Paulo e o sul de Minas Gerais, com m\u00ednimas previstas entre 3\u00a0\u00b0C e 6\u00a0\u00b0C em cidades como Monte Verde (MG) e Campos do Jord\u00e3o (SP).<\/p>\n<p><a href=\"https:\/\/www.agrolink.com.br\/agrotempo?utm_source=agrolink-detalhe-noticia&amp;utm_medium=detalhe-noticia&amp;utm_campaign=links-internos\" target=\"_blank\" rel=\"noopener\">Clique aqui e acesse AGROTEMPO<\/a><\/p>\n<p>Enquanto isso, o calor dever\u00e1 predominar no Norte do pa\u00eds, com destaque para o Amazonas e o Par\u00e1. Em munic\u00edpios como Manicor\u00e9 (AM) e Reden\u00e7\u00e3o (PA), os term\u00f4metros podem ultrapassar os 40\u00a0\u00b0C no s\u00e1bado. No Centro-Oeste, estados como Mato Grosso e Mato Grosso do Sul tamb\u00e9m dever\u00e3o registrar temperaturas acima de 34\u00a0\u00b0C.&#13;\n<\/p>\n<p>Al\u00e9m do calor, a baixa umidade relativa do ar ser\u00e1 uma preocupa\u00e7\u00e3o. Regi\u00f5es do interior do Nordeste, Centro-Oeste e partes do Sudeste poder\u00e3o registrar \u00edndices inferiores a 30%, aumentando o risco de queimadas e afetando a sa\u00fade da popula\u00e7\u00e3o e o desenvolvimento das lavouras.<\/p>\n<p style=\"text-align:justify\">A chuva deve se concentrar na Regi\u00e3o Sul. No Rio Grande do Sul, os acumulados poder\u00e3o superar os 80 mm em \u00e1reas do sudoeste e sudeste do estado. Tamb\u00e9m s\u00e3o esperados volumes significativos de precipita\u00e7\u00e3o no centro-leste do Paran\u00e1 e de Santa Catarina, o que pode favorecer o abastecimento dos mananciais, mas exige aten\u00e7\u00e3o para o risco de alagamentos pontuais.&#13;\n<\/p>\n<\/p><\/div>\n<\/p><\/div>\n<p><script data-cfasync=\"false\">\n    !function (f, b, e, v, n, t, s) {\n        if (f.fbq) return; n = f.fbq = function () {\n            n.callMethod ?\n                n.callMethod.apply(n, arguments) : n.queue.push(arguments)\n        };\n        if (!f._fbq) f._fbq = n; n.push = n; n.loaded = !0; n.version = '2.0';\n        n.queue = []; t = b.createElement(e); t.async = !0;\n        t.src = v; s = b.getElementsByTagName(e)[0];\n        s.parentNode.insertBefore(t, s)\n    }(window, document, 'script',\n        'https:\/\/connect.facebook.net\/en_US\/fbevents.js');\n    fbq('init', '522546078623747');\n    fbq('track', 'PageView');\n<\/script><br \/>\n<br \/><br \/>\n<br \/><a href=\"https:\/\/www.agrolink.com.br\/noticias\/calor-extremo-e-frio-intenso-dividem-o-brasil-no-inicio-de-agosto_504554.html\">Source link <\/a><\/p>\n","protected":false},"excerpt":{"rendered":"<p>&#13; Previs\u00e3o tamb\u00e9m aponta para baixos \u00edndices de umidade&#13; &#13; Agrolink&#13; &#13; &#8211; Aline Merladete&#13; &#13; Publicado em 01\/08\/2025 \u00e0s<\/p>\n","protected":false},"author":1,"featured_media":10593,"comment_status":"open","ping_status":"open","sticky":false,"template":"","format":"standard","meta":{"_monsterinsights_skip_tracking":false,"_monsterinsights_sitenote_active":false,"_monsterinsights_sitenote_note":"","_monsterinsights_sitenote_category":0,"_uf_show_specific_survey":0,"_uf_disable_surveys":false,"footnotes":""},"categories":[8,1,14],"tags":[],"class_list":["post-17937","post","type-post","status-publish","format-standard","has-post-thumbnail","hentry","category-agro","category-news","category-politica-agro"],"_links":{"self":[{"href":"https:\/\/agromt.news\/index.php?rest_route=\/wp\/v2\/posts\/17937"}],"collection":[{"href":"https:\/\/agromt.news\/index.php?rest_route=\/wp\/v2\/posts"}],"about":[{"href":"https:\/\/agromt.news\/index.php?rest_route=\/wp\/v2\/types\/post"}],"author":[{"embeddable":true,"href":"https:\/\/agromt.news\/index.php?rest_route=\/wp\/v2\/users\/1"}],"replies":[{"embeddable":true,"href":"https:\/\/agromt.news\/index.php?rest_route=%2Fwp%2Fv2%2Fcomments&post=17937"}],"version-history":[{"count":0,"href":"https:\/\/agromt.news\/index.php?rest_route=\/wp\/v2\/posts\/17937\/revisions"}],"wp:featuredmedia":[{"embeddable":true,"href":"https:\/\/agromt.news\/index.php?rest_route=\/wp\/v2\/media\/10593"}],"wp:attachment":[{"href":"https:\/\/agromt.news\/index.php?rest_route=%2Fwp%2Fv2%2Fmedia&parent=17937"}],"wp:term":[{"taxonomy":"category","embeddable":true,"href":"https:\/\/agromt.news\/index.php?rest_route=%2Fwp%2Fv2%2Fcategories&post=17937"},{"taxonomy":"post_tag","embeddable":true,"href":"https:\/\/agromt.news\/index.php?rest_route=%2Fwp%2Fv2%2Ftags&post=17937"}],"curies":[{"name":"wp","href":"https:\/\/api.w.org\/{rel}","templated":true}]}}