{"id":17934,"date":"2025-08-03T07:18:28","date_gmt":"2025-08-03T11:18:28","guid":{"rendered":"https:\/\/agromt.news\/?p=17934"},"modified":"2025-08-03T07:18:28","modified_gmt":"2025-08-03T11:18:28","slug":"o-futuro-da-agricultura-passa-pela-integracao-entre-quimicos-e-biologicos","status":"publish","type":"post","link":"https:\/\/agromt.news\/?p=17934","title":{"rendered":"O futuro da agricultura passa pela integra\u00e7\u00e3o entre qu\u00edmicos e biol\u00f3gicos"},"content":{"rendered":"<p> <br \/>\n<\/p>\n<div>\n<p style=\"text-align:justify\">A agricultura est\u00e1 vivenciando uma transforma\u00e7\u00e3o. Ap\u00f3s d\u00e9cadas em que os defensivos qu\u00edmicos foram protagonistas no manejo agron\u00f4mico, oferecendo resultados e controle certeiros aos produtores, o setor passa a incorporar uma abordagem mais integrada, que alia produtividade \u00e0 sa\u00fade do solo, \u00e0 biodiversidade e \u00e0 sustentabilidade.&#13;\n<\/p>\n<p style=\"text-align:justify\">Essa integra\u00e7\u00e3o representa uma mudan\u00e7a de paradigma: n\u00e3o se trata de substituir tecnologias, mas de potencializar resultados por meio da complementaridade. A uni\u00e3o entre o rigor cient\u00edfico dos qu\u00edmicos e a intelig\u00eancia natural dos biol\u00f3gicos fortalece a resili\u00eancia dos sistemas produtivos, amplia a efic\u00e1cia do manejo e contribui para uma agricultura mais duradoura e alinhada \u00e0s demandas ambientais e sociais do presente.<\/p>\n<p style=\"text-align:justify\">Esse movimento ganha ainda mais relev\u00e2ncia diante do crescimento expressivo do mercado de biol\u00f3gicos. De acordo com dados da CropLife, no Brasil, a ado\u00e7\u00e3o de bioinsumos cresceu 13% na safra 2024\/2025, alcan\u00e7ando cerca de 156 milh\u00f5es de hectares tratados, com taxa de uso quatro vezes superior \u00e0 m\u00e9dia global. Dentre esses dados, outro que chama aten\u00e7\u00e3o \u00e9 que a combina\u00e7\u00e3o de produtos qu\u00edmicos e biol\u00f3gicos para prote\u00e7\u00e3o de cultivos cresceu 7% na safra 2023\/2024. Enquanto a ado\u00e7\u00e3o de bioinsumos, nas mesmas \u00e1reas, aumentou 35% no mesmo per\u00edodo.<\/p>\n<p style=\"text-align:justify\">Leonardo Antolini, Gerente Regional de Marketing Estrat\u00e9gico Plant Health da FMC para o Brasil<br \/>&#13;<br \/>\n\u00c9 neste cen\u00e1rio que a FMC, empresa global de ci\u00eancias para agricultura, reafirma seu compromisso de longo prazo com a inova\u00e7\u00e3o ao investir na combina\u00e7\u00e3o entre solu\u00e7\u00f5es qu\u00edmicas e biol\u00f3gicas. A companhia conta com um portf\u00f3lio consolidado de solu\u00e7\u00f5es biol\u00f3gicas, como Presence\u00ae Full, Provilar\u00ae, Ataplan\u00ae, Quartzo\u00ae, Crop Evo\u00ae e Seed+Como\u00ae e os recentes lan\u00e7amentos: os bioinseticidas Evedar\u00ae e Perovar\u00ae, e o biofungicida de solo Cablar\u00ae. Esses produtos foram desenvolvidos para atuar de forma sin\u00e9rgica com os qu\u00edmicos, oferecendo prote\u00e7\u00e3o eficiente e ampliada \u00e0s lavouras, al\u00e9m de benef\u00edcios ao solo e \u00e0 biodiversidade.&#13;\n<\/p>\n<p style=\"text-align:justify\">A FMC investe 6% do faturamento global em pesquisa e desenvolvimento para oferecer um portf\u00f3lio completo e com uma nova gera\u00e7\u00e3o de biol\u00f3gicos, integrados aos qu\u00edmicos, al\u00e9m de servi\u00e7os que ajudam as tomadas de decis\u00f5es do produtor brasileiro: \u201cAcreditamos que o futuro do campo passa por uma agricultura capaz de integrar tecnologias, conhecimentos e perspectivas. Ao combinar o que h\u00e1 de mais moderno em defensivos qu\u00edmicos com o potencial dos biol\u00f3gicos, estamos ampliando as possibilidades de manejo e ajudando a construir um modelo produtivo mais inteligente, resiliente e alinhado \u00e0s exig\u00eancias do campo\u201d, destaca Leonardo Antolini, Gerente Regional de Marketing Estrat\u00e9gico Plant Health da FMC para o Brasil.<\/p>\n<p style=\"text-align:justify\">Inova\u00e7\u00f5es FMC<\/p>\n<p style=\"text-align:justify\">Em 2025, a FMC lan\u00e7ou tr\u00eas novas biosolu\u00e7\u00f5es no mercado: os bioinseticidas Perovar e Evedar e o biofungicida de solo Cablar.<\/p>\n<p style=\"text-align:justify\">Com sinergia biol\u00f3gica para m\u00e1xima prote\u00e7\u00e3o, o Evedar traz prote\u00e7\u00e3o biol\u00f3gica avan\u00e7ada para a lavoura, combinando os fungos Beauveria bassiana e Metarhizium anisopliae em uma formula\u00e7\u00e3o inovadora. Oferece um controle efetivo contra pragas como, bicudo da cana-de-a\u00e7\u00facar (Sphenophorus levis), mosca-branca (Bemisia tabaci bi\u00f3tipo B), \u00e1caro-rajado (Tetranychus urticae), broca-do-caf\u00e9 (Hypothenemus hampei), cigarrinha-das-pastagens (Deois flavopicta), percevejo-marrom (Euchistos heros) e Tripes (Frankliniella occidentalis).<\/p>\n<p style=\"text-align:justify\">J\u00e1 o Perovar\u00ae combate as pragas onde elas come\u00e7am. Com o fungo Metarhizium anisopliae isolado, o bioinseticida \u00e9 ideal para aplica\u00e7\u00e3o em sulco. Sua efic\u00e1cia no controle de pragas como cigarrinha da cana-de-a\u00e7\u00facar (Mahanarva fimbriolata) e percevejo-castanho (Scaptocoris cast\u00e2nea) entrega prote\u00e7\u00e3o efetiva e de amplo espectro, preservando a sa\u00fade do solo e favorecendo o equil\u00edbrio biol\u00f3gico. Resistente a condi\u00e7\u00f5es adversas e compat\u00edvel com diversos manejos, Perovar \u00e9 a solu\u00e7\u00e3o resiliente que protege as plantas no momento mais cr\u00edtico do desenvolvimento, entregando resultados superiores no campo.&#13;\n<\/p>\n<p style=\"text-align:justify\">No portf\u00f3lio de biofungicidas, o Cablar\u00ae \u00e9 a for\u00e7a biol\u00f3gica que protege e regenera o solo. A tecnologia \u00e9 formulada com uma potente combina\u00e7\u00e3o de duas cepas de Trichoderma (Trichoderma harzianum URM 8119 e Trichoderma asperellum URM 8120) e Bacillus amyloliquefaciens CCT 7901, projetados para estabelecer a microbiota regenerativa e atuar contra doen\u00e7as do solo e da planta.<\/p>\n<p style=\"text-align:justify\">\u201cEssas solu\u00e7\u00f5es s\u00e3o altamente eficazes e sustent\u00e1veis, com um elevado shelf life sem necessidade de refrigera\u00e7\u00e3o, garantindo praticidade no armazenamento e no uso\u201d, diz o gerente. Leonardo ainda ressalta que o portf\u00f3lio da FMC contribui para a sustentabilidade ao compromisso da companhia com a agricultura de baixo impacto ambiental. \u201cEssas novas solu\u00e7\u00f5es fortalecer\u00e3o ainda mais a produtividade e a sa\u00fade das lavouras de nossos parceiros, proporcionando um futuro mais seguro e rent\u00e1vel\u201d.<\/p>\n<\/p><\/div>\n<p><script data-cfasync=\"false\">\n    !function (f, b, e, v, n, t, s) {\n        if (f.fbq) return; n = f.fbq = function () {\n            n.callMethod ?\n                n.callMethod.apply(n, arguments) : n.queue.push(arguments)\n        };\n        if (!f._fbq) f._fbq = n; n.push = n; n.loaded = !0; n.version = '2.0';\n        n.queue = []; t = b.createElement(e); t.async = !0;\n        t.src = v; s = b.getElementsByTagName(e)[0];\n        s.parentNode.insertBefore(t, s)\n    }(window, document, 'script',\n        'https:\/\/connect.facebook.net\/en_US\/fbevents.js');\n    fbq('init', '522546078623747');\n    fbq('track', 'PageView');\n<\/script><br \/>\n<br \/><br \/>\n<br \/><a href=\"https:\/\/www.agrolink.com.br\/noticias\/o-futuro-da-agricultura-passa-pela-integracao-entre-quimicos-e-biologicos_504555.html\">Source link <\/a><\/p>\n","protected":false},"excerpt":{"rendered":"<p>A agricultura est\u00e1 vivenciando uma transforma\u00e7\u00e3o. Ap\u00f3s d\u00e9cadas em que os defensivos qu\u00edmicos foram protagonistas no manejo agron\u00f4mico, oferecendo resultados<\/p>\n","protected":false},"author":1,"featured_media":17935,"comment_status":"open","ping_status":"open","sticky":false,"template":"","format":"standard","meta":{"_monsterinsights_skip_tracking":false,"_monsterinsights_sitenote_active":false,"_monsterinsights_sitenote_note":"","_monsterinsights_sitenote_category":0,"_uf_show_specific_survey":0,"_uf_disable_surveys":false,"footnotes":""},"categories":[8,1,14],"tags":[],"class_list":["post-17934","post","type-post","status-publish","format-standard","has-post-thumbnail","hentry","category-agro","category-news","category-politica-agro"],"_links":{"self":[{"href":"https:\/\/agromt.news\/index.php?rest_route=\/wp\/v2\/posts\/17934"}],"collection":[{"href":"https:\/\/agromt.news\/index.php?rest_route=\/wp\/v2\/posts"}],"about":[{"href":"https:\/\/agromt.news\/index.php?rest_route=\/wp\/v2\/types\/post"}],"author":[{"embeddable":true,"href":"https:\/\/agromt.news\/index.php?rest_route=\/wp\/v2\/users\/1"}],"replies":[{"embeddable":true,"href":"https:\/\/agromt.news\/index.php?rest_route=%2Fwp%2Fv2%2Fcomments&post=17934"}],"version-history":[{"count":0,"href":"https:\/\/agromt.news\/index.php?rest_route=\/wp\/v2\/posts\/17934\/revisions"}],"wp:featuredmedia":[{"embeddable":true,"href":"https:\/\/agromt.news\/index.php?rest_route=\/wp\/v2\/media\/17935"}],"wp:attachment":[{"href":"https:\/\/agromt.news\/index.php?rest_route=%2Fwp%2Fv2%2Fmedia&parent=17934"}],"wp:term":[{"taxonomy":"category","embeddable":true,"href":"https:\/\/agromt.news\/index.php?rest_route=%2Fwp%2Fv2%2Fcategories&post=17934"},{"taxonomy":"post_tag","embeddable":true,"href":"https:\/\/agromt.news\/index.php?rest_route=%2Fwp%2Fv2%2Ftags&post=17934"}],"curies":[{"name":"wp","href":"https:\/\/api.w.org\/{rel}","templated":true}]}}