{"id":17930,"date":"2025-08-03T05:16:57","date_gmt":"2025-08-03T09:16:57","guid":{"rendered":"https:\/\/agromt.news\/?p=17930"},"modified":"2025-08-03T05:16:57","modified_gmt":"2025-08-03T09:16:57","slug":"defensivos-agricolas-podem-movimentar-mais-de-r-950-milhoes-no-parana","status":"publish","type":"post","link":"https:\/\/agromt.news\/?p=17930","title":{"rendered":"Defensivos agr\u00edcolas podem movimentar mais de R$ 950 milh\u00f5es no Paran\u00e1"},"content":{"rendered":"<p> <br \/>\n<\/p>\n<div>\n<div class=\"row\">\n<div class=\"col-lg col-infos mt-0 mt-lg-0\">\n<div class=\"section-sub-title\">\n<p itemprop=\"description\">&#13;<br \/>\n                                Entre 30% e 35% dos defensivos destinados \u00e0 pr\u00f3xima safra de ver\u00e3o j\u00e1 foram vendidos&#13;\n                            <\/p>\n<\/p><\/div>\n<div class=\"container\">\n<div class=\"row\">\n<div class=\"col-lg p-0\">\n<div>\n<div class=\"block-news-main-infos mt-3 text-start\">\n<p>                                            <strong class=\"fn\" itemprop=\"author\" style=\"color: rgb(112, 112, 112); \">&#13;<br \/>\n                                                <a href=\"https:\/\/www.agrolink.com.br\/noticias\/javascript:;\" class=\"text-uppercase\" target=\"_blank\" style=\"color: rgb(112, 112, 112); \" rel=\"noopener\">Agrolink<\/a>&#13;<br \/>\n&#13;<br \/>\n                                                    &#8211; Seane Lennon&#13;<br \/>\n&#13;<br \/>\n                                            <\/strong><br \/>\n                                        <\/p>\n<p>                                            <abbr><time datetime=\"2025-08-01T14:33\" itemprop=\"datePublished dateModified\">Publicado em 01\/08\/2025 \u00e0s 14:33h.<\/time><\/abbr><br \/>\n                                            <\/p><\/div>\n<\/p><\/div>\n<\/p><\/div>\n<div class=\"col-lg p-0 text-lg-end\">\n<div>\n<div id=\"mdEnviarPagina\" class=\"modal fade\" role=\"dialog\">\n<div class=\"modal-dialog\">\n<div class=\"modal-content\">\n<div class=\"modal-body\">\n<p><strong>Estimado usu\u00e1rio.<\/strong><br \/>Preencha o formul\u00e1rio abaixo para remeter a p\u00e1gina.<\/p>\n<\/p><\/div>\n<\/p><\/div>\n<\/p><\/div>\n<\/div><\/div>\n<\/p><\/div>\n<\/p><\/div>\n<\/p><\/div>\n<\/p><\/div>\n<\/p><\/div>\n<div class=\"row justify-content-md-center mt-3\">\n<div class=\"col-lg-auto col-image block-news-main-image\">\n<p>                                <img decoding=\"async\" src=\"https:\/\/www.agrolink.com.br\/upload\/imagens-resizes\/d9d161a988c048cdac64463afd3f5d3a_858x483.jpg\" class=\"lazyload img-fluid\"\/><br \/>\n                                                <span class=\"publicity-photo d-block mt-1\">Foto: Pixabay<\/span><\/p><\/div>\n<\/p><\/div>\n<div class=\"section-description section-description-noticias mt-3\">\n<p style=\"text-align:justify\">O centro-oeste do Paran\u00e1 apresenta uma demanda expressiva n\u00e3o atendida para a comercializa\u00e7\u00e3o de defensivos agr\u00edcolas voltados \u00e0s safras de ver\u00e3o 2025\/2026 e safrinha 2026\/2026. De acordo com levantamento realizado pela EEmovel Agro, entre 30% e 35% dos defensivos agr\u00edcolas destinados \u00e0 pr\u00f3xima safra de ver\u00e3o j\u00e1 foram vendidos. No entanto, o volume negociado para a safrinha ainda \u00e9 reduzido, variando entre 5% e 10%. A empresa destaca que, historicamente, a m\u00e9dia de vendas nesse per\u00edodo costuma superar 80%.&#13;\n<\/p>\n<p style=\"text-align:justify\">A regi\u00e3o, que re\u00fane 153.215 propriedades e 361.550 produtores, conta com uma \u00e1rea plantada tempor\u00e1ria estimada em 3,1 milh\u00f5es de hectares. Apenas na cultura da soja, o potencial financeiro para aquisi\u00e7\u00e3o de defensivos agr\u00edcolas ultrapassa R$ 953 milh\u00f5es. Mesmo diante desse cen\u00e1rio, cerca de 2 milh\u00f5es de hectares ainda n\u00e3o realizaram a compra dos insumos necess\u00e1rios para a pr\u00f3xima safra.<\/p>\n<p style=\"text-align:justify\">O diretor de opera\u00e7\u00f5es agro da EEmovel Agro, Luiz Almeida, aponta que os produtores t\u00eam adiado as aquisi\u00e7\u00f5es por receio de instabilidades nos pre\u00e7os. \u201cO potencial da regi\u00e3o, considerando o centro ocidental, noroeste e oeste paranaense, ainda \u00e9 grande. S\u00e3o cerca de 70% da regi\u00e3o que ainda n\u00e3o adquiriu defensivos agr\u00edcolas para a safra que se inicia nos pr\u00f3ximos dias\u201d, afirma. Segundo Almeida, fatores como o aumento dos custos de produ\u00e7\u00e3o, a valoriza\u00e7\u00e3o do d\u00f3lar, a redu\u00e7\u00e3o da oferta global de insumos e os impactos de conflitos internacionais t\u00eam contribu\u00eddo para a hesita\u00e7\u00e3o no fechamento de neg\u00f3cios.&#13;\n<\/p>\n<p style=\"text-align:justify\">O Departamento de Economia Rural (Deral), vinculado \u00e0 Secretaria de Estado da Agricultura e do Abastecimento (Seab), informou no boletim semanal de Condi\u00e7\u00f5es de Tempo e Cultivo que a comercializa\u00e7\u00e3o da soja segue em ritmo lento. Mesmo com o fim da colheita h\u00e1 alguns meses, muitos produtores optam por manter os estoques, aguardando cota\u00e7\u00f5es mais atrativas. Paralelamente, o planejamento para a pr\u00f3xima safra avan\u00e7a, com produtores iniciando o preparo do solo e a aquisi\u00e7\u00e3o de parte dos insumos.<br \/>&#13;<br \/>\n\u00a0<\/p>\n<\/p><\/div>\n<\/p><\/div>\n<p><script data-cfasync=\"false\">\n    !function (f, b, e, v, n, t, s) {\n        if (f.fbq) return; n = f.fbq = function () {\n            n.callMethod ?\n                n.callMethod.apply(n, arguments) : n.queue.push(arguments)\n        };\n        if (!f._fbq) f._fbq = n; n.push = n; n.loaded = !0; n.version = '2.0';\n        n.queue = []; t = b.createElement(e); t.async = !0;\n        t.src = v; s = b.getElementsByTagName(e)[0];\n        s.parentNode.insertBefore(t, s)\n    }(window, document, 'script',\n        'https:\/\/connect.facebook.net\/en_US\/fbevents.js');\n    fbq('init', '522546078623747');\n    fbq('track', 'PageView');\n<\/script><br \/>\n<br \/><br \/>\n<br \/><a href=\"https:\/\/www.agrolink.com.br\/noticias\/defensivos-agricolas-podem-movimentar-mais-de-r--950-milhoes-no-parana_504557.html\">Source link <\/a><\/p>\n","protected":false},"excerpt":{"rendered":"<p>&#13; Entre 30% e 35% dos defensivos destinados \u00e0 pr\u00f3xima safra de ver\u00e3o j\u00e1 foram vendidos&#13; &#13; Agrolink&#13; &#13; &#8211;<\/p>\n","protected":false},"author":1,"featured_media":17931,"comment_status":"open","ping_status":"open","sticky":false,"template":"","format":"standard","meta":{"_monsterinsights_skip_tracking":false,"_monsterinsights_sitenote_active":false,"_monsterinsights_sitenote_note":"","_monsterinsights_sitenote_category":0,"_uf_show_specific_survey":0,"_uf_disable_surveys":false,"footnotes":""},"categories":[8,1,14],"tags":[],"class_list":["post-17930","post","type-post","status-publish","format-standard","has-post-thumbnail","hentry","category-agro","category-news","category-politica-agro"],"_links":{"self":[{"href":"https:\/\/agromt.news\/index.php?rest_route=\/wp\/v2\/posts\/17930"}],"collection":[{"href":"https:\/\/agromt.news\/index.php?rest_route=\/wp\/v2\/posts"}],"about":[{"href":"https:\/\/agromt.news\/index.php?rest_route=\/wp\/v2\/types\/post"}],"author":[{"embeddable":true,"href":"https:\/\/agromt.news\/index.php?rest_route=\/wp\/v2\/users\/1"}],"replies":[{"embeddable":true,"href":"https:\/\/agromt.news\/index.php?rest_route=%2Fwp%2Fv2%2Fcomments&post=17930"}],"version-history":[{"count":0,"href":"https:\/\/agromt.news\/index.php?rest_route=\/wp\/v2\/posts\/17930\/revisions"}],"wp:featuredmedia":[{"embeddable":true,"href":"https:\/\/agromt.news\/index.php?rest_route=\/wp\/v2\/media\/17931"}],"wp:attachment":[{"href":"https:\/\/agromt.news\/index.php?rest_route=%2Fwp%2Fv2%2Fmedia&parent=17930"}],"wp:term":[{"taxonomy":"category","embeddable":true,"href":"https:\/\/agromt.news\/index.php?rest_route=%2Fwp%2Fv2%2Fcategories&post=17930"},{"taxonomy":"post_tag","embeddable":true,"href":"https:\/\/agromt.news\/index.php?rest_route=%2Fwp%2Fv2%2Ftags&post=17930"}],"curies":[{"name":"wp","href":"https:\/\/api.w.org\/{rel}","templated":true}]}}