{"id":17925,"date":"2025-08-03T01:21:26","date_gmt":"2025-08-03T05:21:26","guid":{"rendered":"https:\/\/agromt.news\/?p=17925"},"modified":"2025-08-03T01:21:26","modified_gmt":"2025-08-03T05:21:26","slug":"embrapa-gado-de-leite-tem-novo-chefe-geral","status":"publish","type":"post","link":"https:\/\/agromt.news\/?p=17925","title":{"rendered":"Embrapa Gado de Leite tem novo chefe-geral"},"content":{"rendered":"<p> <br \/>\n<\/p>\n<div>\n<div class=\"row\">\n<div class=\"col-lg col-infos mt-0 mt-lg-0\">\n<div class=\"section-sub-title\">\n<p itemprop=\"description\">&#13;<br \/>\n                                Bellini assume chefia com foco em inova\u00e7\u00e3o&#13;\n                            <\/p>\n<\/p><\/div>\n<div class=\"container\">\n<div class=\"row\">\n<div class=\"col-lg p-0\">\n<div>\n<div class=\"block-news-main-infos mt-3 text-start\">\n<p>                                            <strong class=\"fn\" itemprop=\"author\" style=\"color: rgb(112, 112, 112); \">&#13;<br \/>\n                                                <a href=\"https:\/\/www.embrapa.br\/busca-de-noticias\/-\/noticia\/102222406\/embrapa-gado-de-leite-tem-novo-chefe-geral?p_auth=KgSAFKZ7\" class=\"text-uppercase\" target=\"_blank\" style=\"color: rgb(112, 112, 112); \" rel=\"noopener\">Embrapa<\/a>&#13;<br \/>\n&#13;<br \/>\n&#13;<br \/>\n                                            <\/strong><br \/>\n                                        <\/p>\n<p>                                            <abbr><time datetime=\"2025-08-01T14:10\" itemprop=\"datePublished dateModified\">Publicado em 01\/08\/2025 \u00e0s 14:10h.<\/time><\/abbr><br \/>\n                                            <\/p><\/div>\n<\/p><\/div>\n<\/p><\/div>\n<div class=\"col-lg p-0 text-lg-end\">\n<div>\n<div id=\"mdEnviarPagina\" class=\"modal fade\" role=\"dialog\">\n<div class=\"modal-dialog\">\n<div class=\"modal-content\">\n<div class=\"modal-body\">\n<p><strong>Estimado usu\u00e1rio.<\/strong><br \/>Preencha o formul\u00e1rio abaixo para remeter a p\u00e1gina.<\/p>\n<\/p><\/div>\n<\/p><\/div>\n<\/p><\/div>\n<\/div><\/div>\n<\/p><\/div>\n<\/p><\/div>\n<\/p><\/div>\n<\/p><\/div>\n<\/p><\/div>\n<div class=\"row justify-content-md-center mt-3\">\n<div class=\"col-lg-auto col-image block-news-main-image\">\n<p>                                <img decoding=\"async\" src=\"https:\/\/www.agrolink.com.br\/upload\/imagens-resizes\/4bab8d7237b04881881623304baf3202_858x483.jpg\" class=\"lazyload img-fluid\"\/><br \/>\n                                                <span class=\"publicity-photo d-block mt-1\">Foto: Divulga\u00e7\u00e3o<\/span><\/p><\/div>\n<\/p><\/div>\n<div class=\"section-description section-description-noticias mt-3\">\n<p style=\"text-align:justify\">Jos\u00e9 Luiz Bellini \u00e9 o novo chefe-geral da Embrapa Gado de Leite. Bellini substitui Denis Teixeira Rocha que ocupou o cargo no \u00faltimo ano. Analista da Embrapa h\u00e1 35 anos, Bellini \u00e9 engenheiro civil com mestrado em administra\u00e7\u00e3o p\u00fablica pela Funda\u00e7\u00e3o Get\u00falio Vargas e doutorado em economia aplicada pela Oklahoma State University. A transmiss\u00e3o de cargo ocorreu em cerim\u00f4nia interna nesta sexta-feira (01\/08) na sede da institui\u00e7\u00e3o, em Juiz de Fora\/MG.&#13;\n<\/p>\n<p style=\"text-align:justify\">Uma das prioridades do novo chefe-geral \u00e9 direcionar esfor\u00e7os para a pesquisa aplicada. A estrat\u00e9gia de sua gest\u00e3o \u00e9 mobilizar as institui\u00e7\u00f5es do Sistema Nacional de Pesquisa Agropecu\u00e1ria (SNPA), incluindo as Unidades da Embrapa, Institutos de Ci\u00eancia e Tecnologias e demais parceiros, para estabelecer uma carteira priorit\u00e1ria de Pesquisa, Desenvolvimento e Inova\u00e7\u00e3o (PD&amp;I) para os pr\u00f3ximos dez anos.<\/p>\n<p style=\"text-align:justify\">Segundo Bellini, para conduzir essa atividade, ser\u00e1 institu\u00eddo o F\u00f3rum Nacional do Leite cujo objetivo \u00e9 definir os desafios mais prementes do setor. A proposta do gestor prev\u00ea a cria\u00e7\u00e3o da Rede Leite, um cons\u00f3rcio de institui\u00e7\u00f5es com interesse em corresponsabilidade no desenvolvimento de solu\u00e7\u00f5es apropri\u00e1veis e priorit\u00e1rias estabelecidas no F\u00f3rum do Leite, e o Funleite, para captar recursos destinados \u00e0 inova\u00e7\u00e3o na cadeia produtiva do leite.&#13;\n<\/p>\n<p style=\"text-align:justify\">Na gest\u00e3o de Transfer\u00eancia de Tecnologias (TT), Bellini pretende ampliar as parcerias com o Sistema Ater, ind\u00fastrias laticinistas e cooperativas. \u201cPor meio dessas parcerias iremos capacitar t\u00e9cnicos e produtores, atendendo as principais bacias produtoras do pa\u00eds, al\u00e9m de identificar quest\u00f5es relevantes de PD&amp;I\u201d, diz. A TT contemplar\u00e1 um programa de capacita\u00e7\u00e3o t\u00e9cnica em sistemas de produ\u00e7\u00e3o de precis\u00e3o gerando m\u00e3o-de-obra qualificada para atividade. Tamb\u00e9m consta de sua proposta de gest\u00e3o a negocia\u00e7\u00e3o e implementa\u00e7\u00e3o de programa de desenvolvimento territorial, com o apoio do Sistema S, para territ\u00f3rios vocacionados para o leite. \u201cMobilizar os agentes p\u00fablicos e privados, da academia e do setor produtivo, \u00e9 quest\u00e3o fundamental para uma proposta robusta de desenvolvimento da cadeia produtiva do leite\u201d, afirma Bellini.<\/p>\n<\/p><\/div>\n<\/p><\/div>\n<p><script data-cfasync=\"false\">\n    !function (f, b, e, v, n, t, s) {\n        if (f.fbq) return; n = f.fbq = function () {\n            n.callMethod ?\n                n.callMethod.apply(n, arguments) : n.queue.push(arguments)\n        };\n        if (!f._fbq) f._fbq = n; n.push = n; n.loaded = !0; n.version = '2.0';\n        n.queue = []; t = b.createElement(e); t.async = !0;\n        t.src = v; s = b.getElementsByTagName(e)[0];\n        s.parentNode.insertBefore(t, s)\n    }(window, document, 'script',\n        'https:\/\/connect.facebook.net\/en_US\/fbevents.js');\n    fbq('init', '522546078623747');\n    fbq('track', 'PageView');\n<\/script><br \/>\n<br \/><br \/>\n<br \/><a href=\"https:\/\/www.agrolink.com.br\/noticias\/embrapa-gado-de-leite-tem-novo-chefe-geral_504553.html\">Source link <\/a><\/p>\n","protected":false},"excerpt":{"rendered":"<p>&#13; Bellini assume chefia com foco em inova\u00e7\u00e3o&#13; &#13; Embrapa&#13; &#13; &#13; Publicado em 01\/08\/2025 \u00e0s 14:10h. Estimado usu\u00e1rio.Preencha o<\/p>\n","protected":false},"author":1,"featured_media":17926,"comment_status":"open","ping_status":"open","sticky":false,"template":"","format":"standard","meta":{"_monsterinsights_skip_tracking":false,"_monsterinsights_sitenote_active":false,"_monsterinsights_sitenote_note":"","_monsterinsights_sitenote_category":0,"_uf_show_specific_survey":0,"_uf_disable_surveys":false,"footnotes":""},"categories":[8,1,14],"tags":[],"class_list":["post-17925","post","type-post","status-publish","format-standard","has-post-thumbnail","hentry","category-agro","category-news","category-politica-agro"],"_links":{"self":[{"href":"https:\/\/agromt.news\/index.php?rest_route=\/wp\/v2\/posts\/17925"}],"collection":[{"href":"https:\/\/agromt.news\/index.php?rest_route=\/wp\/v2\/posts"}],"about":[{"href":"https:\/\/agromt.news\/index.php?rest_route=\/wp\/v2\/types\/post"}],"author":[{"embeddable":true,"href":"https:\/\/agromt.news\/index.php?rest_route=\/wp\/v2\/users\/1"}],"replies":[{"embeddable":true,"href":"https:\/\/agromt.news\/index.php?rest_route=%2Fwp%2Fv2%2Fcomments&post=17925"}],"version-history":[{"count":0,"href":"https:\/\/agromt.news\/index.php?rest_route=\/wp\/v2\/posts\/17925\/revisions"}],"wp:featuredmedia":[{"embeddable":true,"href":"https:\/\/agromt.news\/index.php?rest_route=\/wp\/v2\/media\/17926"}],"wp:attachment":[{"href":"https:\/\/agromt.news\/index.php?rest_route=%2Fwp%2Fv2%2Fmedia&parent=17925"}],"wp:term":[{"taxonomy":"category","embeddable":true,"href":"https:\/\/agromt.news\/index.php?rest_route=%2Fwp%2Fv2%2Fcategories&post=17925"},{"taxonomy":"post_tag","embeddable":true,"href":"https:\/\/agromt.news\/index.php?rest_route=%2Fwp%2Fv2%2Ftags&post=17925"}],"curies":[{"name":"wp","href":"https:\/\/api.w.org\/{rel}","templated":true}]}}