{"id":17923,"date":"2025-08-02T21:24:43","date_gmt":"2025-08-03T01:24:43","guid":{"rendered":"https:\/\/agromt.news\/?p=17923"},"modified":"2025-08-02T21:24:43","modified_gmt":"2025-08-03T01:24:43","slug":"brasil-calcula-o-real-impacto-das-novas-tarifas-dos-eua","status":"publish","type":"post","link":"https:\/\/agromt.news\/?p=17923","title":{"rendered":"Brasil calcula o real impacto das novas tarifas dos EUA"},"content":{"rendered":"<p> <br \/>\n<\/p>\n<div>\n<p style=\"text-align:justify\">O Minist\u00e9rio do Desenvolvimento, Ind\u00fastria, Com\u00e9rcio e Servi\u00e7os (MDIC) informou, por meio de nota divulgada nesta quinta-feira (31), que aproximadamente 44,6% das exporta\u00e7\u00f5es brasileiras para os Estados Unidos ficaram de fora da tarifa adicional de 50%, aplicada unilateralmente pelo governo norte-americano por meio de ordem executiva assinada na quarta-feira (30). A lista publicada pela Casa Branca inclui cerca de 700 produtos exclu\u00eddos da medida, como avi\u00f5es, celulose, suco de <a href=\"https:\/\/www.agrolink.com.br\/culturas\/laranja?utm_source=agrolink-detalhe-noticia&amp;utm_medium=detalhe-noticia&amp;utm_campaign=links-internos\" target=\"_blank\" rel=\"noopener\">laranja<\/a>, petr\u00f3leo e min\u00e9rio de <a href=\"https:\/\/www.agrolink.com.br\/fertilizantes\/nutrientes\/ferro---tudo-o-que-voce-precisa-saber-sobre-este-adubo_467530.html?utm_source=agrolink-detalhe-noticia&amp;utm_medium=detalhe-noticia&amp;utm_campaign=links-internos\" target=\"_blank\" rel=\"noopener\">Ferro<\/a>.&#13;\n<\/p>\n<p style=\"text-align:justify\"><img decoding=\"async\" class=\"img-fluid\" src=\"https:\/\/www.agrolink.com.br\/Upload\/noticias\/100f64920c41465cb262b9834ef6d538.jpg\"\/><\/p>\n<p style=\"text-align:justify\">De acordo com levantamento preliminar da Secretaria de Com\u00e9rcio Exterior (Secex\/MDIC), a nova tarifa atingir\u00e1 35,9% das exporta\u00e7\u00f5es brasileiras destinadas aos EUA, o que corresponde a US$ 14,5 bilh\u00f5es em 2024. J\u00e1 os produtos exclu\u00eddos da cobertura da ordem executiva representam 44,6% do total exportado, o equivalente a US$ 18 bilh\u00f5es no mesmo per\u00edodo.<\/p>\n<p style=\"text-align:justify\">Al\u00e9m disso, 19,5% das exporta\u00e7\u00f5es brasileiras est\u00e3o sujeitas a tarifas espec\u00edficas, aplicadas a todos os pa\u00edses com base em crit\u00e9rios de seguran\u00e7a nacional, como as previstas na Se\u00e7\u00e3o 232. Esses produtos, que somaram US$ 7,9 bilh\u00f5es em 2024, n\u00e3o ser\u00e3o impactados pela nova medida. Entre eles est\u00e3o autope\u00e7as, que j\u00e1 s\u00e3o taxadas em 25%, independentemente da origem.&#13;\n<\/p>\n<p style=\"text-align:justify\">O MDIC afirmou que, de modo geral, \u201ca maior parte das exporta\u00e7\u00f5es brasileiras, representando 64,1%, continua concorrendo com produtos de outras origens no mercado americano em condi\u00e7\u00f5es semelhantes\u201d. Segundo a pasta, mercadorias em tr\u00e2nsito n\u00e3o ser\u00e3o afetadas pelas tarifas adicionais. A decis\u00e3o assinada no dia 30 de julho isenta da nova cobran\u00e7a os embarques realizados no Brasil at\u00e9 sete dias ap\u00f3s a data da ordem executiva, desde que cumpram os requisitos estabelecidos.<\/p>\n<p style=\"text-align:justify\">\u00a0<\/p>\n<p style=\"text-align:justify\"><img decoding=\"async\" class=\"img-fluid\" src=\"https:\/\/www.agrolink.com.br\/Upload\/noticias\/e9791289265c4567b3926c399c6c19f7.jpg\"\/><\/p>\n<\/p><\/div>\n<p><script data-cfasync=\"false\">\n    !function (f, b, e, v, n, t, s) {\n        if (f.fbq) return; n = f.fbq = function () {\n            n.callMethod ?\n                n.callMethod.apply(n, arguments) : n.queue.push(arguments)\n        };\n        if (!f._fbq) f._fbq = n; n.push = n; n.loaded = !0; n.version = '2.0';\n        n.queue = []; t = b.createElement(e); t.async = !0;\n        t.src = v; s = b.getElementsByTagName(e)[0];\n        s.parentNode.insertBefore(t, s)\n    }(window, document, 'script',\n        'https:\/\/connect.facebook.net\/en_US\/fbevents.js');\n    fbq('init', '522546078623747');\n    fbq('track', 'PageView');\n<\/script><br \/>\n<br \/><br \/>\n<br \/><a href=\"https:\/\/www.agrolink.com.br\/noticias\/tarifaco--brasil-calcula-o-real-impacto-das-novas-tarifas-dos-eua_504560.html\">Source link <\/a><\/p>\n","protected":false},"excerpt":{"rendered":"<p>O Minist\u00e9rio do Desenvolvimento, Ind\u00fastria, Com\u00e9rcio e Servi\u00e7os (MDIC) informou, por meio de nota divulgada nesta quinta-feira (31), que aproximadamente<\/p>\n","protected":false},"author":1,"featured_media":8053,"comment_status":"open","ping_status":"open","sticky":false,"template":"","format":"standard","meta":{"_monsterinsights_skip_tracking":false,"_monsterinsights_sitenote_active":false,"_monsterinsights_sitenote_note":"","_monsterinsights_sitenote_category":0,"_uf_show_specific_survey":0,"_uf_disable_surveys":false,"footnotes":""},"categories":[8,1,14],"tags":[],"class_list":["post-17923","post","type-post","status-publish","format-standard","has-post-thumbnail","hentry","category-agro","category-news","category-politica-agro"],"_links":{"self":[{"href":"https:\/\/agromt.news\/index.php?rest_route=\/wp\/v2\/posts\/17923"}],"collection":[{"href":"https:\/\/agromt.news\/index.php?rest_route=\/wp\/v2\/posts"}],"about":[{"href":"https:\/\/agromt.news\/index.php?rest_route=\/wp\/v2\/types\/post"}],"author":[{"embeddable":true,"href":"https:\/\/agromt.news\/index.php?rest_route=\/wp\/v2\/users\/1"}],"replies":[{"embeddable":true,"href":"https:\/\/agromt.news\/index.php?rest_route=%2Fwp%2Fv2%2Fcomments&post=17923"}],"version-history":[{"count":0,"href":"https:\/\/agromt.news\/index.php?rest_route=\/wp\/v2\/posts\/17923\/revisions"}],"wp:featuredmedia":[{"embeddable":true,"href":"https:\/\/agromt.news\/index.php?rest_route=\/wp\/v2\/media\/8053"}],"wp:attachment":[{"href":"https:\/\/agromt.news\/index.php?rest_route=%2Fwp%2Fv2%2Fmedia&parent=17923"}],"wp:term":[{"taxonomy":"category","embeddable":true,"href":"https:\/\/agromt.news\/index.php?rest_route=%2Fwp%2Fv2%2Fcategories&post=17923"},{"taxonomy":"post_tag","embeddable":true,"href":"https:\/\/agromt.news\/index.php?rest_route=%2Fwp%2Fv2%2Ftags&post=17923"}],"curies":[{"name":"wp","href":"https:\/\/api.w.org\/{rel}","templated":true}]}}