{"id":17921,"date":"2025-08-02T18:10:45","date_gmt":"2025-08-02T22:10:45","guid":{"rendered":"https:\/\/agromt.news\/?p=17921"},"modified":"2025-08-02T18:10:45","modified_gmt":"2025-08-02T22:10:45","slug":"mercado-pecuario-assimilou-tarifaco-dos-eua-e-ja-mostra-recuperacao-diz-analista","status":"publish","type":"post","link":"https:\/\/agromt.news\/?p=17921","title":{"rendered":"Mercado pecu\u00e1rio assimilou tarifa\u00e7o dos EUA e j\u00e1 mostra recupera\u00e7\u00e3o, diz analista"},"content":{"rendered":"<p> <br \/>\n<\/p>\n<div>\n<p>O mercado brasileiro de boi gordo registrou um cen\u00e1rio de press\u00e3o baixista ao longo de julho.<\/p>\n<p>Segundo o analista de Safras &amp; Mercado Fernando Iglesias, o setor j\u00e1 enfrentava um natural quadro de queda nas cota\u00e7\u00f5es, com a boa disponibilidade de oferta interna. <\/p>\n<p>Somado a isso, passou a ceder ainda mais diante das incertezas em torno das exporta\u00e7\u00f5es com a perspectiva do <strong><a href=\"https:\/\/www.canalrural.com.br\/aves-e-suinos\/abpa-defende-pragmatismo-na-negociacao-com-os-eua-sobre-tarifas-para-carnes-ovos-e-peixes\/\">tarifa\u00e7o do presidente dos Estados Unidos, Donald Trump<\/a><\/strong>, imposto ao Brasil.<\/p>\n<p>Por\u00e9m, Iglesias ressalta que o mercado assimilou esse cen\u00e1rio adverso e ficou acomodado na semana passada e nessa tamb\u00e9m, j\u00e1 sinalizando uma tentativa de busca de patamares mais altos para a arroba do boi gordo. <\/p>\n<p>\u201cAgora, para o come\u00e7o de agosto, o mercado j\u00e1 trabalha com uma perspectiva de eleva\u00e7\u00e3o nas cota\u00e7\u00f5es por conta da entrada da massa salarial na economia e a comemora\u00e7\u00e3o do Dia dos Pais. Ainda assim, o movimento de recupera\u00e7\u00e3o dos pre\u00e7os ainda tende a ser comedido\u201d, sinaliza.<\/p>\n<h2 class=\"wp-block-heading\" id=\"h-variacao-da-arroba-do-boi-no-mes\">Varia\u00e7\u00e3o da arroba do boi no m\u00eas<\/h2>\n<pre class=\"wp-block-code\"><code>Os pre\u00e7os da arroba do boi gordo na modalidade a prazo nas principais pra\u00e7as de comercializa\u00e7\u00e3o do Brasil estavam assim no dia 31 de julho:<\/code><\/pre>\n<ul class=\"wp-block-list\">\n<li><strong>S\u00e3o Paulo (Capital):<\/strong> R$ 300, queda de 3,23% frente aos R$ 310 do final de junho<\/li>\n<li><strong>Goi\u00e1s (Goi\u00e2nia):<\/strong> R$ 285, recuo de 3,39% perante os R$ 295 do fechamento do m\u00eas retrasado<\/li>\n<li><strong>Minas Gerais (Uberaba):<\/strong> R$ 290, baixa de 3,33% em rela\u00e7\u00e3o aos R$ 300 praticados no fechamento de junho<\/li>\n<li><strong>Mato Grosso do Sul (Dourados):<\/strong> R$ 305, retra\u00e7\u00e3o de 1,61% sobre os R$ 310 verificados no final do m\u00eas retrasado<\/li>\n<li><strong>Mato Grosso (Cuiab\u00e1): <\/strong>R$ 295, diminui\u00e7\u00e3o de 6,35% frente aos R$ 315 do fechamento de junho<\/li>\n<li><strong>Rond\u00f4nia (Vilhena):<\/strong> R$ 265, perda de 3,64% frente aos R$ 275 observados no final de junho<\/li>\n<\/ul>\n<\/div>\n<div>\n<h2 class=\"wp-block-heading\" id=\"h-mercado-atacadista\">Mercado atacadista<\/h2>\n<p>O mercado atacadista se deparou com pre\u00e7os mais fracos ao longo de todo o m\u00eas de julho. Segundo Iglesias, isso aconteceu por conta das preocupa\u00e7\u00f5es em torno das incertezas quanto ao andamento das exporta\u00e7\u00f5es de carne bovina. <\/p>\n<p>\u201cA maior concorr\u00eancia com a carne de frango tamb\u00e9m contribuiu para o cen\u00e1rio negativo \u00e0s cota\u00e7\u00f5es. Um vi\u00e9s de melhora \u00e9 esperado para agosto, em especial com a comemora\u00e7\u00e3o do Dia dos Pais\u201d, diz o analista.<\/p>\n<pre class=\"wp-block-code\"><code>O quarto do traseiro do boi foi cotado a R$ 21,40 o quilo, baixa de 6,96% frente aos R$ 23 praticados no final de junho. J\u00e1 o quarto do dianteiro do boi foi vendido por R$ 17,50 o quilo, retra\u00e7\u00e3o de 5,41% ante os R$ 18,50 por quilo verificados no final do m\u00eas retrasado.<\/code><\/pre>\n<h2 class=\"wp-block-heading\" id=\"h-exportacoes-de-carne-bovina\">Exporta\u00e7\u00f5es de carne bovina<\/h2>\n<figure class=\"wp-block-image size-large\"><img fetchpriority=\"high\" decoding=\"async\" width=\"1024\" height=\"683\" alt=\"carne bovina frigor\u00edficos\" class=\"wp-image-4010509\"  data-lazy- src=\"https:\/\/agromt.news\/wp-content\/uploads\/2024\/09\/Escalas-de-abate-garantem-precos-mais-altos-para-a-arroba.jpg\"\/><img decoding=\"async\" width=\"1024\" height=\"683\" src=\"https:\/\/agromt.news\/wp-content\/uploads\/2024\/09\/Escalas-de-abate-garantem-precos-mais-altos-para-a-arroba.jpg\" alt=\"carne bovina frigor\u00edficos\" class=\"wp-image-4010509\"  \/><figcaption class=\"wp-element-caption\">Foto: Freepik<\/figcaption><\/figure>\n<p>As exporta\u00e7\u00f5es de carne bovina fresca, congelada ou refrigerada do Brasil renderam US$ 1,352 bilh\u00e3o em julho (19 dias \u00fateis), com m\u00e9dia di\u00e1ria de US$ 71,188 milh\u00f5es, conforme dados da Secretaria de Com\u00e9rcio Exterior (Secex). <\/p>\n<p>A quantidade total exportada pelo pa\u00eds chegou a 243,904 mil toneladas, com m\u00e9dia di\u00e1ria de 12,837 mil toneladas. O pre\u00e7o m\u00e9dio da tonelada ficou em US$ 5.545,50.<\/p>\n<pre class=\"wp-block-code\"><code>Em rela\u00e7\u00e3o a julho de 2024, houve alta de<strong> 56,5%<\/strong> no valor m\u00e9dio di\u00e1rio da exporta\u00e7\u00e3o, ganho de <strong>24,5%<\/strong> na quantidade m\u00e9dia di\u00e1ria exportada e avan\u00e7o de <strong>25,8%<\/strong> no pre\u00e7o m\u00e9dio. <\/code><\/pre>\n<\/p><\/div>\n<p><br \/>\n<br \/><a href=\"https:\/\/www.canalrural.com.br\/pecuaria\/mercado-pecuario-assimilou-tarifaco-dos-eua-e-ja-mostra-recuperacao-diz-analista\/\">Source link <\/a><\/p>\n","protected":false},"excerpt":{"rendered":"<p>O mercado brasileiro de boi gordo registrou um cen\u00e1rio de press\u00e3o baixista ao longo de julho. Segundo o analista de<\/p>\n","protected":false},"author":1,"featured_media":12501,"comment_status":"open","ping_status":"open","sticky":false,"template":"","format":"standard","meta":{"_monsterinsights_skip_tracking":false,"_monsterinsights_sitenote_active":false,"_monsterinsights_sitenote_note":"","_monsterinsights_sitenote_category":0,"_uf_show_specific_survey":0,"_uf_disable_surveys":false,"footnotes":""},"categories":[1],"tags":[],"class_list":["post-17921","post","type-post","status-publish","format-standard","has-post-thumbnail","hentry","category-news"],"_links":{"self":[{"href":"https:\/\/agromt.news\/index.php?rest_route=\/wp\/v2\/posts\/17921"}],"collection":[{"href":"https:\/\/agromt.news\/index.php?rest_route=\/wp\/v2\/posts"}],"about":[{"href":"https:\/\/agromt.news\/index.php?rest_route=\/wp\/v2\/types\/post"}],"author":[{"embeddable":true,"href":"https:\/\/agromt.news\/index.php?rest_route=\/wp\/v2\/users\/1"}],"replies":[{"embeddable":true,"href":"https:\/\/agromt.news\/index.php?rest_route=%2Fwp%2Fv2%2Fcomments&post=17921"}],"version-history":[{"count":0,"href":"https:\/\/agromt.news\/index.php?rest_route=\/wp\/v2\/posts\/17921\/revisions"}],"wp:featuredmedia":[{"embeddable":true,"href":"https:\/\/agromt.news\/index.php?rest_route=\/wp\/v2\/media\/12501"}],"wp:attachment":[{"href":"https:\/\/agromt.news\/index.php?rest_route=%2Fwp%2Fv2%2Fmedia&parent=17921"}],"wp:term":[{"taxonomy":"category","embeddable":true,"href":"https:\/\/agromt.news\/index.php?rest_route=%2Fwp%2Fv2%2Fcategories&post=17921"},{"taxonomy":"post_tag","embeddable":true,"href":"https:\/\/agromt.news\/index.php?rest_route=%2Fwp%2Fv2%2Ftags&post=17921"}],"curies":[{"name":"wp","href":"https:\/\/api.w.org\/{rel}","templated":true}]}}