{"id":17918,"date":"2025-08-02T17:19:25","date_gmt":"2025-08-02T21:19:25","guid":{"rendered":"https:\/\/agromt.news\/?p=17918"},"modified":"2025-08-02T17:19:25","modified_gmt":"2025-08-02T21:19:25","slug":"pasto-nativo-tem-queda-na-qualidade-nutricional","status":"publish","type":"post","link":"https:\/\/agromt.news\/?p=17918","title":{"rendered":"Pasto nativo tem queda na qualidade nutricional"},"content":{"rendered":"<p> <br \/>\n<\/p>\n<div>\n<p style=\"text-align:justify\">O Informativo Conjuntural divulgado pela Emater\/RS-Ascar na quinta-feira (31) apontou que as <a href=\"https:\/\/www.agrolink.com.br\/culturas\/pastagens?utm_source=agrolink-detalhe-noticia&amp;utm_medium=detalhe-noticia&amp;utm_campaign=links-internos\" target=\"_blank\" rel=\"noopener\">pastagens<\/a> no Rio Grande do Sul seguem em recupera\u00e7\u00e3o parcial, com desempenho variado conforme a regi\u00e3o e o tipo de forragem cultivada. A entidade informou que \u201cnos campos nativos, houve redu\u00e7\u00e3o da oferta de volumosos e perda de qualidade em raz\u00e3o do excesso de fibra e do baixo valor nutricional\u201d. Por outro lado, \u00e1reas de campo nativo melhorado apresentam desenvolvimento suficiente para o pastejo.&#13;\n<\/p>\n<p style=\"text-align:justify\">Nas pastagens cultivadas, a semeadura tardia e as condi\u00e7\u00f5es clim\u00e1ticas limitaram a oferta de forragem. No entanto, o avan\u00e7o das temperaturas, maior luminosidade e o retorno da umidade ao solo v\u00eam favorecendo gradualmente o crescimento das esp\u00e9cies de inverno, o que tem proporcionado melhor aproveitamento para os rebanhos.<\/p>\n<p style=\"text-align:justify\">Na regi\u00e3o administrativa de Bag\u00e9, a Emater\/RS-Ascar relatou que \u201cas \u00e1reas de integra\u00e7\u00e3o lavoura-pecu\u00e1ria foram utilizadas para pastejo em fun\u00e7\u00e3o de sua recupera\u00e7\u00e3o, favorecida pelas condi\u00e7\u00f5es clim\u00e1ticas\u201d. Em Caxias do Sul, o bom desenvolvimento das forrageiras permitiu o uso das \u00e1reas de trigo, aveia e azev\u00e9m para alimenta\u00e7\u00e3o dos animais.<\/p>\n<p style=\"text-align:justify\">Erechim tamb\u00e9m apresentou condi\u00e7\u00f5es positivas. Conforme o boletim, \u201ca umidade do solo e a maior incid\u00eancia de luz solar beneficiaram o crescimento e a rebrota das pastagens hibernais\u201d, resultando em melhor oferta de massa verde e lota\u00e7\u00e3o adequada nos piquetes.&#13;\n<\/p>\n<p style=\"text-align:justify\">Na regi\u00e3o de Frederico Westphalen, as pastagens de inverno responderam bem \u00e0 aduba\u00e7\u00e3o qu\u00edmica e ao uso de res\u00edduos org\u00e2nicos, o que estimulou a rebrota. J\u00e1 em Iju\u00ed, o aumento da luminosidade e da temperatura impulsionou o crescimento das forrageiras anuais. Apesar das precipita\u00e7\u00f5es a partir de 23 de julho terem prejudicado a produ\u00e7\u00e3o de feno e pr\u00e9-secado, a rebrota foi favorecida pela retirada dos rebanhos das \u00e1reas mais degradadas.<\/p>\n<p style=\"text-align:justify\">Em Passo Fundo, a recupera\u00e7\u00e3o das pastagens foi descrita como gradual, embora limitada. As \u00e1reas destinadas \u00e0 silagem de trigo e cevada seguem em desenvolvimento, com o trigo de duplo prop\u00f3sito ainda sendo utilizado para pastejo. Em Pelotas, os 89 mil\u00edmetros de chuva acumulada e os dias ensolarados favoreceram a aduba\u00e7\u00e3o e o rebrote das pastagens nativas, mas nas \u00e1reas cultivadas a oferta ainda \u00e9 restrita.<\/p>\n<p style=\"text-align:justify\">Porto Alegre tamb\u00e9m registrou crescimento nas pastagens de inverno devido ao clima mais favor\u00e1vel, embora o campo nativo ainda n\u00e3o tenha apresentado recupera\u00e7\u00e3o significativa. Em Santa Maria, o crescimento das forrageiras avan\u00e7ou de forma lenta, com maior comprometimento nas \u00e1reas onde houve sobrepastejo ou falhas no manejo da lota\u00e7\u00e3o.&#13;\n<\/p>\n<p style=\"text-align:justify\">A regi\u00e3o de Santa Rosa teve benef\u00edcio direto da umidade do solo, com as \u00e1reas de <a href=\"https:\/\/www.agrolink.com.br\/culturas\/trigo\/?utm_source=agrolink-detalhe-noticia&amp;utm_medium=detalhe-noticia&amp;utm_campaign=links-internos\" target=\"_blank\" rel=\"noopener\">trigo<\/a>, <a href=\"https:\/\/www.agrolink.com.br\/culturas\/aveia?utm_source=agrolink-detalhe-noticia&amp;utm_medium=detalhe-noticia&amp;utm_campaign=links-internos\" target=\"_blank\" rel=\"noopener\">aveia<\/a> e azev\u00e9m proporcionando bom suporte nutricional ao manejo animal. Em Soledade, a melhora na oferta das pastagens de inverno foi limitada pelo frio e umidade. A rebrota das \u00e1reas de aveia foi prejudicada pelo pastejo intenso, e o azev\u00e9m ainda n\u00e3o alcan\u00e7ou o ponto ideal para uso.<\/p>\n<\/p><\/div>\n<p><script data-cfasync=\"false\">\n    !function (f, b, e, v, n, t, s) {\n        if (f.fbq) return; n = f.fbq = function () {\n            n.callMethod ?\n                n.callMethod.apply(n, arguments) : n.queue.push(arguments)\n        };\n        if (!f._fbq) f._fbq = n; n.push = n; n.loaded = !0; n.version = '2.0';\n        n.queue = []; t = b.createElement(e); t.async = !0;\n        t.src = v; s = b.getElementsByTagName(e)[0];\n        s.parentNode.insertBefore(t, s)\n    }(window, document, 'script',\n        'https:\/\/connect.facebook.net\/en_US\/fbevents.js');\n    fbq('init', '522546078623747');\n    fbq('track', 'PageView');\n<\/script><br \/>\n<br \/><br \/>\n<br \/><a href=\"https:\/\/www.agrolink.com.br\/noticias\/pasto-nativo-tem-queda-na-qualidade-nutricional_504562.html\">Source link <\/a><\/p>\n","protected":false},"excerpt":{"rendered":"<p>O Informativo Conjuntural divulgado pela Emater\/RS-Ascar na quinta-feira (31) apontou que as pastagens no Rio Grande do Sul seguem em<\/p>\n","protected":false},"author":1,"featured_media":6994,"comment_status":"open","ping_status":"open","sticky":false,"template":"","format":"standard","meta":{"_monsterinsights_skip_tracking":false,"_monsterinsights_sitenote_active":false,"_monsterinsights_sitenote_note":"","_monsterinsights_sitenote_category":0,"_uf_show_specific_survey":0,"_uf_disable_surveys":false,"footnotes":""},"categories":[8,1,14],"tags":[],"class_list":["post-17918","post","type-post","status-publish","format-standard","has-post-thumbnail","hentry","category-agro","category-news","category-politica-agro"],"_links":{"self":[{"href":"https:\/\/agromt.news\/index.php?rest_route=\/wp\/v2\/posts\/17918"}],"collection":[{"href":"https:\/\/agromt.news\/index.php?rest_route=\/wp\/v2\/posts"}],"about":[{"href":"https:\/\/agromt.news\/index.php?rest_route=\/wp\/v2\/types\/post"}],"author":[{"embeddable":true,"href":"https:\/\/agromt.news\/index.php?rest_route=\/wp\/v2\/users\/1"}],"replies":[{"embeddable":true,"href":"https:\/\/agromt.news\/index.php?rest_route=%2Fwp%2Fv2%2Fcomments&post=17918"}],"version-history":[{"count":0,"href":"https:\/\/agromt.news\/index.php?rest_route=\/wp\/v2\/posts\/17918\/revisions"}],"wp:featuredmedia":[{"embeddable":true,"href":"https:\/\/agromt.news\/index.php?rest_route=\/wp\/v2\/media\/6994"}],"wp:attachment":[{"href":"https:\/\/agromt.news\/index.php?rest_route=%2Fwp%2Fv2%2Fmedia&parent=17918"}],"wp:term":[{"taxonomy":"category","embeddable":true,"href":"https:\/\/agromt.news\/index.php?rest_route=%2Fwp%2Fv2%2Fcategories&post=17918"},{"taxonomy":"post_tag","embeddable":true,"href":"https:\/\/agromt.news\/index.php?rest_route=%2Fwp%2Fv2%2Ftags&post=17918"}],"curies":[{"name":"wp","href":"https:\/\/api.w.org\/{rel}","templated":true}]}}