{"id":17908,"date":"2025-08-02T12:00:58","date_gmt":"2025-08-02T16:00:58","guid":{"rendered":"https:\/\/agromt.news\/?p=17908"},"modified":"2025-08-02T12:00:58","modified_gmt":"2025-08-02T16:00:58","slug":"quatro-decadas-de-experiencia-revelam-como-a-tradicao-familiar-evoluiu-com-a-avicultura-brasileira","status":"publish","type":"post","link":"https:\/\/agromt.news\/?p=17908","title":{"rendered":"Quatro d\u00e9cadas de experi\u00eancia revelam como a tradi\u00e7\u00e3o familiar evoluiu com a avicultura brasileira"},"content":{"rendered":"<p> <br \/>\n<\/p>\n<div>\n<p>A hist\u00f3ria da fam\u00edlia Fuelber na <strong><a href=\"https:\/\/interligados.canalrural.com.br\/avicultura\/\">avicultura<\/a> brasileira<\/strong> \u00e9 um exemplo de como tradi\u00e7\u00e3o e inova\u00e7\u00e3o podem andar juntas no campo. Tudo come\u00e7ou em 1981, quando seu Adelar, aos 15 anos, acompanhou o pai na constru\u00e7\u00e3o do primeiro avi\u00e1rio com 6 mil frangos. O que era uma atividade manual, com fornalha a lenha e cortinas puxadas no bra\u00e7o, hoje \u00e9 uma opera\u00e7\u00e3o moderna com <strong>galp\u00f5es automatizados<\/strong> e monitoramento remoto.<\/p>\n<blockquote class=\"wp-block-quote is-layout-flow wp-block-quote-is-layout-flow\">\n<p>\u201cNaquela \u00e9poca, levava 45 dias para o frango atingir 1,6 kg. Hoje, alcan\u00e7amos esse peso com 26 dias\u201d, lembra Adelar, que hoje comanda, ao lado da fam\u00edlia, dois avi\u00e1rios com capacidade para 80 mil aves por lote.<\/p>\n<\/blockquote>\n<figure class=\"wp-block-embed is-type-video is-provider-youtube wp-block-embed-youtube wp-embed-aspect-16-9 wp-has-aspect-ratio\">\n<p>\n<iframe title=\"Fam\u00edlia Fuelber: 4 d\u00e9cadas de avicultura e um legado que continua | Interligados - Vida no Campo\" width=\"800\" height=\"450\" src=\"https:\/\/www.youtube.com\/embed\/OCqWYsSl-uM?feature=oembed\" frameborder=\"0\" allow=\"accelerometer; autoplay; clipboard-write; encrypted-media; gyroscope; picture-in-picture; web-share\" referrerpolicy=\"strict-origin-when-cross-origin\" allowfullscreen><\/iframe><noscript><iframe title=\"Fam\u00edlia Fuelber: 4 d\u00e9cadas de avicultura e um legado que continua | Interligados - Vida no Campo\" width=\"800\" height=\"450\" src=\"https:\/\/www.youtube.com\/embed\/OCqWYsSl-uM?feature=oembed\" frameborder=\"0\" allow=\"accelerometer; autoplay; clipboard-write; encrypted-media; gyroscope; picture-in-picture; web-share\" referrerpolicy=\"strict-origin-when-cross-origin\" allowfullscreen><\/iframe><\/noscript>\n<\/p><figcaption class=\"wp-element-caption\">Vida no Campo: Toda sexta-feira, \u00e0s 11h30 da manh\u00e3, tem epis\u00f3dio novo no Interligados<\/figcaption><\/figure>\n<p>Janete \u00e9 a primeira a ir ao avi\u00e1rio pela manh\u00e3. Vin\u00edcius cuida do aquecimento e do conforto das aves, inclusive durante a madrugada. Adelar, com sua experi\u00eancia acumulada, continua orientando a fam\u00edlia nos manejos estrat\u00e9gicos.<\/p>\n<blockquote class=\"wp-block-quote is-layout-flow wp-block-quote-is-layout-flow\">\n<p>\u201cTrabalhar em fam\u00edlia \u00e9 nosso maior orgulho. A gente construiu tudo com base nessa uni\u00e3o\u201d, destaca Janete.<\/p>\n<\/blockquote>\n<\/div>\n<div>\n<h2 class=\"wp-block-heading\" id=\"h-reconhecimento-e-orgulho-de-alimentar-o-brasil-e-o-mundo\"><strong>Reconhecimento e orgulho de alimentar o Brasil e o mundo<\/strong><\/h2>\n<figure class=\"wp-block-image size-large\"><img fetchpriority=\"high\" decoding=\"async\" width=\"1024\" height=\"576\" alt=\"Com dois avi\u00e1rios automatizados em Santa Catarina, a fam\u00edlia Fuelber completa 40 anos na avicultura e aposta na sucess\u00e3o\" class=\"wp-image-4114735\"  data-lazy- src=\"https:\/\/agromt.news\/wp-content\/uploads\/2025\/08\/Quatro-decadas-de-experiencia-revelam-como-a-tradicao-familiar-evoluiu.jpg\"\/><img decoding=\"async\" width=\"1024\" height=\"576\" src=\"https:\/\/agromt.news\/wp-content\/uploads\/2025\/08\/Quatro-decadas-de-experiencia-revelam-como-a-tradicao-familiar-evoluiu.jpg\" alt=\"Com dois avi\u00e1rios automatizados em Santa Catarina, a fam\u00edlia Fuelber completa 40 anos na avicultura e aposta na sucess\u00e3o\" class=\"wp-image-4114735\"  \/><figcaption class=\"wp-element-caption\">Com dois avi\u00e1rios automatizados em Santa Catarina, a fam\u00edlia Fuelber completa 40 anos na avicultura e aposta na sucess\u00e3o<\/figcaption><\/figure>\n<p>Com seis anos consecutivos entre os cinco melhores produtores da Seara, a fam\u00edlia Fuelber acumula pr\u00eamios e reconhecimento de sua integradora. Mas o maior valor est\u00e1 no que foi constru\u00eddo: a casa, a educa\u00e7\u00e3o dos filhos e o respeito por uma atividade que transformou a vida da fam\u00edlia.<\/p>\n<p>Adelar guarda at\u00e9 hoje documentos, fotos e plantas antigas dos primeiros avi\u00e1rios. \u201cVer o quanto evolu\u00edmos emociona. A <a href=\"https:\/\/interligados.canalrural.com.br\/avicultura\/\">avicultura<\/a> nos deu tudo, e ver meu filho seguindo esse caminho \u00e9 a maior conquista.\u201d<\/p>\n<p>O orgulho tamb\u00e9m est\u00e1 na miss\u00e3o: produzir alimento com qualidade e responsabilidade.<\/p>\n<blockquote class=\"wp-block-quote is-layout-flow wp-block-quote-is-layout-flow\">\n<p>\u201cNossos frangos abastecem o mercado interno e v\u00e3o para exporta\u00e7\u00e3o. \u00c9 muita responsabilidade, mas tamb\u00e9m um enorme orgulho.\u201d<\/p>\n<\/blockquote>\n<figure class=\"wp-block-image size-large\"><img decoding=\"async\" width=\"1024\" height=\"576\" alt=\"Fam\u00edlia Fuelber e 40 anos de avicultura em SC | Interligados - Canal Rural&#10;\" class=\"wp-image-4114734\"  data-lazy- src=\"https:\/\/agromt.news\/wp-content\/uploads\/2025\/08\/1754150458_904_Quatro-decadas-de-experiencia-revelam-como-a-tradicao-familiar-evoluiu.jpg\"\/><img loading=\"lazy\" decoding=\"async\" width=\"1024\" height=\"576\" src=\"https:\/\/agromt.news\/wp-content\/uploads\/2025\/08\/1754150458_904_Quatro-decadas-de-experiencia-revelam-como-a-tradicao-familiar-evoluiu.jpg\" alt=\"Fam\u00edlia Fuelber e 40 anos de avicultura em SC | Interligados - Canal Rural&#10;\" class=\"wp-image-4114734\"  \/><figcaption class=\"wp-element-caption\">Fam\u00edlia Fuelber e 40 anos de avicultura em SC | Canal Rural<br \/>\n<\/figcaption><\/figure>\n<p><strong>Fa\u00e7a parte da nossa\u00a0<a href=\"https:\/\/chat.whatsapp.com\/KHdVAB6MSXAJBTe0S657Ip\" target=\"_blank\" rel=\"noreferrer noopener\">comunidade no WhatsApp<\/a>!<br \/><\/strong>Entre no grupo do <a href=\"https:\/\/interligados.canalrural.com.br\/\">Interligados<\/a> e fique por dentro de not\u00edcias, dicas t\u00e9cnicas e novidades das cadeias de aves e su\u00ednos, al\u00e9m de acompanhar o dia a dia no campo. \u00c9 r\u00e1pido, f\u00e1cil e cheio de conte\u00fados especiais! \ud83e\udde1<br \/>\ud83d\udd17<a href=\"https:\/\/chat.whatsapp.com\/KHdVAB6MSXAJBTe0S657Ip\" target=\"_blank\" rel=\"noreferrer noopener\">\u00a0Clique aqui e junte-se a n\u00f3s<\/a>.<\/p>\n<\/p><\/div>\n<p><br \/>\n<br \/><a href=\"https:\/\/www.canalrural.com.br\/aves-e-suinos\/quatro-decadas-de-experiencia-revelam-como-a-tradicao-familiar-evoluiu-com-a-avicultura-brasileira\/\">Source link <\/a><\/p>\n","protected":false},"excerpt":{"rendered":"<p>A hist\u00f3ria da fam\u00edlia Fuelber na avicultura brasileira \u00e9 um exemplo de como tradi\u00e7\u00e3o e inova\u00e7\u00e3o podem andar juntas no<\/p>\n","protected":false},"author":1,"featured_media":17909,"comment_status":"open","ping_status":"open","sticky":false,"template":"","format":"standard","meta":{"_monsterinsights_skip_tracking":false,"_monsterinsights_sitenote_active":false,"_monsterinsights_sitenote_note":"","_monsterinsights_sitenote_category":0,"_uf_show_specific_survey":0,"_uf_disable_surveys":false,"footnotes":""},"categories":[1],"tags":[],"class_list":["post-17908","post","type-post","status-publish","format-standard","has-post-thumbnail","hentry","category-news"],"_links":{"self":[{"href":"https:\/\/agromt.news\/index.php?rest_route=\/wp\/v2\/posts\/17908"}],"collection":[{"href":"https:\/\/agromt.news\/index.php?rest_route=\/wp\/v2\/posts"}],"about":[{"href":"https:\/\/agromt.news\/index.php?rest_route=\/wp\/v2\/types\/post"}],"author":[{"embeddable":true,"href":"https:\/\/agromt.news\/index.php?rest_route=\/wp\/v2\/users\/1"}],"replies":[{"embeddable":true,"href":"https:\/\/agromt.news\/index.php?rest_route=%2Fwp%2Fv2%2Fcomments&post=17908"}],"version-history":[{"count":0,"href":"https:\/\/agromt.news\/index.php?rest_route=\/wp\/v2\/posts\/17908\/revisions"}],"wp:featuredmedia":[{"embeddable":true,"href":"https:\/\/agromt.news\/index.php?rest_route=\/wp\/v2\/media\/17909"}],"wp:attachment":[{"href":"https:\/\/agromt.news\/index.php?rest_route=%2Fwp%2Fv2%2Fmedia&parent=17908"}],"wp:term":[{"taxonomy":"category","embeddable":true,"href":"https:\/\/agromt.news\/index.php?rest_route=%2Fwp%2Fv2%2Fcategories&post=17908"},{"taxonomy":"post_tag","embeddable":true,"href":"https:\/\/agromt.news\/index.php?rest_route=%2Fwp%2Fv2%2Ftags&post=17908"}],"curies":[{"name":"wp","href":"https:\/\/api.w.org\/{rel}","templated":true}]}}