{"id":17907,"date":"2025-08-02T11:27:15","date_gmt":"2025-08-02T15:27:15","guid":{"rendered":"https:\/\/agromt.news\/?p=17907"},"modified":"2025-08-02T11:27:15","modified_gmt":"2025-08-02T15:27:15","slug":"mercado-do-boi-gordo-inicia-agosto-com-cotacoes-estaveis","status":"publish","type":"post","link":"https:\/\/agromt.news\/?p=17907","title":{"rendered":"Mercado do boi gordo inicia agosto com cota\u00e7\u00f5es est\u00e1veis"},"content":{"rendered":"<p> <br \/>\n<\/p>\n<div>\n<div class=\"row\">\n<div class=\"col-lg col-infos mt-0 mt-lg-0\">\n<div class=\"section-sub-title\">\n<p itemprop=\"description\">&#13;<br \/>\n                                Pre\u00e7o das f\u00eameas registram quedas no Acre&#13;\n                            <\/p>\n<\/p><\/div>\n<div class=\"container\">\n<div class=\"row\">\n<div class=\"col-lg p-0\">\n<div>\n<div class=\"block-news-main-infos mt-3 text-start\">\n<p>                                            <strong class=\"fn\" itemprop=\"author\" style=\"color: rgb(112, 112, 112); \">&#13;<br \/>\n                                                <a href=\"https:\/\/www.agrolink.com.br\/noticias\/javascript:;\" class=\"text-uppercase\" target=\"_blank\" style=\"color: rgb(112, 112, 112); \" rel=\"noopener\">Agrolink<\/a>&#13;<br \/>\n&#13;<br \/>\n                                                    &#8211; Seane Lennon&#13;<br \/>\n&#13;<br \/>\n                                            <\/strong><br \/>\n                                        <\/p>\n<p>                                            <abbr><time datetime=\"2025-08-01T16:58\" itemprop=\"datePublished dateModified\">Publicado em 01\/08\/2025 \u00e0s 16:58h.<\/time><\/abbr><br \/>\n                                            <\/p><\/div>\n<\/p><\/div>\n<\/p><\/div>\n<div class=\"col-lg p-0 text-lg-end\">\n<div>\n<div id=\"mdEnviarPagina\" class=\"modal fade\" role=\"dialog\">\n<div class=\"modal-dialog\">\n<div class=\"modal-content\">\n<div class=\"modal-body\">\n<p><strong>Estimado usu\u00e1rio.<\/strong><br \/>Preencha o formul\u00e1rio abaixo para remeter a p\u00e1gina.<\/p>\n<\/p><\/div>\n<\/p><\/div>\n<\/p><\/div>\n<\/div><\/div>\n<\/p><\/div>\n<\/p><\/div>\n<\/p><\/div>\n<\/p><\/div>\n<\/p><\/div>\n<div class=\"row justify-content-md-center mt-3\">\n<div class=\"col-lg-auto col-image block-news-main-image\">\n<p>                                <img decoding=\"async\" src=\"https:\/\/www.agrolink.com.br\/upload\/imagens-resizes\/08d2a7d9d32243329bce981741e663e8_858x483.jpg\" class=\"lazyload img-fluid\"\/><br \/>\n                                                <span class=\"publicity-photo d-block mt-1\">Foto: Canva<\/span><\/p><\/div>\n<\/p><\/div>\n<div class=\"section-description section-description-noticias mt-3\">\n<p style=\"text-align:justify\">O primeiro dia de agosto foi marcado por estabilidade nas cota\u00e7\u00f5es do boi gordo em diversas regi\u00f5es do pa\u00eds, conforme an\u00e1lise publicada nesta sexta-feira (1) no informativo \u201cTem Boi na Linha\u201d, da Scot Consultoria. O levantamento apontou que tanto compradores quanto vendedores mantiveram postura retra\u00edda no in\u00edcio do m\u00eas, o que contribuiu para a manuten\u00e7\u00e3o dos pre\u00e7os.&#13;\n<\/p>\n<p style=\"text-align:justify\">Em S\u00e3o Paulo, os valores permaneceram inalterados em todas as categorias de bovinos. A consultoria informou que \u201cas escalas de abate atendiam, em m\u00e9dia, a sete dias\u201d.<\/p>\n<p style=\"text-align:justify\">No Acre, o mercado apresentou queda de R$ 5,00 por arroba nas cota\u00e7\u00f5es das f\u00eameas. Para o boi gordo, entretanto, os pre\u00e7os seguiram est\u00e1veis. N\u00e3o houve refer\u00eancia de negocia\u00e7\u00e3o para o chamado \u201cboi China\u201d no estado.<\/p>\n<p style=\"text-align:justify\">Na regi\u00e3o Noroeste do Paran\u00e1, tamb\u00e9m foi observada estabilidade nos pre\u00e7os. As escalas de abate, segundo a consultoria, \u201catendiam, em m\u00e9dia, a sete dias\u201d. Situa\u00e7\u00e3o semelhante foi registrada em Alagoas, onde as cota\u00e7\u00f5es se mantiveram sem altera\u00e7\u00f5es. Assim como no Acre, n\u00e3o houve refer\u00eancia para o \u201cboi China\u201d.&#13;\n<\/p>\n<p style=\"text-align:justify\">A Scot Consultoria tamb\u00e9m destacou os dados da liquida\u00e7\u00e3o do contrato futuro do boi gordo com vencimento em julho de 2025 (c\u00f3digo BGIN25), encerrado no \u00faltimo dia \u00fatil de julho (31\/7). Segundo o indicador da B3, a cota\u00e7\u00e3o da arroba ficou em R$ 293,54. O indicador do Cepea apontou o valor de R$ 293,50 por arroba, enquanto o da pr\u00f3pria Scot Consultoria foi de R$ 294,45.&#13;\n<\/p>\n<\/p><\/div>\n<\/p><\/div>\n<p><script data-cfasync=\"false\">\n    !function (f, b, e, v, n, t, s) {\n        if (f.fbq) return; n = f.fbq = function () {\n            n.callMethod ?\n                n.callMethod.apply(n, arguments) : n.queue.push(arguments)\n        };\n        if (!f._fbq) f._fbq = n; n.push = n; n.loaded = !0; n.version = '2.0';\n        n.queue = []; t = b.createElement(e); t.async = !0;\n        t.src = v; s = b.getElementsByTagName(e)[0];\n        s.parentNode.insertBefore(t, s)\n    }(window, document, 'script',\n        'https:\/\/connect.facebook.net\/en_US\/fbevents.js');\n    fbq('init', '522546078623747');\n    fbq('track', 'PageView');\n<\/script><br \/>\n<br \/><br \/>\n<br \/><a href=\"https:\/\/www.agrolink.com.br\/noticias\/mercado-do-boi-gordo-inicia-agosto-com-cotacoes-estaveis_504565.html\">Source link <\/a><\/p>\n","protected":false},"excerpt":{"rendered":"<p>&#13; Pre\u00e7o das f\u00eameas registram quedas no Acre&#13; &#13; Agrolink&#13; &#13; &#8211; Seane Lennon&#13; &#13; Publicado em 01\/08\/2025 \u00e0s 16:58h.<\/p>\n","protected":false},"author":1,"featured_media":2291,"comment_status":"open","ping_status":"open","sticky":false,"template":"","format":"standard","meta":{"_monsterinsights_skip_tracking":false,"_monsterinsights_sitenote_active":false,"_monsterinsights_sitenote_note":"","_monsterinsights_sitenote_category":0,"_uf_show_specific_survey":0,"_uf_disable_surveys":false,"footnotes":""},"categories":[8,1,14],"tags":[],"class_list":["post-17907","post","type-post","status-publish","format-standard","has-post-thumbnail","hentry","category-agro","category-news","category-politica-agro"],"_links":{"self":[{"href":"https:\/\/agromt.news\/index.php?rest_route=\/wp\/v2\/posts\/17907"}],"collection":[{"href":"https:\/\/agromt.news\/index.php?rest_route=\/wp\/v2\/posts"}],"about":[{"href":"https:\/\/agromt.news\/index.php?rest_route=\/wp\/v2\/types\/post"}],"author":[{"embeddable":true,"href":"https:\/\/agromt.news\/index.php?rest_route=\/wp\/v2\/users\/1"}],"replies":[{"embeddable":true,"href":"https:\/\/agromt.news\/index.php?rest_route=%2Fwp%2Fv2%2Fcomments&post=17907"}],"version-history":[{"count":0,"href":"https:\/\/agromt.news\/index.php?rest_route=\/wp\/v2\/posts\/17907\/revisions"}],"wp:featuredmedia":[{"embeddable":true,"href":"https:\/\/agromt.news\/index.php?rest_route=\/wp\/v2\/media\/2291"}],"wp:attachment":[{"href":"https:\/\/agromt.news\/index.php?rest_route=%2Fwp%2Fv2%2Fmedia&parent=17907"}],"wp:term":[{"taxonomy":"category","embeddable":true,"href":"https:\/\/agromt.news\/index.php?rest_route=%2Fwp%2Fv2%2Fcategories&post=17907"},{"taxonomy":"post_tag","embeddable":true,"href":"https:\/\/agromt.news\/index.php?rest_route=%2Fwp%2Fv2%2Ftags&post=17907"}],"curies":[{"name":"wp","href":"https:\/\/api.w.org\/{rel}","templated":true}]}}