{"id":17906,"date":"2025-08-02T10:47:55","date_gmt":"2025-08-02T14:47:55","guid":{"rendered":"https:\/\/agromt.news\/?p=17906"},"modified":"2025-08-02T10:47:55","modified_gmt":"2025-08-02T14:47:55","slug":"como-sera-o-clima-em-agosto","status":"publish","type":"post","link":"https:\/\/agromt.news\/?p=17906","title":{"rendered":"como ser\u00e1 o clima em agosto"},"content":{"rendered":"<p> <br \/>\n<\/p>\n<div>\n<p>O m\u00eas de agosto come\u00e7a com uma de suas principais caracter\u00edsticas clim\u00e1ticas: o ar extremamente seco em grande parte do Brasil. Esse padr\u00e3o aumenta o risco de focos de queimadas, especialmente no Centro-Oeste, no interior do Nordeste e em partes da regi\u00e3o Norte.<\/p>\n<p>Ao mesmo tempo, o calor ser\u00e1 intenso. De acordo com a <strong><a href=\"https:\/\/www.canalrural.com.br\/autor\/climatempo\/\">Climatempo<\/a><\/strong>, temperaturas entre 38\u202f\u00b0C e 40\u202f\u00b0C s\u00e3o esperadas no Tocantins, Par\u00e1, Maranh\u00e3o, norte de Mato Grosso e interior da Bahia. Em estados como Goi\u00e1s, Mato Grosso do Sul, Minas Gerais e S\u00e3o Paulo, as tardes tamb\u00e9m devem ficar mais quentes.<\/p>\n<ol class=\"wp-block-list\"\/>\n<h2 class=\"wp-block-heading\" id=\"h-frentes-frias-trarao-chuvas-localizadas-e-queda-de-temperatura\">Frentes frias trar\u00e3o chuvas localizadas e queda de temperatura<\/h2>\n<p>Apesar do predom\u00ednio do tempo seco, frentes frias devem passar pelo pa\u00eds, especialmente nas regi\u00f5es Sul e Sudeste. A primeira delas, informa a Climatempo, chega na primeira semana do m\u00eas e poder\u00e1 causar temporais no Sul e chuva moderada a forte em Mato Grosso do Sul, S\u00e3o Paulo, Minas Gerais e Rio de Janeiro.<\/p>\n<p>Outra frente fria est\u00e1 prevista para o fim do m\u00eas, podendo derrubar as temperaturas novamente. H\u00e1 possibilidade de friagem no sul da regi\u00e3o Norte, al\u00e9m de geadas e at\u00e9 ocorr\u00eancia de neve em pontos elevados da regi\u00e3o Sul.<\/p>\n<figure class=\"wp-block-image size-large\"><img fetchpriority=\"high\" decoding=\"async\" width=\"1024\" height=\"576\" alt=\"\" class=\"wp-image-4114868\"  data-lazy- src=\"https:\/\/agromt.news\/wp-content\/uploads\/2025\/08\/como-sera-o-clima-em-agosto.png\"\/><img decoding=\"async\" width=\"1024\" height=\"576\" src=\"https:\/\/agromt.news\/wp-content\/uploads\/2025\/08\/como-sera-o-clima-em-agosto.png\" alt=\"\" class=\"wp-image-4114868\"  \/><\/figure>\n<p>O tempo deve continuar seco em grande parte da regi\u00e3o Norte, especialmente no norte do Amazonas, Roraima, Amap\u00e1 e norte do Par\u00e1. Nessas \u00e1reas, o volume de chuva ser\u00e1 inferior ao normal.<\/p>\n<p>Em contrapartida, estados como Acre, Rond\u00f4nia e sul do Amazonas devem receber volumes acima da m\u00e9dia, o que pode ajudar a conter o avan\u00e7o de queimadas.<\/p>\n<h2 class=\"wp-block-heading\" id=\"h-nordeste-chuvas-na-costa-leste-e-calor-no-interior\">Nordeste: chuvas na costa leste e calor no interior<\/h2>\n<p>A circula\u00e7\u00e3o dos ventos e a passagem de frentes frias pela costa baiana favorecem a forma\u00e7\u00e3o de \u00e1reas de instabilidade na faixa leste do Nordeste. Estados como Pernambuco e Rio Grande do Norte podem registrar epis\u00f3dios de chuva moderada a forte.<\/p>\n<p>No entanto, o interior nordestino ter\u00e1 clima mais quente e seco. Cidades como Teresina, Juazeiro e Barreiras devem registrar temperaturas acima da m\u00e9dia, com baixa umidade relativa do ar.<\/p>\n<p>Goi\u00e1s, Mato Grosso e Mato Grosso do Sul ter\u00e3o temperaturas acima da m\u00e9dia durante boa parte do m\u00eas. O risco de onda de calor \u00e9 elevado, especialmente na segunda quinzena.<\/p>\n<p>As chuvas, quando ocorrerem, ser\u00e3o pontuais e associadas \u00e0 passagem de frentes frias continentais. Mesmo chuvas fracas, entre 10 mm e 20 mm, j\u00e1 ser\u00e3o suficientes para atingir ou superar a m\u00e9dia hist\u00f3rica de agosto na regi\u00e3o.<\/p>\n<\/div>\n<div>\n<h2 class=\"wp-block-heading\" id=\"h-sudeste-calor-tempo-seco-e-chuva-localizada\">Sudeste: calor, tempo seco e chuva localizada<\/h2>\n<p>Agosto ter\u00e1 temperaturas acima da m\u00e9dia no Sudeste, com destaque para o interior de Minas Gerais e S\u00e3o Paulo. A chuva ser\u00e1 irregular, mas algumas frentes frias poder\u00e3o provocar instabilidades em \u00e1reas do estado paulista, sul de Minas, Rio de Janeiro e Esp\u00edrito Santo.<\/p>\n<p>H\u00e1 risco de epis\u00f3dios de chuva moderada, especialmente nas duas primeiras semanas do m\u00eas. Mesmo assim, o tempo seco e o calor devem predominar.<\/p>\n<h2 class=\"wp-block-heading\" id=\"h-sul-maior-chance-de-chuva-e-variacoes-bruscas-de-temperatura\">Sul: maior chance de chuva e varia\u00e7\u00f5es bruscas de temperatura<\/h2>\n<p>A regi\u00e3o Sul ser\u00e1 a mais impactada pelas frentes frias. Agosto ter\u00e1 chuvas dentro ou um pouco acima da m\u00e9dia em Porto Alegre, Florian\u00f3polis e Curitiba.<\/p>\n<p>O clima ser\u00e1 inst\u00e1vel, com possibilidade de temporais, geadas e quedas bruscas de temperatura. Eventos de neve em \u00e1reas serranas n\u00e3o est\u00e3o descartados.<\/p>\n<figure class=\"wp-block-image size-large\"><img decoding=\"async\" width=\"1024\" height=\"576\" alt=\"\" class=\"wp-image-4114869\"  data-lazy- src=\"https:\/\/agromt.news\/wp-content\/uploads\/2025\/08\/1754146075_348_como-sera-o-clima-em-agosto.png\"\/><img loading=\"lazy\" decoding=\"async\" width=\"1024\" height=\"576\" src=\"https:\/\/agromt.news\/wp-content\/uploads\/2025\/08\/1754146075_348_como-sera-o-clima-em-agosto.png\" alt=\"\" class=\"wp-image-4114869\"  \/><\/figure>\n<h2 class=\"wp-block-heading\" id=\"h-capitais-veja-a-tendencia-para-agosto-de-2025\">Capitais: veja a tend\u00eancia para agosto de 2025<\/h2>\n<p>Confira o resumo da previs\u00e3o do tempo nas capitais brasileiras, de acordo com a Climatempo, comparando com a m\u00e9dia hist\u00f3rica:<\/p>\n<h3 class=\"wp-block-heading\" id=\"h-sul\">Sul<\/h3>\n<ul class=\"wp-block-list\">\n<li>Porto Alegre: chuva e temperatura dentro da m\u00e9dia<\/li>\n<li>Florian\u00f3polis: chuva um pouco acima da m\u00e9dia e temperatura dentro da m\u00e9dia<\/li>\n<li>Curitiba: chuva um pouco acima da m\u00e9dia e temperatura dentro da m\u00e9dia<\/li>\n<\/ul>\n<h3 class=\"wp-block-heading\" id=\"h-sudeste\">Sudeste<\/h3>\n<ul class=\"wp-block-list\">\n<li>S\u00e3o Paulo: chuva e temperatura um pouco acima da m\u00e9dia<\/li>\n<li>Rio de Janeiro: chuva um pouco acima da m\u00e9dia e temperatura perto da m\u00e9dia<\/li>\n<li>Vit\u00f3ria: chuva um pouco acima da m\u00e9dia e temperatura perto da m\u00e9dia<\/li>\n<li>Belo Horizonte: chuva e temperatura um pouco acima da m\u00e9dia<\/li>\n<\/ul>\n<h3 class=\"wp-block-heading\" id=\"h-centro-oeste\">Centro-Oeste<\/h3>\n<ul class=\"wp-block-list\">\n<li>Campo Grande: chuva e temperatura um pouco acima da m\u00e9dia (risco de onda de calor)<\/li>\n<li>Goi\u00e2nia: chuva dentro da m\u00e9dia e temperatura um pouco acima da m\u00e9dia (risco de onda de calor)<\/li>\n<li>Bras\u00edlia: chuva dentro da m\u00e9dia e temperatura um pouco acima da m\u00e9dia (risco de onda de calor)<\/li>\n<li>Cuiab\u00e1: chuva e temperatura um pouco acima da m\u00e9dia (risco de onda de calor)<\/li>\n<\/ul>\n<h3 class=\"wp-block-heading\" id=\"h-nordeste\">Nordeste<\/h3>\n<ul class=\"wp-block-list\">\n<li><strong>Salvador<\/strong>: chuva um pouco abaixo da m\u00e9dia e temperatura perto da m\u00e9dia<\/li>\n<li><strong>Aracaju<\/strong>:chuva um pouco abaixo da m\u00e9dia e temperatura perto da m\u00e9dia<\/li>\n<li><strong>Macei\u00f3<\/strong>: chuva um pouco abaixo da m\u00e9dia e temperatura perto da m\u00e9dia<\/li>\n<li><strong>Recife<\/strong>: chuva e temperatura dentro da m\u00e9dia<\/li>\n<li><strong>Jo\u00e3o Pessoa<\/strong>: chuva dentro da m\u00e9dia e temperatura um pouco acima da m\u00e9dia<\/li>\n<li><strong>Natal<\/strong>: chuva dentro da m\u00e9dia e temperatura um pouco acima da m\u00e9dia<\/li>\n<li><strong>Fortaleza<\/strong>: chuva dentro da m\u00e9dia e temperatura um pouco acima da m\u00e9dia<\/li>\n<li><strong>Teresina<\/strong>: chuva e temperatura dentro da m\u00e9dia<\/li>\n<li><strong>S\u00e3o Lu\u00eds<\/strong>: chuva um pouco abaixo da m\u00e9dia e temperatura um pouco acima da m\u00e9dia<\/li>\n<\/ul>\n<h3 class=\"wp-block-heading\" id=\"h-norte\">Norte<\/h3>\n<ul class=\"wp-block-list\">\n<li><strong>Palmas<\/strong>: chuva dentro da m\u00e9dia e temperatura um pouco acima da m\u00e9dia (risco de onda de calor)<\/li>\n<li><strong>Bel\u00e9m<\/strong>: chuva um pouco abaixo da m\u00e9dia e temperatura um pouco acima da m\u00e9dia<\/li>\n<li><strong>Manaus<\/strong>: chuva um pouco abaixo da m\u00e9dia e temperatura um pouco acima da m\u00e9dia<\/li>\n<li><strong>Macap\u00e1<\/strong>: chuva um pouco abaixo da m\u00e9dia e temperatura um pouco acima da m\u00e9dia<\/li>\n<li><strong>Boa Vista:<\/strong> chuva um pouco abaixo da m\u00e9dia e temperatura um pouco acima da m\u00e9dia<\/li>\n<li><strong>Porto Velho<\/strong>: chuva e temperatura um pouco acima da m\u00e9dia (possibilidade de friagem)<\/li>\n<li><strong>Rio Branco<\/strong>: chuva e temperatura um pouco acima da m\u00e9dia (possibilidade de friagem).<\/li>\n<\/ul>\n<div data-icp-cta=\"1\" id=\"icp-cta-unique\">Voc\u00ea quer entender como usar o clima a seu favor?<b> <\/b><a href=\"https:\/\/climacampo.canalrural.com.br\/climacampo_-01\">Preparamos um e-book exclusivo<\/a> para ajudar produtores rurais a se antecipar \u00e0s mudan\u00e7as do tempo e planejar melhor suas a\u00e7\u00f5es. Com base em previs\u00f5es meteorol\u00f3gicas confi\u00e1veis, ele oferece orienta\u00e7\u00f5es pr\u00e1ticas para proteger sua lavoura e otimizar seus resultados.<\/div>\n<\/div>\n<p><br \/>\n<br \/><a href=\"https:\/\/www.canalrural.com.br\/tempo\/frentes-frias-geada-temporais-e-onda-de-calor-como-sera-o-clima-em-agosto\/\">Source link <\/a><\/p>\n","protected":false},"excerpt":{"rendered":"<p>O m\u00eas de agosto come\u00e7a com uma de suas principais caracter\u00edsticas clim\u00e1ticas: o ar extremamente seco em grande parte do<\/p>\n","protected":false},"author":1,"featured_media":12029,"comment_status":"open","ping_status":"open","sticky":false,"template":"","format":"standard","meta":{"_monsterinsights_skip_tracking":false,"_monsterinsights_sitenote_active":false,"_monsterinsights_sitenote_note":"","_monsterinsights_sitenote_category":0,"_uf_show_specific_survey":0,"_uf_disable_surveys":false,"footnotes":""},"categories":[1],"tags":[],"class_list":["post-17906","post","type-post","status-publish","format-standard","has-post-thumbnail","hentry","category-news"],"_links":{"self":[{"href":"https:\/\/agromt.news\/index.php?rest_route=\/wp\/v2\/posts\/17906"}],"collection":[{"href":"https:\/\/agromt.news\/index.php?rest_route=\/wp\/v2\/posts"}],"about":[{"href":"https:\/\/agromt.news\/index.php?rest_route=\/wp\/v2\/types\/post"}],"author":[{"embeddable":true,"href":"https:\/\/agromt.news\/index.php?rest_route=\/wp\/v2\/users\/1"}],"replies":[{"embeddable":true,"href":"https:\/\/agromt.news\/index.php?rest_route=%2Fwp%2Fv2%2Fcomments&post=17906"}],"version-history":[{"count":0,"href":"https:\/\/agromt.news\/index.php?rest_route=\/wp\/v2\/posts\/17906\/revisions"}],"wp:featuredmedia":[{"embeddable":true,"href":"https:\/\/agromt.news\/index.php?rest_route=\/wp\/v2\/media\/12029"}],"wp:attachment":[{"href":"https:\/\/agromt.news\/index.php?rest_route=%2Fwp%2Fv2%2Fmedia&parent=17906"}],"wp:term":[{"taxonomy":"category","embeddable":true,"href":"https:\/\/agromt.news\/index.php?rest_route=%2Fwp%2Fv2%2Fcategories&post=17906"},{"taxonomy":"post_tag","embeddable":true,"href":"https:\/\/agromt.news\/index.php?rest_route=%2Fwp%2Fv2%2Ftags&post=17906"}],"curies":[{"name":"wp","href":"https:\/\/api.w.org\/{rel}","templated":true}]}}