{"id":17904,"date":"2025-08-02T10:33:29","date_gmt":"2025-08-02T14:33:29","guid":{"rendered":"https:\/\/agromt.news\/?p=17904"},"modified":"2025-08-02T10:33:29","modified_gmt":"2025-08-02T14:33:29","slug":"governo-autorizara-estados-a-comprar-alimentos-afetados-por-tarifaco","status":"publish","type":"post","link":"https:\/\/agromt.news\/?p=17904","title":{"rendered":"Governo autorizar\u00e1 estados a comprar alimentos afetados por tarifa\u00e7o"},"content":{"rendered":"<p> <br \/>\n<br \/><img decoding=\"async\" src=\"https:\/\/agromt.news\/wp-content\/uploads\/2025\/08\/Governo-autorizara-estados-a-comprar-alimentos-afetados-por-tarifaco.jpg\" \/><\/p>\n<div>\n<p>O governo federal est\u00e1 disposto a alterar a legisla\u00e7\u00e3o para que governos locais comprem alimentos que deixarem de ser exportados aos <strong><a href=\"http:\/\/www.canalrural.com.br\/tag\/estadfos-unidos\/\">Estados Unidos<\/a><\/strong> para compor a merenda escolar, disse o ministro da Fazenda, Fernando Haddad. <\/p>\n<p>Ele se reuniu nesta sexta-feira (1\u00ba) com o governador do Cear\u00e1, Elmano de Freitas, que apresentou a sugest\u00e3o de que o estado nordestino compre peixes e frutas, afetados pela tarifa de 50%.<\/p>\n<\/div>\n<div>\n<p>\u201cO governador [Elmano] apresentou um plano mais amplo, n\u00e3o s\u00f3 para a merenda escolar. Ele apresentou um plano mais amplo. Essas compras seriam feitas pelo Executivo estadual, mas dependem de uma lei federal, de uma autoriza\u00e7\u00e3o federal. Ele est\u00e1 mandando a sugest\u00e3o de reda\u00e7\u00e3o, n\u00f3s vamos processar\u201d, declarou Haddad na sa\u00edda do Minist\u00e9rio da Fazenda.<\/p>\n<p>Mais cedo, a ministra das Rela\u00e7\u00f5es Institucionais, Gleisi Hoffmann, disse que o governo est\u00e1 aberto a comprar alimentos de setores afetados pelo tarifa\u00e7o e distribu\u00ed-los \u00e0s escolas p\u00fablicas, refor\u00e7ando a merenda escolar ou o Programa de Aquisi\u00e7\u00e3o de Alimentos (PAA). A medida faria parte do plano de conting\u00eancia em discuss\u00e3o no governo.<\/p>\n<p>A mudan\u00e7a na legisla\u00e7\u00e3o, que pode ocorrer por meio de medida provis\u00f3ria ou projeto de lei, \u00e9 necess\u00e1ria porque exigiria mudan\u00e7as na regula\u00e7\u00e3o de compras governamentais. Em vez de seguir a l\u00f3gica tradicional, com preg\u00f5es eletr\u00f4nicos pelo menor pre\u00e7o, com margem de prefer\u00eancia para produtos nacionais e cota de pelo menos 30% para produtos da agricultura familiar (no caso do PAA), as compras passariam a beneficiar exportadores.<\/p>\n<\/p><\/div>\n<p><br \/>\n<br \/><a href=\"https:\/\/www.canalrural.com.br\/agricultura\/governo-autorizara-estados-a-comprar-alimentos-afetados-por-tarifaco\/\">Source link <\/a><\/p>\n","protected":false},"excerpt":{"rendered":"<p>O governo federal est\u00e1 disposto a alterar a legisla\u00e7\u00e3o para que governos locais comprem alimentos que deixarem de ser exportados<\/p>\n","protected":false},"author":1,"featured_media":17905,"comment_status":"open","ping_status":"open","sticky":false,"template":"","format":"standard","meta":{"_monsterinsights_skip_tracking":false,"_monsterinsights_sitenote_active":false,"_monsterinsights_sitenote_note":"","_monsterinsights_sitenote_category":0,"_uf_show_specific_survey":0,"_uf_disable_surveys":false,"footnotes":""},"categories":[1],"tags":[],"class_list":["post-17904","post","type-post","status-publish","format-standard","has-post-thumbnail","hentry","category-news"],"_links":{"self":[{"href":"https:\/\/agromt.news\/index.php?rest_route=\/wp\/v2\/posts\/17904"}],"collection":[{"href":"https:\/\/agromt.news\/index.php?rest_route=\/wp\/v2\/posts"}],"about":[{"href":"https:\/\/agromt.news\/index.php?rest_route=\/wp\/v2\/types\/post"}],"author":[{"embeddable":true,"href":"https:\/\/agromt.news\/index.php?rest_route=\/wp\/v2\/users\/1"}],"replies":[{"embeddable":true,"href":"https:\/\/agromt.news\/index.php?rest_route=%2Fwp%2Fv2%2Fcomments&post=17904"}],"version-history":[{"count":0,"href":"https:\/\/agromt.news\/index.php?rest_route=\/wp\/v2\/posts\/17904\/revisions"}],"wp:featuredmedia":[{"embeddable":true,"href":"https:\/\/agromt.news\/index.php?rest_route=\/wp\/v2\/media\/17905"}],"wp:attachment":[{"href":"https:\/\/agromt.news\/index.php?rest_route=%2Fwp%2Fv2%2Fmedia&parent=17904"}],"wp:term":[{"taxonomy":"category","embeddable":true,"href":"https:\/\/agromt.news\/index.php?rest_route=%2Fwp%2Fv2%2Fcategories&post=17904"},{"taxonomy":"post_tag","embeddable":true,"href":"https:\/\/agromt.news\/index.php?rest_route=%2Fwp%2Fv2%2Ftags&post=17904"}],"curies":[{"name":"wp","href":"https:\/\/api.w.org\/{rel}","templated":true}]}}