{"id":17895,"date":"2025-08-02T02:32:53","date_gmt":"2025-08-02T06:32:53","guid":{"rendered":"https:\/\/agromt.news\/?p=17895"},"modified":"2025-08-02T02:32:53","modified_gmt":"2025-08-02T06:32:53","slug":"nao-ha-mais-margem-setor-agricola-exige-uma-solucao-definitiva-para-o","status":"publish","type":"post","link":"https:\/\/agromt.news\/?p=17895","title":{"rendered":"&#8220;N\u00e3o h\u00e1 mais margem&#8221;: setor agr\u00edcola exige uma solu\u00e7\u00e3o definitiva para o&#8230;"},"content":{"rendered":"<p> <br \/>\n<\/p>\n<p>O Comit\u00ea de Liga\u00e7\u00e3o, que inclui a Sociedade Rural Argentina (SRA), a Coninagro, as Confedera\u00e7\u00f5es Rurais Argentinas (CRA) e a Federa\u00e7\u00e3o Agr\u00e1ria, pediu ao Governo regras claras e previsibilidade<\/p>\n<div>\n<p>Esta ter\u00e7a-feira, 1\u00ba de julho, marca o fim do decreto que estabeleceu uma redu\u00e7\u00e3o tempor\u00e1ria nas al\u00edquotas do Imposto de Exporta\u00e7\u00e3o (DEX) para soja e milho, entre outras culturas. A medida, implementada pelo governo de Javier Milei em 27 de janeiro, foi um dos primeiros gestos em dire\u00e7\u00e3o ao setor agr\u00edcola, mas apenas provis\u00f3ria. A redu\u00e7\u00e3o tempor\u00e1ria havia reduzido o imposto retido na fonte sobre a soja de 33% para 26% e sobre o milho de 12% para 9,5%. Apenas as al\u00edquotas reduzidas para trigo e cevada foram adiadas para 31 de mar\u00e7o de 2026.<\/p>\n<p>Nesse contexto, que mudar\u00e1 amanh\u00e3, o retorno \u00e0 estrutura tribut\u00e1ria anterior reacendeu as cr\u00edticas do campo. Em nota divulgada esta manh\u00e3, o Comit\u00ea de Liga\u00e7\u00e3o de Entidades Agr\u00edcolas (CEEA), que re\u00fane as quatro principais organiza\u00e7\u00f5es rurais do pa\u00eds, pediu ao governo que avance no sentido da elimina\u00e7\u00e3o dos impostos retidos na fonte. Os l\u00edderes das organiza\u00e7\u00f5es s\u00e3o Nicol\u00e1s Pino (Sociedade Rural Argentina), Andrea Sarnari (Federa\u00e7\u00e3o Agr\u00e1ria Argentina), Lucas Magnano (Coninagro) e Carlos Castagnani (Confedera\u00e7\u00f5es Rurais Argentinas).<\/p>\n<p>\n\u201cH\u00e1 meses e anos, reivindicamos medidas urgentes e definitivas para enfrentar os graves problemas de competitividade que o setor enfrenta. Temos feito isso institucionalmente, em todas as reuni\u00f5es com legisladores, autoridades do Poder Executivo Nacional e governos provinciais. E continuaremos a faz\u00ea-lo com responsabilidade e firmeza\u201d, enfatizaram.<\/p>\n<p>\n&#8220;O principal desafio \u00e0 validade dos Direitos de Exporta\u00e7\u00e3o, al\u00e9m das al\u00edquotas, \u00e9 que eles s\u00e3o um imposto distorcido, anacr\u00f4nico e prejudicial que gerou um inevit\u00e1vel atraso social, tecnol\u00f3gico e produtivo, apesar dos esfor\u00e7os isolados de produtores e outros elos da cadeia para sustentar a produ\u00e7\u00e3o e as ra\u00edzes rurais&#8221;, acrescentou o Comit\u00ea de Liga\u00e7\u00e3o. Segundo as organiza\u00e7\u00f5es, esse imposto impediu a Argentina de aproveitar &#8220;oportunidades imbat\u00edveis de investimento e desenvolvimento federal&#8221;.<\/p>\n<p>\nDurante os cinco meses em que a redu\u00e7\u00e3o vigorou, o governo buscou estimular as vendas e acelerar a liquida\u00e7\u00e3o de moeda estrangeira. Segundo analistas do setor, a entrada de moeda estrangeira proveniente das exporta\u00e7\u00f5es agr\u00edcolas em junho pode atingir o recorde de US$ 7,4 bilh\u00f5es.<\/p>\n<p>Al\u00e9m disso, o Instituto de Estudos Econ\u00f4micos da Sociedade Rural Argentina (SRA) estimou que o setor se beneficiou, durante os cinco meses em que a medida esteve em vigor, em US$ 544 milh\u00f5es, dos quais 81% vieram da soja. Segundo a organiza\u00e7\u00e3o, o al\u00edvio fiscal impulsionou as vendas.<\/p>\n<p>Analistas do mercado de gr\u00e3os j\u00e1 alertaram que, embora o setor tenha respondido com aumento nas vendas durante toda a vig\u00eancia da medida, esse ritmo n\u00e3o se sustentar\u00e1 com essa nova realidade.<\/p>\n<p>No entanto, os trabalhadores agr\u00edcolas sustentaram que o impacto da medida foi limitado devido \u00e0 sua natureza tempor\u00e1ria. &#8220;A carga tribut\u00e1ria sufocante, injusta e desigual prejudica a competitividade do setor em todas as prov\u00edncias onde a cadeia agroindustrial define desenvolvimento, emprego e qualidade de vida&#8221;, afirmou o Comit\u00ea de Liga\u00e7\u00e3o.<\/p>\n<p>&#8220;N\u00e3o h\u00e1 mais espa\u00e7o para medidas discricion\u00e1rias de curto prazo, que s\u00f3 aumentam a incerteza e a ansiedade. O campo argentino precisa de regras claras, previsibilidade e uma Argentina sem restri\u00e7\u00f5es&#8221;, conclu\u00edram.<\/p>\n<\/p><\/div>\n<p><script async defer src=\"https:\/\/connect.facebook.net\/en_US\/sdk.js\"><\/script><script>\n  !function(f,b,e,v,n,t,s)\n  {if(f.fbq)return;n=f.fbq=function(){n.callMethod?\n    n.callMethod.apply(n,arguments):n.queue.push(arguments)};\n    if(!f._fbq)f._fbq=n;n.push=n;n.loaded=!0;n.version='2.0';\n    n.queue=[];t=b.createElement(e);t.async=!0;\n    t.src=v;s=b.getElementsByTagName(e)[0];\n    s.parentNode.insertBefore(t,s)}(window, document,'script',\n    'https:\/\/connect.facebook.net\/en_US\/fbevents.js');\n  fbq('init', '153495679422335');\n  fbq('track', 'PageView');\n<\/script><br \/>\n<br \/><br \/>\n<br \/><a href=\"https:\/\/www.noticiasagricolas.com.br\/noticias\/agronegocio\/403238-nao-ha-mais-margem-setor-agricola-exige-uma-solucao-definitiva-para-o-aumento-das-retencoes.html\">Source link <\/a><\/p>\n","protected":false},"excerpt":{"rendered":"<p>O Comit\u00ea de Liga\u00e7\u00e3o, que inclui a Sociedade Rural Argentina (SRA), a Coninagro, as Confedera\u00e7\u00f5es Rurais Argentinas (CRA) e a<\/p>\n","protected":false},"author":1,"featured_media":17896,"comment_status":"open","ping_status":"open","sticky":false,"template":"","format":"standard","meta":{"_monsterinsights_skip_tracking":false,"_monsterinsights_sitenote_active":false,"_monsterinsights_sitenote_note":"","_monsterinsights_sitenote_category":0,"_uf_show_specific_survey":0,"_uf_disable_surveys":false,"footnotes":""},"categories":[8,1,14,16],"tags":[],"class_list":["post-17895","post","type-post","status-publish","format-standard","has-post-thumbnail","hentry","category-agro","category-news","category-politica-agro","category-safra"],"_links":{"self":[{"href":"https:\/\/agromt.news\/index.php?rest_route=\/wp\/v2\/posts\/17895"}],"collection":[{"href":"https:\/\/agromt.news\/index.php?rest_route=\/wp\/v2\/posts"}],"about":[{"href":"https:\/\/agromt.news\/index.php?rest_route=\/wp\/v2\/types\/post"}],"author":[{"embeddable":true,"href":"https:\/\/agromt.news\/index.php?rest_route=\/wp\/v2\/users\/1"}],"replies":[{"embeddable":true,"href":"https:\/\/agromt.news\/index.php?rest_route=%2Fwp%2Fv2%2Fcomments&post=17895"}],"version-history":[{"count":0,"href":"https:\/\/agromt.news\/index.php?rest_route=\/wp\/v2\/posts\/17895\/revisions"}],"wp:featuredmedia":[{"embeddable":true,"href":"https:\/\/agromt.news\/index.php?rest_route=\/wp\/v2\/media\/17896"}],"wp:attachment":[{"href":"https:\/\/agromt.news\/index.php?rest_route=%2Fwp%2Fv2%2Fmedia&parent=17895"}],"wp:term":[{"taxonomy":"category","embeddable":true,"href":"https:\/\/agromt.news\/index.php?rest_route=%2Fwp%2Fv2%2Fcategories&post=17895"},{"taxonomy":"post_tag","embeddable":true,"href":"https:\/\/agromt.news\/index.php?rest_route=%2Fwp%2Fv2%2Ftags&post=17895"}],"curies":[{"name":"wp","href":"https:\/\/api.w.org\/{rel}","templated":true}]}}