{"id":17893,"date":"2025-08-02T01:35:08","date_gmt":"2025-08-02T05:35:08","guid":{"rendered":"https:\/\/agromt.news\/?p=17893"},"modified":"2025-08-02T01:35:08","modified_gmt":"2025-08-02T05:35:08","slug":"estiagem-afeta-pastos-e-eleva-custos-para-produtores","status":"publish","type":"post","link":"https:\/\/agromt.news\/?p=17893","title":{"rendered":"Estiagem afeta pastos e eleva custos para produtores"},"content":{"rendered":"<p> <br \/>\n<\/p>\n<div>\n<div class=\"row\">\n<div class=\"col-lg col-infos mt-0 mt-lg-0\">\n<div class=\"section-sub-title\">\n<p itemprop=\"description\">&#13;<br \/>\n                                Pre\u00e7os reagem ap\u00f3s queda em julho&#13;\n                            <\/p>\n<\/p><\/div>\n<div class=\"container\">\n<div class=\"row\">\n<div class=\"col-lg p-0\">\n<div>\n<div class=\"block-news-main-infos mt-3 text-start\">\n<p>                                            <strong class=\"fn\" itemprop=\"author\" style=\"color: rgb(112, 112, 112); \">&#13;<br \/>\n                                                <a href=\"https:\/\/www.agrolink.com.br\/noticias\/javascript:;\" class=\"text-uppercase\" target=\"_blank\" style=\"color: rgb(112, 112, 112); \" rel=\"noopener\">Agrolink<\/a>&#13;<br \/>\n&#13;<br \/>\n                                                    &#8211; Aline Merladete&#13;<br \/>\n&#13;<br \/>\n                                            <\/strong><br \/>\n                                        <\/p>\n<p>                                            <abbr><time datetime=\"2025-07-31T14:54\" itemprop=\"datePublished dateModified\">Publicado em 31\/07\/2025 \u00e0s 14:54h.<\/time><\/abbr><br \/>\n                                            <\/p><\/div>\n<\/p><\/div>\n<\/p><\/div>\n<div class=\"col-lg p-0 text-lg-end\">\n<div>\n<div id=\"mdEnviarPagina\" class=\"modal fade\" role=\"dialog\">\n<div class=\"modal-dialog\">\n<div class=\"modal-content\">\n<div class=\"modal-body\">\n<p><strong>Estimado usu\u00e1rio.<\/strong><br \/>Preencha o formul\u00e1rio abaixo para remeter a p\u00e1gina.<\/p>\n<\/p><\/div>\n<\/p><\/div>\n<\/p><\/div>\n<\/div><\/div>\n<\/p><\/div>\n<\/p><\/div>\n<\/p><\/div>\n<\/p><\/div>\n<\/p><\/div>\n<div class=\"row justify-content-md-center mt-3\">\n<div class=\"col-lg-auto col-image block-news-main-image\">\n<p>                                <img decoding=\"async\" src=\"https:\/\/www.agrolink.com.br\/upload\/imagens-resizes\/1a5c565a713a4baba7950f3ba1184d16_858x483.jpg\" class=\"lazyload img-fluid\"\/><br \/>\n                                                <span class=\"publicity-photo d-block mt-1\">Foto: Divulga\u00e7\u00e3o<\/span><\/p><\/div>\n<\/p><\/div>\n<div class=\"section-description section-description-noticias mt-3\">\n<p style=\"text-align:justify\">O mercado pecu\u00e1rio registrou uma melhora no ritmo das negocia\u00e7\u00f5es nos \u00faltimos dias, com os pre\u00e7os do boi gordo come\u00e7ando a se estabilizar e at\u00e9 apresentar ligeiras valoriza\u00e7\u00f5es. A movimenta\u00e7\u00e3o mais intensa reflete uma mudan\u00e7a no comportamento dos pecuaristas, que passaram a reter os animais diante das quedas registradas anteriormente.&#13;\n<\/p>\n<p style=\"text-align:justify\">Segundo informa\u00e7\u00f5es divulgadas pelo Cepea (Centro de Estudos Avan\u00e7ados em Economia Aplicada), ap\u00f3s sucessivas baixas durante boa parte de julho, muitos produtores passaram a adotar uma postura mais cautelosa na comercializa\u00e7\u00e3o, reduzindo a oferta em algumas regi\u00f5es. Esse cen\u00e1rio contribuiu para uma recupera\u00e7\u00e3o nas cota\u00e7\u00f5es da arroba, al\u00e9m de estimular pequenos reajustes no atacado. Em S\u00e3o Paulo, por exemplo, os valores dos cortes com osso apresentaram alta, algo que n\u00e3o era observado desde 18 de junho.<\/p>\n<p style=\"text-align:justify\">Os pesquisadores do Cepea alertam, no entanto, que o per\u00edodo entre agosto e setembro \u00e9 especialmente desafiador para o manejo das pastagens no Brasil. A queda na qualidade e disponibilidade do pasto obriga os pecuaristas a investirem na suplementa\u00e7\u00e3o alimentar do rebanho, mesmo quando o abate n\u00e3o \u00e9 uma prioridade imediata. Essa estrat\u00e9gia eleva os custos de produ\u00e7\u00e3o e, neste ano, tem ocorrido em um contexto de pre\u00e7os de venda ainda inferiores aos praticados no primeiro semestre.&#13;\n<\/p>\n<p style=\"text-align:justify\">O cen\u00e1rio indica que o equil\u00edbrio entre oferta e demanda continua sendo o principal fator de influ\u00eancia nos pre\u00e7os, enquanto os custos de manuten\u00e7\u00e3o seguem pressionando as margens do produtor. A expectativa agora recai sobre a capacidade de sustenta\u00e7\u00e3o desse movimento de valoriza\u00e7\u00e3o nas pr\u00f3ximas semanas.<\/p>\n<\/p><\/div>\n<\/p><\/div>\n<p><script data-cfasync=\"false\">\n    !function (f, b, e, v, n, t, s) {\n        if (f.fbq) return; n = f.fbq = function () {\n            n.callMethod ?\n                n.callMethod.apply(n, arguments) : n.queue.push(arguments)\n        };\n        if (!f._fbq) f._fbq = n; n.push = n; n.loaded = !0; n.version = '2.0';\n        n.queue = []; t = b.createElement(e); t.async = !0;\n        t.src = v; s = b.getElementsByTagName(e)[0];\n        s.parentNode.insertBefore(t, s)\n    }(window, document, 'script',\n        'https:\/\/connect.facebook.net\/en_US\/fbevents.js');\n    fbq('init', '522546078623747');\n    fbq('track', 'PageView');\n<\/script><br \/>\n<br \/><br \/>\n<br \/><a href=\"https:\/\/www.agrolink.com.br\/noticias\/estiagem-afeta-pastos-e-eleva-custos-para-produtores_504514.html\">Source link <\/a><\/p>\n","protected":false},"excerpt":{"rendered":"<p>&#13; Pre\u00e7os reagem ap\u00f3s queda em julho&#13; &#13; Agrolink&#13; &#13; &#8211; Aline Merladete&#13; &#13; Publicado em 31\/07\/2025 \u00e0s 14:54h. Estimado<\/p>\n","protected":false},"author":1,"featured_media":17894,"comment_status":"open","ping_status":"open","sticky":false,"template":"","format":"standard","meta":{"_monsterinsights_skip_tracking":false,"_monsterinsights_sitenote_active":false,"_monsterinsights_sitenote_note":"","_monsterinsights_sitenote_category":0,"_uf_show_specific_survey":0,"_uf_disable_surveys":false,"footnotes":""},"categories":[8,1,14],"tags":[],"class_list":["post-17893","post","type-post","status-publish","format-standard","has-post-thumbnail","hentry","category-agro","category-news","category-politica-agro"],"_links":{"self":[{"href":"https:\/\/agromt.news\/index.php?rest_route=\/wp\/v2\/posts\/17893"}],"collection":[{"href":"https:\/\/agromt.news\/index.php?rest_route=\/wp\/v2\/posts"}],"about":[{"href":"https:\/\/agromt.news\/index.php?rest_route=\/wp\/v2\/types\/post"}],"author":[{"embeddable":true,"href":"https:\/\/agromt.news\/index.php?rest_route=\/wp\/v2\/users\/1"}],"replies":[{"embeddable":true,"href":"https:\/\/agromt.news\/index.php?rest_route=%2Fwp%2Fv2%2Fcomments&post=17893"}],"version-history":[{"count":0,"href":"https:\/\/agromt.news\/index.php?rest_route=\/wp\/v2\/posts\/17893\/revisions"}],"wp:featuredmedia":[{"embeddable":true,"href":"https:\/\/agromt.news\/index.php?rest_route=\/wp\/v2\/media\/17894"}],"wp:attachment":[{"href":"https:\/\/agromt.news\/index.php?rest_route=%2Fwp%2Fv2%2Fmedia&parent=17893"}],"wp:term":[{"taxonomy":"category","embeddable":true,"href":"https:\/\/agromt.news\/index.php?rest_route=%2Fwp%2Fv2%2Fcategories&post=17893"},{"taxonomy":"post_tag","embeddable":true,"href":"https:\/\/agromt.news\/index.php?rest_route=%2Fwp%2Fv2%2Ftags&post=17893"}],"curies":[{"name":"wp","href":"https:\/\/api.w.org\/{rel}","templated":true}]}}