{"id":17879,"date":"2025-08-01T19:16:41","date_gmt":"2025-08-01T23:16:41","guid":{"rendered":"https:\/\/agromt.news\/?p=17879"},"modified":"2025-08-01T19:16:41","modified_gmt":"2025-08-01T23:16:41","slug":"embaixador-nega-mudancas-e-diz-que-cop30-permanece-em-belem","status":"publish","type":"post","link":"https:\/\/agromt.news\/?p=17879","title":{"rendered":"Embaixador nega mudan\u00e7as e diz que COP30 permanece em Bel\u00e9m"},"content":{"rendered":"<p> <br \/>\n<br \/><img decoding=\"async\" src=\"https:\/\/agromt.news\/wp-content\/uploads\/2025\/08\/Embaixador-nega-mudancas-e-diz-que-COP30-permanece-em-Belem.jpg\" \/><\/p>\n<div>\n<p>Faltando 100 dias para o in\u00edcio da Confer\u00eancia das Na\u00e7\u00f5es Unidas sobre as Mudan\u00e7as Clim\u00e1ticas de 2025 (COP30), 29 na\u00e7\u00f5es assinaram uma carta direcionada ao presidente Lula solicitando a transfer\u00eancia do evento, em Bel\u00e9m, para outra cidade.<\/p>\n<p>O argumento utilizado n\u00e3o apenas por pa\u00edses em desenvolvimento, mas tamb\u00e9m por desenvolvidos, como <strong><a href=\"https:\/\/www.canalrural.com.br\/tag\/canada\/\">Canad\u00e1<\/a><\/strong>, Su\u00e9cia e Holanda, s\u00e3o os altos pre\u00e7os cobrados pelo sistema hoteleiro da capital paraense.<\/p>\n<p><iframe title=\"Com altos custos de hospedagem, pa\u00edses querem mudar local da COP30\" width=\"800\" height=\"450\" src=\"https:\/\/www.youtube.com\/embed\/WolKzRaw-SY?feature=oembed\" frameborder=\"0\" allow=\"accelerometer; autoplay; clipboard-write; encrypted-media; gyroscope; picture-in-picture; web-share\" referrerpolicy=\"strict-origin-when-cross-origin\" allowfullscreen><\/iframe><\/p>\n<p>O pr\u00f3prio presidente da COP30, o embaixador Andr\u00e9 Correa do Lago, admite que os pre\u00e7os na cidade chegam at\u00e9 a dez vezes mais ao que \u00e9 praticado pelo mercado.<\/p>\n<p>No entanto, ele reiterou que o evento ser\u00e1, de fato, realizado em Bel\u00e9m. Lago afirmou que o Brasil est\u00e1 atuando para garantir que todos os pa\u00edses, em especial os mais pobres, consigam participar da confer\u00eancia, marcada para ocorrer entre 10 e 21 de novembro.<\/p>\n<p>\u201cA COP30 vai ser em Bel\u00e9m, o encontro de chefes de Estado vai ser em Bel\u00e9m e n\u00e3o h\u00e1 nenhum plano B. O que aconteceu foi uma reuni\u00e3o de emerg\u00eancia e os representantes dos pa\u00edses disseram ter uma preocupa\u00e7\u00e3o muito grande por causa dos pre\u00e7os de hospedagem em Bel\u00e9m e que esses pre\u00e7os est\u00e3o muit\u00edssimo acima de qualquer aumento que houve em qualquer outra COP\u201d, relatou o embaixador.<\/p>\n<p>Lago afirmou que o governo est\u00e1 trabalhando para oferecer tarifas de hospedagem entre US$ 100 e US$ 600, com prioridade para essas delega\u00e7\u00f5es de pa\u00edses em desenvolvimento.<\/p>\n<p>O embaixador relatou ainda que para essas delega\u00e7\u00f5es de pa\u00edses com maior dificuldade de hospedagem, a ONU est\u00e1 oferecendo uma di\u00e1ria que gira em torno de US$ 143 a US$ 149 o que seria insuficiente para a manuten\u00e7\u00e3o dos representantes na COP30.<\/p>\n<p>\u201cEsses pa\u00edses se manifestaram de maneira muito clara na reuni\u00e3o. Disseram que, com a di\u00e1ria de cerca de US$ 143 que recebem, precisam de quartos entre 50 e 70 d\u00f3lares para poder participar. Se voc\u00ea olhar hoje os pre\u00e7os em Bel\u00e9m, h\u00e1 centenas de quartos nessa faixa. Mas nas datas da COP, os valores disparam\u201d, explicou.<\/p>\n<\/div>\n<div>\n<p>\u201cSendo o Brasil um pa\u00eds em desenvolvimento e querendo uma COP inclusiva, temos que encontrar uma maneira de que esses pa\u00edses possam estar em Bel\u00e9m, porque eles tamb\u00e9m dizem que a COP, com a aus\u00eancia dos pa\u00edses mais pobres, ficaria sem legitimidade por n\u00e3o ter a universalidade. O governo est\u00e1 trabalhando para oferecer quartos dentro do que eles podem pagar\u201d, completou.<\/p>\n<h2 class=\"wp-block-heading\" id=\"h-disponibilidade-de-hospedagem\">Disponibilidade de hospedagem<\/h2>\n<p>Em nota divulgada na manh\u00e3 de hoje, a Secretaria Extraordin\u00e1ria da COP30 informou que 2.500 quartos foram disponibilizados para as delega\u00e7\u00f5es. Foram reservados 15 quartos individuais por delega\u00e7\u00e3o para 73 pa\u00edses que se enquadram em alguma das classifica\u00e7\u00f5es, com tarifas entre US$ 100 (R$ 554) e US$ 200 (R$ 1109).<\/p>\n<p>Outros 10 quartos individuais por delega\u00e7\u00e3o, com tarifas entre US$ 220 (R$ 1.220) e US$ 600 (R$ 3.327), foram disponibilizados para os demais pa\u00edses.<\/p>\n<p>\u201cTem uma equipe na Casa Civil que est\u00e1 acompanhando e tratando dessa quest\u00e3o de hospedagem. Essa equipe est\u00e1 procurando solu\u00e7\u00f5es e j\u00e1 prop\u00f4s uma primeira solu\u00e7\u00e3o para assegurar que todos os pa\u00edses da ONU possam estar presentes na COP. O governo est\u00e1 atuando de maneira muito firme para que todos os pa\u00edses possam participar da confer\u00eancia\u201d, afirmou.<\/p>\n<p>Cerca de 45 mil pessoas est\u00e3o previstas para participar da COP30 e a organiza\u00e7\u00e3o da confer\u00eancia precisa expandir os 18 mil leitos de hotel normalmente dispon\u00edveis em Bel\u00e9m.<\/p>\n<p>O governo j\u00e1 anunciou que dois navios de cruzeiro ser\u00e3o usados como hot\u00e9is tempor\u00e1rios para a COP30. As duas embarca\u00e7\u00f5es t\u00eam aproximadamente 3.900 cabines, com capacidade de at\u00e9 6 mil leitos dispon\u00edveis durante a confer\u00eancia, o maior evento clim\u00e1tico do planeta.<\/p>\n<p>Bel\u00e9m vai ganhar tr\u00eas hot\u00e9is de alto padr\u00e3o, constru\u00eddos por grupos internacionais, e est\u00e3o sendo feitas negocia\u00e7\u00f5es com plataformas virtuais como Airbnb e Booking para cadastrar im\u00f3veis e aumentar a oferta de quartos dispon\u00edveis.<\/p>\n<p>Uma nova reuni\u00e3o est\u00e1 agendada para o pr\u00f3ximo dia 11 de agosto, com o objetivo de dar continuidade ao di\u00e1logo sobre o conjunto de a\u00e7\u00f5es para a realiza\u00e7\u00e3o da COP30. Entre os pontos que ser\u00e3o debatidos est\u00e3o: acomoda\u00e7\u00e3o, transporte, seguran\u00e7a e alimenta\u00e7\u00e3o.<\/p>\n<\/p><\/div>\n<p><br \/>\n<br \/><a href=\"https:\/\/www.canalrural.com.br\/sustentabilidade\/embaixador-nega-mudancas-e-diz-que-cop30-permanece-em-belem\/\">Source link <\/a><\/p>\n","protected":false},"excerpt":{"rendered":"<p>Faltando 100 dias para o in\u00edcio da Confer\u00eancia das Na\u00e7\u00f5es Unidas sobre as Mudan\u00e7as Clim\u00e1ticas de 2025 (COP30), 29 na\u00e7\u00f5es<\/p>\n","protected":false},"author":1,"featured_media":17880,"comment_status":"open","ping_status":"open","sticky":false,"template":"","format":"standard","meta":{"_monsterinsights_skip_tracking":false,"_monsterinsights_sitenote_active":false,"_monsterinsights_sitenote_note":"","_monsterinsights_sitenote_category":0,"_uf_show_specific_survey":0,"_uf_disable_surveys":false,"footnotes":""},"categories":[1],"tags":[],"class_list":["post-17879","post","type-post","status-publish","format-standard","has-post-thumbnail","hentry","category-news"],"_links":{"self":[{"href":"https:\/\/agromt.news\/index.php?rest_route=\/wp\/v2\/posts\/17879"}],"collection":[{"href":"https:\/\/agromt.news\/index.php?rest_route=\/wp\/v2\/posts"}],"about":[{"href":"https:\/\/agromt.news\/index.php?rest_route=\/wp\/v2\/types\/post"}],"author":[{"embeddable":true,"href":"https:\/\/agromt.news\/index.php?rest_route=\/wp\/v2\/users\/1"}],"replies":[{"embeddable":true,"href":"https:\/\/agromt.news\/index.php?rest_route=%2Fwp%2Fv2%2Fcomments&post=17879"}],"version-history":[{"count":0,"href":"https:\/\/agromt.news\/index.php?rest_route=\/wp\/v2\/posts\/17879\/revisions"}],"wp:featuredmedia":[{"embeddable":true,"href":"https:\/\/agromt.news\/index.php?rest_route=\/wp\/v2\/media\/17880"}],"wp:attachment":[{"href":"https:\/\/agromt.news\/index.php?rest_route=%2Fwp%2Fv2%2Fmedia&parent=17879"}],"wp:term":[{"taxonomy":"category","embeddable":true,"href":"https:\/\/agromt.news\/index.php?rest_route=%2Fwp%2Fv2%2Fcategories&post=17879"},{"taxonomy":"post_tag","embeddable":true,"href":"https:\/\/agromt.news\/index.php?rest_route=%2Fwp%2Fv2%2Ftags&post=17879"}],"curies":[{"name":"wp","href":"https:\/\/api.w.org\/{rel}","templated":true}]}}