{"id":17877,"date":"2025-08-01T18:34:00","date_gmt":"2025-08-01T22:34:00","guid":{"rendered":"https:\/\/agromt.news\/?p=17877"},"modified":"2025-08-01T18:34:00","modified_gmt":"2025-08-01T22:34:00","slug":"trump-diz-que-lula-pode-falar-com-ele-quando-quiser","status":"publish","type":"post","link":"https:\/\/agromt.news\/?p=17877","title":{"rendered":"Trump diz que Lula pode falar com ele quando quiser"},"content":{"rendered":"<p> <br \/>\n<br \/><img decoding=\"async\" src=\"https:\/\/agromt.news\/wp-content\/uploads\/2024\/11\/lula-parabeniza-trump.jpg\" \/><\/p>\n<div>\n<p>O presidente dos Estados Unidos, Donald Trump, disse nesta sexta-feira (1) que o presidente Luiz In\u00e1cio Lula da Silva pode ligar para ele \u201cquando quiser\u201d. A afirma\u00e7\u00e3o foi dada em entrevista no jardim da Casa Branca \u00e0 jornalista da <strong><a href=\"https:\/\/g1.globo.com\/mundo\/noticia\/2025\/08\/01\/lula-pode-falar-comigo-o-momento-que-quiser-diz-trump.ghtml\">TV Globo Raquel Kr\u00e4henb\u00fchl<\/a><\/strong>.<\/p>\n<p>\u201cEle pode falar comigo quando quiser\u201d, ressaltou. A respeito da tarifa de 50% aplicada sobre os produtos brasileiros, que deve come\u00e7ar a valer na pr\u00f3xima quarta-feira (6), Trump n\u00e3o forneceu detalhes, mas completou: \u201cAs pessoas que est\u00e3o comandando o Brasil fizeram a coisa errada.\u201d<\/p>\n<p>Apesar da cr\u00edtica, o republicano disse que \u201cama o povo do Brasil\u201d e evitou antecipar qualquer medida. \u201cVamos ver o que acontece\u201d, afirmou.<\/p>\n<\/div>\n<div>\n<p>Ainda de acordo com a reportagem da TV Globo, fontes do Itamaraty avaliaram a declara\u00e7\u00e3o como um gesto e que as \u201cpe\u00e7as est\u00e3o se movimentando\u201d. Entretanto, ponderaram que uma liga\u00e7\u00e3o entre Trump e Lula requer muita prepara\u00e7\u00e3o.<\/p>\n<p>Na \u00faltima ter\u00e7a-feira (29 de julho), o ministro da Fazenda, Fernando Haddad, havia afirmado que uma conversa entre os dois poderia acontecer. Segundo ele, n\u00e3o h\u00e1 obstru\u00e7\u00e3o dos canais de di\u00e1logo entre os negociadores das duas na\u00e7\u00f5es, por\u00e9m, esse contato direto entre os chefes de Estado exige uma prepara\u00e7\u00e3o protocolar m\u00ednima.<\/p>\n<p>\u201c\u00c9 papel nosso, dos ministros, justamente azeitar os canais para que a conversa, quando ocorrer, seja a mais dignificante e edificante poss\u00edvel\u201d, disse. \u201cTem que haver uma prepara\u00e7\u00e3o antes para que seja uma coisa respeitosa, para que os dois povos se sintam valorizados \u00e0 mesa de negocia\u00e7\u00e3o, n\u00e3o haja um sentimento de viralatismo, de subordina\u00e7\u00e3o\u201d, acrescentou.<\/p>\n<p>No entanto, durante a semana, conforme a reportagem da TV Globo, fontes do Planalto afirmaram que os canais com a Casa Branca est\u00e3o fechados e que o governo enfrenta dificuldades para estabelecer uma ponte direta com o n\u00facleo pol\u00edtico do governo Trump.<\/p>\n<\/p><\/div>\n<p><br \/>\n<br \/><a href=\"https:\/\/www.canalrural.com.br\/politica\/trump-diz-que-lula-pode-falar-com-ele-quando-quiser\/\">Source link <\/a><\/p>\n","protected":false},"excerpt":{"rendered":"<p>O presidente dos Estados Unidos, Donald Trump, disse nesta sexta-feira (1) que o presidente Luiz In\u00e1cio Lula da Silva pode<\/p>\n","protected":false},"author":1,"featured_media":4551,"comment_status":"open","ping_status":"open","sticky":false,"template":"","format":"standard","meta":{"_monsterinsights_skip_tracking":false,"_monsterinsights_sitenote_active":false,"_monsterinsights_sitenote_note":"","_monsterinsights_sitenote_category":0,"_uf_show_specific_survey":0,"_uf_disable_surveys":false,"footnotes":""},"categories":[1],"tags":[],"class_list":["post-17877","post","type-post","status-publish","format-standard","has-post-thumbnail","hentry","category-news"],"_links":{"self":[{"href":"https:\/\/agromt.news\/index.php?rest_route=\/wp\/v2\/posts\/17877"}],"collection":[{"href":"https:\/\/agromt.news\/index.php?rest_route=\/wp\/v2\/posts"}],"about":[{"href":"https:\/\/agromt.news\/index.php?rest_route=\/wp\/v2\/types\/post"}],"author":[{"embeddable":true,"href":"https:\/\/agromt.news\/index.php?rest_route=\/wp\/v2\/users\/1"}],"replies":[{"embeddable":true,"href":"https:\/\/agromt.news\/index.php?rest_route=%2Fwp%2Fv2%2Fcomments&post=17877"}],"version-history":[{"count":0,"href":"https:\/\/agromt.news\/index.php?rest_route=\/wp\/v2\/posts\/17877\/revisions"}],"wp:featuredmedia":[{"embeddable":true,"href":"https:\/\/agromt.news\/index.php?rest_route=\/wp\/v2\/media\/4551"}],"wp:attachment":[{"href":"https:\/\/agromt.news\/index.php?rest_route=%2Fwp%2Fv2%2Fmedia&parent=17877"}],"wp:term":[{"taxonomy":"category","embeddable":true,"href":"https:\/\/agromt.news\/index.php?rest_route=%2Fwp%2Fv2%2Fcategories&post=17877"},{"taxonomy":"post_tag","embeddable":true,"href":"https:\/\/agromt.news\/index.php?rest_route=%2Fwp%2Fv2%2Ftags&post=17877"}],"curies":[{"name":"wp","href":"https:\/\/api.w.org\/{rel}","templated":true}]}}