{"id":17876,"date":"2025-08-01T18:20:29","date_gmt":"2025-08-01T22:20:29","guid":{"rendered":"https:\/\/agromt.news\/?p=17876"},"modified":"2025-08-01T18:20:29","modified_gmt":"2025-08-01T22:20:29","slug":"chuvas-voltam-ao-parana-e-sao-paulo-mas-tempo-seco-persiste-em-outras-areas","status":"publish","type":"post","link":"https:\/\/agromt.news\/?p=17876","title":{"rendered":"Chuvas voltam ao Paran\u00e1 e S\u00e3o Paulo, mas tempo seco persiste em outras \u00e1reas"},"content":{"rendered":"<p> <br \/>\n<br \/><img decoding=\"async\" src=\"https:\/\/agromt.news\/wp-content\/uploads\/2025\/05\/Estado-recebe-alerta-de-perigo-para-chuva-de-100-mm.jpg\" \/><\/p>\n<div>\n<p>O tempo seco segue predominante em \u00e1reas centrais do pa\u00eds nos pr\u00f3ximos dias. Essa condi\u00e7\u00e3o favorece a colheita da segunda safra em regi\u00f5es do Matopiba, especialmente para culturas como milho, algod\u00e3o, sorgo e feij\u00e3o. Produtores que j\u00e1 est\u00e3o colhendo devem ser <a href=\"https:\/\/www.canalrural.com.br\/?s=chuvas\">beneficiados <\/a>pela aus\u00eancia de chuvas, que evita perdas por excesso de umidade.<\/p>\n<figure class=\"wp-block-embed is-type-video is-provider-youtube wp-block-embed-youtube wp-embed-aspect-16-9 wp-has-aspect-ratio\">\n<p>\n<iframe title=\"Chuvas voltam ao Paran\u00e1 e S\u00e3o Paulo, mas tempo seco persiste em outras \u00e1reas\" width=\"800\" height=\"450\" src=\"https:\/\/www.youtube.com\/embed\/gbEcuP89G4E?feature=oembed\" frameborder=\"0\" allow=\"accelerometer; autoplay; clipboard-write; encrypted-media; gyroscope; picture-in-picture; web-share\" referrerpolicy=\"strict-origin-when-cross-origin\" allowfullscreen><\/iframe><noscript><iframe title=\"Chuvas voltam ao Paran\u00e1 e S\u00e3o Paulo, mas tempo seco persiste em outras \u00e1reas\" width=\"800\" height=\"450\" src=\"https:\/\/www.youtube.com\/embed\/gbEcuP89G4E?feature=oembed\" frameborder=\"0\" allow=\"accelerometer; autoplay; clipboard-write; encrypted-media; gyroscope; picture-in-picture; web-share\" referrerpolicy=\"strict-origin-when-cross-origin\" allowfullscreen><\/iframe><\/noscript>\n<\/p>\n<\/figure>\n<ul class=\"wp-block-list\">\n<li><strong><em>Fique por dentro das novidades e not\u00edcias recentes sobre a soja! Participe da nossa comunidade atrav\u00e9s do\u00a0<a href=\"https:\/\/chat.whatsapp.com\/BmMRwA0TZ2DHGyhzoaVEWu\">link<\/a>! \ud83c\udf31<\/em><\/strong><\/li>\n<\/ul>\n<p>No entanto, a falta de precipita\u00e7\u00f5es ainda preocupa aqueles que dependem de umidade para o enchimento de gr\u00e3os, principalmente nas lavouras em final de ciclo. O d\u00e9ficit h\u00eddrico pode impactar a produtividade em algumas \u00e1reas.<\/p>\n<\/div>\n<div>\n<p>Em Roraima, onde a safra de soja ainda est\u00e1 em andamento, a previs\u00e3o indica uma diminui\u00e7\u00e3o no volume de chuvas. A expectativa \u00e9 de que chova menos do que o normal para o per\u00edodo, o que pode acelerar o t\u00e9rmino do ciclo, mas tamb\u00e9m limitar o desenvolvimento das lavouras ainda em crescimento.<\/p>\n<h2 class=\"wp-block-heading\" id=\"h-chuvas-previstas\">Chuvas previstas <\/h2>\n<p>No Sul do pa\u00eds, uma mudan\u00e7a importante est\u00e1 prevista. A entrada de umidade deve provocar um aumento nas chuvas no Paran\u00e1 e em parte de S\u00e3o Paulo. Em algumas cidades paranaenses, por exemplo, onde o normal para agosto \u00e9 de 30 mm, os volumes podem superar 35 mm. Esse reabastecimento h\u00eddrico \u00e9 bem-vindo, especialmente ap\u00f3s semanas de solo mais seco.<\/p>\n<p>Al\u00e9m disso, a passagem de uma nova frente fria ao longo da pr\u00f3xima semana deve levar chuva ao Sul e, posteriormente, ao Sudeste. Embora os volumes ainda n\u00e3o sejam suficientes para repor totalmente a umidade do solo, ajudam a melhorar a qualidade do ar.<\/p>\n<div data-icp-cta=\"1\" id=\"icp-cta-unique\">Voc\u00ea quer entender como usar o clima a seu favor?<b> <\/b><a href=\"https:\/\/climacampo.canalrural.com.br\/climacampo_-01\">Preparamos um e-book exclusivo<\/a> para ajudar produtores rurais a se antecipar \u00e0s mudan\u00e7as do tempo e planejar melhor suas a\u00e7\u00f5es. Com base em previs\u00f5es meteorol\u00f3gicas confi\u00e1veis, ele oferece orienta\u00e7\u00f5es pr\u00e1ticas para proteger sua lavoura e otimizar seus resultados.<\/div>\n<\/div>\n<p><br \/>\n<br \/><a href=\"https:\/\/www.canalrural.com.br\/agricultura\/projeto-soja-brasil\/chuvas-voltam-ao-parana-e-sao-paulo-mas-tempo-seco-persiste-em-outras-areas\/\">Source link <\/a><\/p>\n","protected":false},"excerpt":{"rendered":"<p>O tempo seco segue predominante em \u00e1reas centrais do pa\u00eds nos pr\u00f3ximos dias. Essa condi\u00e7\u00e3o favorece a colheita da segunda<\/p>\n","protected":false},"author":1,"featured_media":13933,"comment_status":"open","ping_status":"open","sticky":false,"template":"","format":"standard","meta":{"_monsterinsights_skip_tracking":false,"_monsterinsights_sitenote_active":false,"_monsterinsights_sitenote_note":"","_monsterinsights_sitenote_category":0,"_uf_show_specific_survey":0,"_uf_disable_surveys":false,"footnotes":""},"categories":[1],"tags":[],"class_list":["post-17876","post","type-post","status-publish","format-standard","has-post-thumbnail","hentry","category-news"],"_links":{"self":[{"href":"https:\/\/agromt.news\/index.php?rest_route=\/wp\/v2\/posts\/17876"}],"collection":[{"href":"https:\/\/agromt.news\/index.php?rest_route=\/wp\/v2\/posts"}],"about":[{"href":"https:\/\/agromt.news\/index.php?rest_route=\/wp\/v2\/types\/post"}],"author":[{"embeddable":true,"href":"https:\/\/agromt.news\/index.php?rest_route=\/wp\/v2\/users\/1"}],"replies":[{"embeddable":true,"href":"https:\/\/agromt.news\/index.php?rest_route=%2Fwp%2Fv2%2Fcomments&post=17876"}],"version-history":[{"count":0,"href":"https:\/\/agromt.news\/index.php?rest_route=\/wp\/v2\/posts\/17876\/revisions"}],"wp:featuredmedia":[{"embeddable":true,"href":"https:\/\/agromt.news\/index.php?rest_route=\/wp\/v2\/media\/13933"}],"wp:attachment":[{"href":"https:\/\/agromt.news\/index.php?rest_route=%2Fwp%2Fv2%2Fmedia&parent=17876"}],"wp:term":[{"taxonomy":"category","embeddable":true,"href":"https:\/\/agromt.news\/index.php?rest_route=%2Fwp%2Fv2%2Fcategories&post=17876"},{"taxonomy":"post_tag","embeddable":true,"href":"https:\/\/agromt.news\/index.php?rest_route=%2Fwp%2Fv2%2Ftags&post=17876"}],"curies":[{"name":"wp","href":"https:\/\/api.w.org\/{rel}","templated":true}]}}