{"id":17875,"date":"2025-08-01T18:05:55","date_gmt":"2025-08-01T22:05:55","guid":{"rendered":"https:\/\/agromt.news\/?p=17875"},"modified":"2025-08-01T18:05:55","modified_gmt":"2025-08-01T22:05:55","slug":"frente-fria-leva-temporais-e-ventania-para-regiao-brasileira-neste-fim-de-semana","status":"publish","type":"post","link":"https:\/\/agromt.news\/?p=17875","title":{"rendered":"Frente fria leva temporais e ventania para regi\u00e3o brasileira neste fim de semana"},"content":{"rendered":"<p> <br \/>\n<br \/><img decoding=\"async\" src=\"https:\/\/agromt.news\/wp-content\/uploads\/2025\/05\/Chuva-forte-tempestade.jpg\" \/><\/p>\n<div>\n<p>Uma nova frente fria avan\u00e7a sobre o Sul do Brasil ao longo deste fim de semana, marcando a chegada do primeiro sistema frontal de agosto, de acordo com a Climatempo. <\/p>\n<div data-icp-cta=\"1\" id=\"icp-cta-unique\">Voc\u00ea quer entender como usar o clima a seu favor?<b> <\/b><a href=\"https:\/\/climacampo.canalrural.com.br\/climacampo_-01\">Preparamos um e-book exclusivo<\/a> para ajudar produtores rurais a se antecipar \u00e0s mudan\u00e7as do tempo e planejar melhor suas a\u00e7\u00f5es. Com base em previs\u00f5es meteorol\u00f3gicas confi\u00e1veis, ele oferece orienta\u00e7\u00f5es pr\u00e1ticas para proteger sua lavoura e otimizar seus resultados.<\/div>\n<p>Contudo, o alerta principal \u00e9 para todo o <strong><a href=\"https:\/\/www.canalrural.com.br\/nacional\/rio-grande-do-sul\/\">Rio Grande do Sul<\/a><\/strong>, que ser\u00e1 o mais afetado pelas instabilidades j\u00e1 neste s\u00e1bado (2).<\/p>\n<p>De acordo com o mapa de risco abaixo, a faixa em vermelho indica \u00e1reas com potencial para temporais, abrangendo a Regi\u00e3o das Miss\u00f5es, oeste, central e vales ga\u00fachos. Nessas \u00e1reas, a precipita\u00e7\u00e3oa deve ser intensa, acompanhada por <strong>raios e rajadas de vento<\/strong>.<\/p>\n<p>J\u00e1 nas \u00e1reas em amarelo, a previs\u00e3o \u00e9 de pancadas de chuva entre moderadas e fortes, mas sem o mesmo risco de severidade.<\/p>\n<p><strong>Veja as dez cidades ga\u00fachas que mais receber\u00e3o chuva neste s\u00e1bado:<\/strong><\/p>\n<\/div>\n<div>\n<ul class=\"wp-block-list\">\n<li><strong>Rio Pardo:<\/strong> 50,1 mm<\/li>\n<li><strong>Cachoeira do Sul:<\/strong> 34,0 mm<\/li>\n<li><strong>J\u00falio de Castilhos:<\/strong> 33,9 mm<\/li>\n<li><strong>Os\u00f3rio:<\/strong> 29,0 mm<\/li>\n<li><strong>Santa Maria:<\/strong> 28,7 mm<\/li>\n<li><strong>Charqueadas:<\/strong> 27,4 mm<\/li>\n<li><strong>S\u00e3o Sep\u00e9:<\/strong> 26,4 mm<\/li>\n<li><strong>Xangri-L\u00e1:<\/strong> 26,3 mm<\/li>\n<li><strong>Nova Santa Rita:<\/strong> 26,1 mm<\/li>\n<li><strong>Canoas:<\/strong> 22,8 mm<\/li>\n<\/ul>\n<p>No domingo (3), a instabilidade permanece sobre o Rio Grande do Sul, mas come\u00e7a a avan\u00e7ar para Santa Catarina e <strong><a href=\"https:\/\/www.canalrural.com.br\/nacional\/parana\/\">Paran\u00e1<\/a><\/strong>. O destaque segue sendo o norte e noroeste ga\u00facho, onde os acumulados continuam elevados:<\/p>\n<ul class=\"wp-block-list\">\n<li><strong>Horizontina:<\/strong> 44,8 mm<\/li>\n<li><strong>S\u00e3o Miguel das Miss\u00f5es:<\/strong> 42,6 mm<\/li>\n<li><strong>S\u00e3o Luiz Gonzaga:<\/strong> 40,0 mm<\/li>\n<li><strong>Tr\u00eas Passos:<\/strong> 39,9 mm<\/li>\n<li><strong>Tr\u00eas de Maio:<\/strong> 36,3 mm<\/li>\n<li><strong>Santo \u00c2ngelo:<\/strong> 34,4 mm<\/li>\n<li><strong>Carazinho: <\/strong>32,9 mm<\/li>\n<li><strong>Santa Rosa:<\/strong> 31,7 mm<\/li>\n<li><strong>Santo Augusto:<\/strong> 29,1 mm<\/li>\n<li><strong>Panambi: <\/strong>27,3 mm<\/li>\n<\/ul>\n<h2 class=\"wp-block-heading\" id=\"h-chuva-se-espalha-para-sc-e-pr\">Chuva se espalha para SC e PR<\/h2>\n<p>Ap\u00f3s o fim de semana, a frente fria se desloca lentamente para o norte, espalhando chuva para Santa Catarina e Paran\u00e1. <\/p>\n<p>De acordo com a previs\u00e3o da Climatempo, entre este s\u00e1bado e a pr\u00f3xima quarta-feira (6), os acumulados previstos variam entre 20 mm e 40 mm na maior parte dos dois estados. Pontualmente, o sudeste e oeste catarinense, al\u00e9m do oeste do Paran\u00e1, podem registrar volumes entre 40 mm e 60 mm.<\/p>\n<\/p><\/div>\n<p><br \/>\n<br \/><a href=\"https:\/\/www.canalrural.com.br\/tempo\/frente-fria-leva-temporais-e-ventania-para-regiao-brasileira-neste-fim-de-semana\/\">Source link <\/a><\/p>\n","protected":false},"excerpt":{"rendered":"<p>Uma nova frente fria avan\u00e7a sobre o Sul do Brasil ao longo deste fim de semana, marcando a chegada do<\/p>\n","protected":false},"author":1,"featured_media":13461,"comment_status":"open","ping_status":"open","sticky":false,"template":"","format":"standard","meta":{"_monsterinsights_skip_tracking":false,"_monsterinsights_sitenote_active":false,"_monsterinsights_sitenote_note":"","_monsterinsights_sitenote_category":0,"_uf_show_specific_survey":0,"_uf_disable_surveys":false,"footnotes":""},"categories":[1],"tags":[],"class_list":["post-17875","post","type-post","status-publish","format-standard","has-post-thumbnail","hentry","category-news"],"_links":{"self":[{"href":"https:\/\/agromt.news\/index.php?rest_route=\/wp\/v2\/posts\/17875"}],"collection":[{"href":"https:\/\/agromt.news\/index.php?rest_route=\/wp\/v2\/posts"}],"about":[{"href":"https:\/\/agromt.news\/index.php?rest_route=\/wp\/v2\/types\/post"}],"author":[{"embeddable":true,"href":"https:\/\/agromt.news\/index.php?rest_route=\/wp\/v2\/users\/1"}],"replies":[{"embeddable":true,"href":"https:\/\/agromt.news\/index.php?rest_route=%2Fwp%2Fv2%2Fcomments&post=17875"}],"version-history":[{"count":0,"href":"https:\/\/agromt.news\/index.php?rest_route=\/wp\/v2\/posts\/17875\/revisions"}],"wp:featuredmedia":[{"embeddable":true,"href":"https:\/\/agromt.news\/index.php?rest_route=\/wp\/v2\/media\/13461"}],"wp:attachment":[{"href":"https:\/\/agromt.news\/index.php?rest_route=%2Fwp%2Fv2%2Fmedia&parent=17875"}],"wp:term":[{"taxonomy":"category","embeddable":true,"href":"https:\/\/agromt.news\/index.php?rest_route=%2Fwp%2Fv2%2Fcategories&post=17875"},{"taxonomy":"post_tag","embeddable":true,"href":"https:\/\/agromt.news\/index.php?rest_route=%2Fwp%2Fv2%2Ftags&post=17875"}],"curies":[{"name":"wp","href":"https:\/\/api.w.org\/{rel}","templated":true}]}}