{"id":17874,"date":"2025-08-01T17:52:10","date_gmt":"2025-08-01T21:52:10","guid":{"rendered":"https:\/\/agromt.news\/?p=17874"},"modified":"2025-08-01T17:52:10","modified_gmt":"2025-08-01T21:52:10","slug":"fim-da-semana-soja-tem-dia-travado-e-negocios-ficam-estagnados","status":"publish","type":"post","link":"https:\/\/agromt.news\/?p=17874","title":{"rendered":"Fim da semana: soja tem dia travado e neg\u00f3cios ficam estagnados"},"content":{"rendered":"<p> <br \/>\n<br \/><img decoding=\"async\" src=\"https:\/\/agromt.news\/wp-content\/uploads\/2025\/03\/Sobe-e-desce-nos-precos-da-soja-confira-as-cotacoes.jpg\" \/><\/p>\n<div>\n<p>O <a href=\"https:\/\/www.canalrural.com.br\/agricultura\/projeto-soja-brasil\/\">mercado <\/a>brasileiro de soja encerrou a semana com pouca movimenta\u00e7\u00e3o e pre\u00e7os praticamente est\u00e1veis. Segundo o analista Rafael Silveira, da consultoria Safras &amp; Mercado, os neg\u00f3cios seguiram travados diante da aus\u00eancia dos principais players, spreads ainda elevados e um descompasso entre compradores e vendedores.<\/p>\n<ul class=\"wp-block-list\">\n<li><strong><em>Fique por dentro das novidades e not\u00edcias recentes sobre a soja! Participe da nossa comunidade atrav\u00e9s do\u00a0<a href=\"https:\/\/chat.whatsapp.com\/BmMRwA0TZ2DHGyhzoaVEWu\">link<\/a>! \ud83c\udf31<\/em><\/strong><\/li>\n<\/ul>\n<p>Nesta sexta-feira (1\u00ba), apesar da leve alta em Chicago e da firmeza dos pr\u00eamios de exporta\u00e7\u00e3o, a queda do d\u00f3lar reduziu o impulso para os pre\u00e7os dom\u00e9sticos. O cen\u00e1rio manteve o mercado f\u00edsico com baixa liquidez, com produtores e ind\u00fastrias adotando postura cautelosa nas negocia\u00e7\u00f5es.<\/p>\n<h2 class=\"wp-block-heading\" id=\"h-soja-no-brasil\">Soja no Brasil <\/h2>\n<ul class=\"wp-block-list\">\n<li><strong>Passo Fundo (RS)<\/strong>: manteve em R$ 132,00<\/li>\n<li><strong>Santa Rosa (RS)<\/strong>: manteve em R$ 133,00<\/li>\n<li><strong>Rio Grande (RS)<\/strong>: manteve em R$ 139,00<\/li>\n<li><strong>Cascavel (PR)<\/strong>: subiu de R$ 130,00 para R$ 131,00<\/li>\n<li><strong>Paranagu\u00e1 (PR)<\/strong>: manteve em R$ 138,00<\/li>\n<li><strong>Rondon\u00f3polis (MT)<\/strong>: manteve em R$ 122,00<\/li>\n<li><strong>Dourados (MS)<\/strong>: caiu de R$ 122,00 para R$ 121,00<\/li>\n<li><strong>Rio Verde (GO)<\/strong>: caiu de R$ 124,00 para R$ 123,00<\/li>\n<\/ul>\n<h2 class=\"wp-block-heading\" id=\"h-chicago\">Chicago<\/h2>\n<p>Os contratos futuros da soja negociados na Bolsa de Chicago (CBOT) fecharam a sexta-feira com pre\u00e7os mistos. O mercado ensaiou recupera\u00e7\u00e3o puxado por fatores t\u00e9cnicos e pela possibilidade de avan\u00e7o nas negocia\u00e7\u00f5es comerciais entre Estados Unidos e China. Ainda assim, o cen\u00e1rio fundamental permaneceu negativo, com expectativa de safra cheia nos EUA.<\/p>\n<\/div>\n<div>\n<p>O clima continua favor\u00e1vel ao desenvolvimento das lavouras norte-americanas, fortalecendo a perspectiva de uma colheita robusta. Por outro lado, as incertezas em rela\u00e7\u00e3o \u00e0 demanda chinesa ainda pesam sobre os pre\u00e7os.<\/p>\n<h2 class=\"wp-block-heading\" id=\"h-contratos-futuros-da-soja\">Contratos futuros da soja <\/h2>\n<p>Os contratos da soja em gr\u00e3o com entrega em setembro fecharam inalterados a US$ 9,69 1\/2 por bushel. A posi\u00e7\u00e3o novembro tamb\u00e9m ficou est\u00e1vel, em US$ 9,89 1\/4 por bushel. Na semana, o vencimento novembro recuou 3,1%.<\/p>\n<p>Nos subprodutos, o farelo para setembro subiu US$ 5,00 (1,88%), a US$ 270,90 por tonelada. J\u00e1 o \u00f3leo caiu 0,79 centavo (1,42%), fechando a 54,48 centavos de d\u00f3lar por libra-peso.<\/p>\n<h2 class=\"wp-block-heading\" id=\"h-cambio\">C\u00e2mbio <\/h2>\n<p>O d\u00f3lar comercial encerrou a sess\u00e3o de sexta-feira em baixa de 0,98%, cotado a R$ 5,5451 para venda e R$ 5,5431 para compra. Ao longo do dia, a moeda oscilou entre R$ 5,5269 e R$ 5,6279. Na semana, acumulou desvaloriza\u00e7\u00e3o de 0,3%.<\/p>\n<\/p><\/div>\n<p><br \/>\n<br \/><a href=\"https:\/\/www.canalrural.com.br\/agricultura\/projeto-soja-brasil\/fim-da-semana-soja-tem-dia-travado-e-negocios-ficam-estagnados\/\">Source link <\/a><\/p>\n","protected":false},"excerpt":{"rendered":"<p>O mercado brasileiro de soja encerrou a semana com pouca movimenta\u00e7\u00e3o e pre\u00e7os praticamente est\u00e1veis. Segundo o analista Rafael Silveira,<\/p>\n","protected":false},"author":1,"featured_media":11249,"comment_status":"open","ping_status":"open","sticky":false,"template":"","format":"standard","meta":{"_monsterinsights_skip_tracking":false,"_monsterinsights_sitenote_active":false,"_monsterinsights_sitenote_note":"","_monsterinsights_sitenote_category":0,"_uf_show_specific_survey":0,"_uf_disable_surveys":false,"footnotes":""},"categories":[1],"tags":[],"class_list":["post-17874","post","type-post","status-publish","format-standard","has-post-thumbnail","hentry","category-news"],"_links":{"self":[{"href":"https:\/\/agromt.news\/index.php?rest_route=\/wp\/v2\/posts\/17874"}],"collection":[{"href":"https:\/\/agromt.news\/index.php?rest_route=\/wp\/v2\/posts"}],"about":[{"href":"https:\/\/agromt.news\/index.php?rest_route=\/wp\/v2\/types\/post"}],"author":[{"embeddable":true,"href":"https:\/\/agromt.news\/index.php?rest_route=\/wp\/v2\/users\/1"}],"replies":[{"embeddable":true,"href":"https:\/\/agromt.news\/index.php?rest_route=%2Fwp%2Fv2%2Fcomments&post=17874"}],"version-history":[{"count":0,"href":"https:\/\/agromt.news\/index.php?rest_route=\/wp\/v2\/posts\/17874\/revisions"}],"wp:featuredmedia":[{"embeddable":true,"href":"https:\/\/agromt.news\/index.php?rest_route=\/wp\/v2\/media\/11249"}],"wp:attachment":[{"href":"https:\/\/agromt.news\/index.php?rest_route=%2Fwp%2Fv2%2Fmedia&parent=17874"}],"wp:term":[{"taxonomy":"category","embeddable":true,"href":"https:\/\/agromt.news\/index.php?rest_route=%2Fwp%2Fv2%2Fcategories&post=17874"},{"taxonomy":"post_tag","embeddable":true,"href":"https:\/\/agromt.news\/index.php?rest_route=%2Fwp%2Fv2%2Ftags&post=17874"}],"curies":[{"name":"wp","href":"https:\/\/api.w.org\/{rel}","templated":true}]}}