{"id":17870,"date":"2025-08-01T17:07:42","date_gmt":"2025-08-01T21:07:42","guid":{"rendered":"https:\/\/agromt.news\/?p=17870"},"modified":"2025-08-01T17:07:42","modified_gmt":"2025-08-01T21:07:42","slug":"premios-de-exportacao-sustentam-os-precos-fisicos-de-soja-no-brasil","status":"publish","type":"post","link":"https:\/\/agromt.news\/?p=17870","title":{"rendered":"Pr\u00eamios de exporta\u00e7\u00e3o sustentam os pre\u00e7os f\u00edsicos de soja no Brasil"},"content":{"rendered":"<p> <br \/>\n<br \/><img decoding=\"async\" src=\"https:\/\/agromt.news\/wp-content\/uploads\/2024\/09\/vazio-sanitario-termina-hoje-no-Amazonas.jpg\" \/><\/p>\n<div>\n<p>O <a href=\"https:\/\/www.canalrural.com.br\/?s=soja\">mercado <\/a>de soja fechou a semana em baixa na Bolsa de Chicago, com as expectativas de uma safra americana robusta. Segundo Rafael Silveira, da <a href=\"https:\/\/safras.com.br\/wp-admin\/install.php\">Safras &amp; Mercado<\/a>, embora houvesse preocupa\u00e7\u00f5es com ondas de calor entre julho e agosto, o m\u00eas de julho teve clima positivo e as previs\u00f5es indicam boas chuvas para agosto, o que reduz riscos de perdas na produ\u00e7\u00e3o. Saiba mais: <\/p>\n<figure class=\"wp-block-embed is-type-video is-provider-youtube wp-block-embed-youtube wp-embed-aspect-16-9 wp-has-aspect-ratio\">\n<p>\n<iframe title=\"Tarifa\u00e7o e os impactos nos pr\u00eamios da soja\" width=\"800\" height=\"450\" src=\"https:\/\/www.youtube.com\/embed\/cDpiOC8ZgWw?feature=oembed\" frameborder=\"0\" allow=\"accelerometer; autoplay; clipboard-write; encrypted-media; gyroscope; picture-in-picture; web-share\" referrerpolicy=\"strict-origin-when-cross-origin\" allowfullscreen><\/iframe><noscript><iframe title=\"Tarifa\u00e7o e os impactos nos pr\u00eamios da soja\" width=\"800\" height=\"450\" src=\"https:\/\/www.youtube.com\/embed\/cDpiOC8ZgWw?feature=oembed\" frameborder=\"0\" allow=\"accelerometer; autoplay; clipboard-write; encrypted-media; gyroscope; picture-in-picture; web-share\" referrerpolicy=\"strict-origin-when-cross-origin\" allowfullscreen><\/iframe><\/noscript>\n<\/p>\n<\/figure>\n<p>Al\u00e9m do clima, as tens\u00f5es comerciais entre Estados Unidos e China influenciam o mercado. A falta de um acordo formal mant\u00e9m a incerteza e alimenta a expectativa de redu\u00e7\u00e3o nas compras chinesas da safra americana. Isso pressiona os pre\u00e7os para baixo, apesar de poss\u00edveis corre\u00e7\u00f5es pontuais ap\u00f3s sequ\u00eancia de quedas nos contratos futuros.<\/p>\n<\/div>\n<div>\n<ul class=\"wp-block-list\">\n<li><strong><em>Fique por dentro das novidades e not\u00edcias recentes sobre a soja! Participe da nossa comunidade atrav\u00e9s do\u00a0<a href=\"https:\/\/chat.whatsapp.com\/BmMRwA0TZ2DHGyhzoaVEWu\">link<\/a>! \ud83c\udf31<\/em><\/strong><\/li>\n<\/ul>\n<p>No Brasil, os pr\u00eamios de exporta\u00e7\u00e3o t\u00eam ajudado a sustentar os pre\u00e7os f\u00edsicos da soja, mantendo estabilidade apesar do cen\u00e1rio desafiador global. Observa-se uma compensa\u00e7\u00e3o nos pr\u00eamios que contribui para essa estabilidade. Por\u00e9m, a tend\u00eancia dos pre\u00e7os f\u00edsicos \u00e9 de queda \u00e0 medida que a safra americana se consolida. Com a expectativa de uma safra brasileira recorde, a perspectiva para os pre\u00e7os internos tamb\u00e9m \u00e9 de redu\u00e7\u00e3o.<\/p>\n<\/p><\/div>\n<p><br \/>\n<br \/><a href=\"https:\/\/www.canalrural.com.br\/agricultura\/projeto-soja-brasil\/premios-de-exportacao-sustentam-os-precos-fisicos-da-soja\/\">Source link <\/a><\/p>\n","protected":false},"excerpt":{"rendered":"<p>O mercado de soja fechou a semana em baixa na Bolsa de Chicago, com as expectativas de uma safra americana<\/p>\n","protected":false},"author":1,"featured_media":1345,"comment_status":"open","ping_status":"open","sticky":false,"template":"","format":"standard","meta":{"_monsterinsights_skip_tracking":false,"_monsterinsights_sitenote_active":false,"_monsterinsights_sitenote_note":"","_monsterinsights_sitenote_category":0,"_uf_show_specific_survey":0,"_uf_disable_surveys":false,"footnotes":""},"categories":[1],"tags":[],"class_list":["post-17870","post","type-post","status-publish","format-standard","has-post-thumbnail","hentry","category-news"],"_links":{"self":[{"href":"https:\/\/agromt.news\/index.php?rest_route=\/wp\/v2\/posts\/17870"}],"collection":[{"href":"https:\/\/agromt.news\/index.php?rest_route=\/wp\/v2\/posts"}],"about":[{"href":"https:\/\/agromt.news\/index.php?rest_route=\/wp\/v2\/types\/post"}],"author":[{"embeddable":true,"href":"https:\/\/agromt.news\/index.php?rest_route=\/wp\/v2\/users\/1"}],"replies":[{"embeddable":true,"href":"https:\/\/agromt.news\/index.php?rest_route=%2Fwp%2Fv2%2Fcomments&post=17870"}],"version-history":[{"count":0,"href":"https:\/\/agromt.news\/index.php?rest_route=\/wp\/v2\/posts\/17870\/revisions"}],"wp:featuredmedia":[{"embeddable":true,"href":"https:\/\/agromt.news\/index.php?rest_route=\/wp\/v2\/media\/1345"}],"wp:attachment":[{"href":"https:\/\/agromt.news\/index.php?rest_route=%2Fwp%2Fv2%2Fmedia&parent=17870"}],"wp:term":[{"taxonomy":"category","embeddable":true,"href":"https:\/\/agromt.news\/index.php?rest_route=%2Fwp%2Fv2%2Fcategories&post=17870"},{"taxonomy":"post_tag","embeddable":true,"href":"https:\/\/agromt.news\/index.php?rest_route=%2Fwp%2Fv2%2Ftags&post=17870"}],"curies":[{"name":"wp","href":"https:\/\/api.w.org\/{rel}","templated":true}]}}