{"id":17868,"date":"2025-08-01T16:54:01","date_gmt":"2025-08-01T20:54:01","guid":{"rendered":"https:\/\/agromt.news\/?p=17868"},"modified":"2025-08-01T16:54:01","modified_gmt":"2025-08-01T20:54:01","slug":"ze-neto-celebra-raizes-no-1o-leilao-de-elite-do-nelore-joy","status":"publish","type":"post","link":"https:\/\/agromt.news\/?p=17868","title":{"rendered":"Z\u00e9 Neto celebra ra\u00edzes no 1\u00ba Leil\u00e3o de Elite do Nelore JOY"},"content":{"rendered":"<p> <br \/>\n<br \/><img decoding=\"async\" src=\"https:\/\/agromt.news\/wp-content\/uploads\/2025\/08\/Ze-Neto-celebra-raizes-no-1o-Leilao-de-Elite-do.png\" \/><\/p>\n<div>\n<p>Na \u00faltima quarta-feira, 30 de julho, foi transmitido ao vivo no Canal do Criador o 1\u00ba Leil\u00e3o de Elite do Nelore JOY, projeto encabe\u00e7ado pelo cantor Z\u00e9 Neto, da dupla Z\u00e9 Neto &amp; Cristiano, em parceria com seu pai, Eurides Toscano Martins, conhecido como Joy. O evento, que recebeu o nome de \u201cCheiro de Terra\u201d, foi realizado em S\u00e3o Jos\u00e9 do Rio Preto (SP) e apresentou ao mercado animais de alta gen\u00e9tica Nelore.<\/p>\n<p><strong>Um leil\u00e3o com ess\u00eancia e mem\u00f3ria afetiva<\/strong><\/p>\n<p>Antes da batida do martelo, Z\u00e9 Neto compartilhou a emo\u00e7\u00e3o de dar in\u00edcio a esse novo cap\u00edtulo ao lado do pai. Segundo ele, o nome do leil\u00e3o traduz muito mais do que uma refer\u00eancia ao campo, \u00e9 um resgate emocional da inf\u00e2ncia.<\/p>\n<blockquote class=\"wp-block-quote is-layout-flow wp-block-quote-is-layout-flow\">\n<p>\u201cCheiro de terra \u00e9 minha inf\u00e2ncia, minha ess\u00eancia.\u201d disse o cantor.<\/p>\n<\/blockquote>\n<p><strong>A primeira bezerrinha e a simplicidade da ro\u00e7a<\/strong><\/p>\n<p>Durante a conversa, Z\u00e9 Neto relembrou o momento que considera um dos mais marcantes da vida no campo: a compra de sua primeira bezerrinha. Um marco que veio ap\u00f3s anos ajudando o pai com a lida simples da ro\u00e7a.<\/p>\n<blockquote class=\"wp-block-quote is-layout-flow wp-block-quote-is-layout-flow\">\n<p>\u201cEu lembro at\u00e9 hoje. Depois de muito tempo buscando lavagem com meu pai, tratando de porco, morando no s\u00edtio\u2026 Quando eu comprei minha primeira bezerrinha, foi marcante demais\u201d, afirmou.<\/p>\n<\/blockquote>\n<p>Para ele, o que realmente importa n\u00e3o \u00e9 o que se tem, mas quem se \u00e9.<\/p>\n<\/div>\n<div>\n<blockquote class=\"wp-block-quote is-layout-flow wp-block-quote-is-layout-flow\">\n<p>\u201cO que te faz feliz n\u00e3o \u00e9 o ter, \u00e9 o ser. Essa \u00e9 a ess\u00eancia que a gente traz da nossa bagagem, da ro\u00e7a, do s\u00edtio, do campo.\u201d<\/p>\n<\/blockquote>\n<p><strong>Fam\u00edlia como base de tudo<\/strong><\/p>\n<p>Z\u00e9 Neto tamb\u00e9m fez quest\u00e3o de destacar a import\u00e2ncia dos pais na forma\u00e7\u00e3o de seus valores e na conex\u00e3o com a vida rural.<\/p>\n<blockquote class=\"wp-block-quote is-layout-flow wp-block-quote-is-layout-flow\">\n<p>\u201cMeu pai e minha m\u00e3e, com certeza, foram os doutrinadores da minha vida no campo. Me ensinaram honestidade, dignidade e, acima de tudo, simplicidade.\u201d<\/p>\n<\/blockquote>\n<p><strong>Destaques do leil\u00e3o e presen\u00e7a de convidados<\/strong><\/p>\n<p>O Leil\u00e3o Cheiro de Terra reuniu animais com gen\u00e9tica de ponta, f\u00eameas doadoras e reprodutores selecionados. <a href=\"https:\/\/www.youtube.com\/watch?v=yFbTp8MBy30\" target=\"_blank\" rel=\"noreferrer noopener\">A transmiss\u00e3o<\/a> levou aos lares de todo o Brasil um evento que uniu t\u00e9cnica, emo\u00e7\u00e3o e uma forte liga\u00e7\u00e3o com as ra\u00edzes do campo.<\/p>\n<p>Com a estreia do Nelore JOY no cen\u00e1rio dos grandes leil\u00f5es, Z\u00e9 Neto refor\u00e7a o elo entre a cultura sertaneja e a pecu\u00e1ria. O cantor j\u00e1 havia declarado, em outras ocasi\u00f5es, que estar no campo \u00e9 uma forma de se reconectar com o que realmente importa.<\/p>\n<p><a href=\"https:\/\/www.lancerural.com.br\/ze-neto-nelore-joy-leilao-10-milhoes\/\">Confira o faturamento do leil\u00e3o na mat\u00e9ria do Lance Rural.<\/a><\/p>\n<\/p><\/div>\n<p><br \/>\n<br \/><a href=\"https:\/\/www.canalrural.com.br\/pecuaria\/ze-neto-celebra-raizes-no-1o-leilao-de-elite-do-nelore-joy\/\">Source link <\/a><\/p>\n","protected":false},"excerpt":{"rendered":"<p>Na \u00faltima quarta-feira, 30 de julho, foi transmitido ao vivo no Canal do Criador o 1\u00ba Leil\u00e3o de Elite do<\/p>\n","protected":false},"author":1,"featured_media":17869,"comment_status":"open","ping_status":"open","sticky":false,"template":"","format":"standard","meta":{"_monsterinsights_skip_tracking":false,"_monsterinsights_sitenote_active":false,"_monsterinsights_sitenote_note":"","_monsterinsights_sitenote_category":0,"_uf_show_specific_survey":0,"_uf_disable_surveys":false,"footnotes":""},"categories":[1],"tags":[],"class_list":["post-17868","post","type-post","status-publish","format-standard","has-post-thumbnail","hentry","category-news"],"_links":{"self":[{"href":"https:\/\/agromt.news\/index.php?rest_route=\/wp\/v2\/posts\/17868"}],"collection":[{"href":"https:\/\/agromt.news\/index.php?rest_route=\/wp\/v2\/posts"}],"about":[{"href":"https:\/\/agromt.news\/index.php?rest_route=\/wp\/v2\/types\/post"}],"author":[{"embeddable":true,"href":"https:\/\/agromt.news\/index.php?rest_route=\/wp\/v2\/users\/1"}],"replies":[{"embeddable":true,"href":"https:\/\/agromt.news\/index.php?rest_route=%2Fwp%2Fv2%2Fcomments&post=17868"}],"version-history":[{"count":0,"href":"https:\/\/agromt.news\/index.php?rest_route=\/wp\/v2\/posts\/17868\/revisions"}],"wp:featuredmedia":[{"embeddable":true,"href":"https:\/\/agromt.news\/index.php?rest_route=\/wp\/v2\/media\/17869"}],"wp:attachment":[{"href":"https:\/\/agromt.news\/index.php?rest_route=%2Fwp%2Fv2%2Fmedia&parent=17868"}],"wp:term":[{"taxonomy":"category","embeddable":true,"href":"https:\/\/agromt.news\/index.php?rest_route=%2Fwp%2Fv2%2Fcategories&post=17868"},{"taxonomy":"post_tag","embeddable":true,"href":"https:\/\/agromt.news\/index.php?rest_route=%2Fwp%2Fv2%2Ftags&post=17868"}],"curies":[{"name":"wp","href":"https:\/\/api.w.org\/{rel}","templated":true}]}}