{"id":17861,"date":"2025-08-01T15:51:58","date_gmt":"2025-08-01T19:51:58","guid":{"rendered":"https:\/\/agromt.news\/?p=17861"},"modified":"2025-08-01T15:51:58","modified_gmt":"2025-08-01T19:51:58","slug":"mandioca-tem-queda-de-preco-e-perda-de-ramas","status":"publish","type":"post","link":"https:\/\/agromt.news\/?p=17861","title":{"rendered":"Mandioca tem queda de pre\u00e7o e perda de ramas"},"content":{"rendered":"<p> <br \/>\n<\/p>\n<div>\n<div class=\"row\">\n<div class=\"col-lg col-infos mt-0 mt-lg-0\">\n<div class=\"section-sub-title\">\n<p itemprop=\"description\">&#13;<br \/>\n                                Clima prejudica manivas e pressiona produtores&#13;\n                            <\/p>\n<\/p><\/div>\n<div class=\"container\">\n<div class=\"row\">\n<div class=\"col-lg p-0\">\n<div>\n<div class=\"block-news-main-infos mt-3 text-start\">\n<p>                                            <strong class=\"fn\" itemprop=\"author\" style=\"color: rgb(112, 112, 112); \">&#13;<br \/>\n                                                <a href=\"https:\/\/www.agrolink.com.br\/noticias\/javascript:;\" class=\"text-uppercase\" target=\"_blank\" style=\"color: rgb(112, 112, 112); \" rel=\"noopener\">Agrolink<\/a>&#13;<br \/>\n&#13;<br \/>\n                                                    &#8211; Seane Lennon&#13;<br \/>\n&#13;<br \/>\n                                            <\/strong><br \/>\n                                        <\/p>\n<p>                                            <abbr><time datetime=\"2025-07-31T17:24\" itemprop=\"datePublished dateModified\">Publicado em 31\/07\/2025 \u00e0s 17:24h.<\/time><\/abbr><br \/>\n                                            <\/p><\/div>\n<\/p><\/div>\n<\/p><\/div>\n<div class=\"col-lg p-0 text-lg-end\">\n<div>\n<div id=\"mdEnviarPagina\" class=\"modal fade\" role=\"dialog\">\n<div class=\"modal-dialog\">\n<div class=\"modal-content\">\n<div class=\"modal-body\">\n<p><strong>Estimado usu\u00e1rio.<\/strong><br \/>Preencha o formul\u00e1rio abaixo para remeter a p\u00e1gina.<\/p>\n<\/p><\/div>\n<\/p><\/div>\n<\/p><\/div>\n<\/div><\/div>\n<\/p><\/div>\n<\/p><\/div>\n<\/p><\/div>\n<\/p><\/div>\n<\/p><\/div>\n<div class=\"row justify-content-md-center mt-3\">\n<div class=\"col-lg-auto col-image block-news-main-image\">\n<p>                                <img decoding=\"async\" src=\"https:\/\/www.agrolink.com.br\/upload\/imagens-resizes\/dab5bfabd2d54a8b9c35054e9fc00735_858x483.jpg\" class=\"lazyload img-fluid\"\/><br \/>\n                                                <span class=\"publicity-photo d-block mt-1\">Foto: Agrolink<\/span><\/p><\/div>\n<\/p><\/div>\n<div class=\"section-description section-description-noticias mt-3\">\n<p style=\"text-align:justify\">A cultura da <a href=\"https:\/\/www.agrolink.com.br\/culturas\/mandioca\/?utm_source=agrolink-detalhe-noticia&amp;utm_medium=detalhe-noticia&amp;utm_campaign=links-internos\" target=\"_blank\" rel=\"noopener\">mandioca<\/a> enfrenta dificuldades em diversas regi\u00f5es do Rio Grande do Sul. De acordo com o Informativo Conjuntural divulgado nesta quinta-feira (31) pela Emater\/RS-Ascar, os produtores da regi\u00e3o de Santa Rosa cultivaram mais de 6 mil hectares, com produ\u00e7\u00e3o destinada ao consumo humano, transforma\u00e7\u00e3o em polvilho e, em per\u00edodos de escassez de forrageiras, alimenta\u00e7\u00e3o animal. A produtividade m\u00e9dia \u00e9 de 15.417 kg\/ha, e a qualidade do produto \u00e9 considerada satisfat\u00f3ria. No entanto, as fortes geadas podem comprometer a disponibilidade de material propagativo, especialmente para os produtores que n\u00e3o conseguiram armazenar as manivas em locais protegidos. O pre\u00e7o m\u00e9dio pago ao produtor caiu, sendo comercializado a R$ 4,00 por quilo de raiz in natura e R$ 7,00 por quilo industrializado.&#13;\n<\/p>\n<p style=\"text-align:justify\">Na regi\u00e3o de Soledade, o frio e as geadas afetaram as manivas, e a procura pelo material aumentou. Muitos agricultores passaram a adquirir ramas de outros estados para garantir o pr\u00f3ximo ciclo de plantio. Em munic\u00edpios como Ven\u00e2ncio Aires e Mato Leit\u00e3o, inicia-se o preparo do solo para o cultivo em agosto.<\/p>\n<p style=\"text-align:justify\">Em S\u00e3o Jos\u00e9 do Hort\u00eancio, na regi\u00e3o de Lajeado, os produtores mant\u00eam a rotina de manuten\u00e7\u00e3o das lavouras. Houve aumento na busca por legaliza\u00e7\u00e3o da produ\u00e7\u00e3o de mandioca descascada e congelada. Segundo os t\u00e9cnicos da Emater\/RS-Ascar, essa mudan\u00e7a reflete o interesse do consumidor por produtos mais pr\u00e1ticos e representa uma oportunidade de agrega\u00e7\u00e3o de valor. Apesar disso, a comercializa\u00e7\u00e3o tem enfrentado dificuldades com a baixa demanda na Ceasa, o que tem pressionado os pre\u00e7os para baixo. Cerca de 70% da \u00e1rea total j\u00e1 foi colhida, e o pre\u00e7o da caixa de 20 quilos varia entre R$ 20,00 e R$ 25,00 ao produtor.&#13;\n<\/p>\n<p style=\"text-align:justify\">Em Cruzeiro do Sul, a colheita se aproxima do fim. A produtividade gira em torno de 15 toneladas por hectare, com boa sanidade das ra\u00edzes. Os pre\u00e7os pagos ao produtor variam entre R$ 15,00 e R$ 20,00 pela caixa de 20 quilos. As geadas tamb\u00e9m afetaram a disponibilidade de ramas para propaga\u00e7\u00e3o, o que poder\u00e1 dificultar o rein\u00edcio do cultivo previsto para agosto.<\/p>\n<\/p><\/div>\n<\/p><\/div>\n<p><script data-cfasync=\"false\">\n    !function (f, b, e, v, n, t, s) {\n        if (f.fbq) return; n = f.fbq = function () {\n            n.callMethod ?\n                n.callMethod.apply(n, arguments) : n.queue.push(arguments)\n        };\n        if (!f._fbq) f._fbq = n; n.push = n; n.loaded = !0; n.version = '2.0';\n        n.queue = []; t = b.createElement(e); t.async = !0;\n        t.src = v; s = b.getElementsByTagName(e)[0];\n        s.parentNode.insertBefore(t, s)\n    }(window, document, 'script',\n        'https:\/\/connect.facebook.net\/en_US\/fbevents.js');\n    fbq('init', '522546078623747');\n    fbq('track', 'PageView');\n<\/script><br \/>\n<br \/><br \/>\n<br \/><a href=\"https:\/\/www.agrolink.com.br\/noticias\/mandioca-tem-queda-de-preco-e-perda-de-ramas_504519.html\">Source link <\/a><\/p>\n","protected":false},"excerpt":{"rendered":"<p>&#13; Clima prejudica manivas e pressiona produtores&#13; &#13; Agrolink&#13; &#13; &#8211; Seane Lennon&#13; &#13; Publicado em 31\/07\/2025 \u00e0s 17:24h. Estimado<\/p>\n","protected":false},"author":1,"featured_media":845,"comment_status":"open","ping_status":"open","sticky":false,"template":"","format":"standard","meta":{"_monsterinsights_skip_tracking":false,"_monsterinsights_sitenote_active":false,"_monsterinsights_sitenote_note":"","_monsterinsights_sitenote_category":0,"_uf_show_specific_survey":0,"_uf_disable_surveys":false,"footnotes":""},"categories":[8,1,14],"tags":[],"class_list":["post-17861","post","type-post","status-publish","format-standard","has-post-thumbnail","hentry","category-agro","category-news","category-politica-agro"],"_links":{"self":[{"href":"https:\/\/agromt.news\/index.php?rest_route=\/wp\/v2\/posts\/17861"}],"collection":[{"href":"https:\/\/agromt.news\/index.php?rest_route=\/wp\/v2\/posts"}],"about":[{"href":"https:\/\/agromt.news\/index.php?rest_route=\/wp\/v2\/types\/post"}],"author":[{"embeddable":true,"href":"https:\/\/agromt.news\/index.php?rest_route=\/wp\/v2\/users\/1"}],"replies":[{"embeddable":true,"href":"https:\/\/agromt.news\/index.php?rest_route=%2Fwp%2Fv2%2Fcomments&post=17861"}],"version-history":[{"count":0,"href":"https:\/\/agromt.news\/index.php?rest_route=\/wp\/v2\/posts\/17861\/revisions"}],"wp:featuredmedia":[{"embeddable":true,"href":"https:\/\/agromt.news\/index.php?rest_route=\/wp\/v2\/media\/845"}],"wp:attachment":[{"href":"https:\/\/agromt.news\/index.php?rest_route=%2Fwp%2Fv2%2Fmedia&parent=17861"}],"wp:term":[{"taxonomy":"category","embeddable":true,"href":"https:\/\/agromt.news\/index.php?rest_route=%2Fwp%2Fv2%2Fcategories&post=17861"},{"taxonomy":"post_tag","embeddable":true,"href":"https:\/\/agromt.news\/index.php?rest_route=%2Fwp%2Fv2%2Ftags&post=17861"}],"curies":[{"name":"wp","href":"https:\/\/api.w.org\/{rel}","templated":true}]}}