{"id":17854,"date":"2025-08-01T15:01:04","date_gmt":"2025-08-01T19:01:04","guid":{"rendered":"https:\/\/agromt.news\/?p=17854"},"modified":"2025-08-01T15:01:04","modified_gmt":"2025-08-01T19:01:04","slug":"ficamos-surpresos-diz-presidente-da-abrafrutas-apos-manga-nao-ter-ficado-de-fora-do-tarifaco","status":"publish","type":"post","link":"https:\/\/agromt.news\/?p=17854","title":{"rendered":"&#8216;Ficamos surpresos&#8217;, diz presidente da Abrafrutas ap\u00f3s manga n\u00e3o ter ficado de fora do tarifa\u00e7o"},"content":{"rendered":"<p> <br \/>\n<br \/><img decoding=\"async\" src=\"https:\/\/agromt.news\/wp-content\/uploads\/2025\/08\/Ficamos-surpresos-diz-presidente-da-Abrafrutas-apos-manga-nao-ter.jpeg\" \/><\/p>\n<div>\n<p>As frutas brasileiras est\u00e3o entre os setores que n\u00e3o conseguiram escapar do tarifa\u00e7o imposto pelo ex-presidente Donald Trump. Produtos como a <a href=\"https:\/\/www.canalrural.com.br\/agricultura\/importadores-de-manga-dos-eua-estao-prontos-para-receber-mas-brasil-nao-entregara\/\">manga<\/a> e uva ficaram de fora da lista com quase 700 exce\u00e7\u00f5es divulgada pelo governo dos Estados Unidos.<\/p>\n<p>Com isso, regi\u00f5es produtoras importantes, como o <a href=\"https:\/\/www.canalrural.com.br\/agricultura\/tarifaco-de-trump-coloca-em-risco-principal-polo-exportador-de-frutas-do-brasil\/\">Vale do S\u00e3o Francisco<\/a>, enfrentam incertezas. Os agricultores iniciam agora em agosto o per\u00edodo de colheita da manga sem saber qual ser\u00e1 o destino final da produ\u00e7\u00e3o.<\/p>\n<p>Para Guilherme Coelho, presidente da Associa\u00e7\u00e3o Brasileira dos Produtores e Exportadores de Frutas e Derivados (Abrafrutas), a inclus\u00e3o da manga na lista de produtos tarifados foi inesperada.<\/p>\n<p>\u201cFicamos surpresos! N\u00f3s n\u00e3o competimos com a manga americana, porque o pa\u00eds n\u00e3o produz essa fruta. Sempre fomos parceiros dos Estados Unidos\u201d, afirmou.<\/p>\n<p>Coelho lembrou que <a href=\"https:\/\/www.canalrural.com.br\/internacional\/sem-citar-brasil-eua-estudam-nao-aplicar-tarifas-para-cafe-cacau-manga-e-abacaxi\/\">o secret\u00e1rio de Com\u00e9rcio dos EUA, Howard Lutnick, havia declarado que o pa\u00eds n\u00e3o aplicaria tarifas a produtos que n\u00e3o s\u00e3o fabricados internamente<\/a>, o que refor\u00e7ou a surpresa com a taxa\u00e7\u00e3o da manga.<\/p>\n<h2 class=\"wp-block-heading\" id=\"h-alternativas\">Alternativas<\/h2>\n<p>Segundo o presidente da Abrafrutas, ainda n\u00e3o h\u00e1 cont\u00eaineres parados aguardando libera\u00e7\u00e3o para os Estados Unidos, j\u00e1 que a colheita da manga come\u00e7a na pr\u00f3xima semana.<\/p>\n<p>\u201cEstamos em di\u00e1logo com o governo brasileiro, com os exportadores e com os importadores americanos para entender o que poder\u00e1 acontecer. Eu sou otimista. Acredito que essa decis\u00e3o foi um descuido, porque n\u00e3o faz sentido taxar uma fruta que os EUA n\u00e3o produzem\u201d, disse.<\/p>\n<\/div>\n<div>\n<p>Al\u00e9m da manga, outras frutas tamb\u00e9m foram impactadas pelas tarifas, como uva, melancia, mel\u00e3o e mam\u00e3o.<\/p>\n<p>\u201c\u00c9 uma pancada na fruticultura. Se essa taxa de 50% for mantida, prejudica toda a cadeia produtiva, do pequeno ao grande produtor. Podemos perder fruta e gerar desemprego\u201d, alerta Coelho.<\/p>\n<p>O dirigente lembra que o tarifa\u00e7o chega justamente no momento em que os produtores come\u00e7am a ver retorno sobre os investimentos feitos no in\u00edcio do ciclo. Muitos contra\u00edram empr\u00e9stimos para financiar o plantio e, agora, iniciariam as exporta\u00e7\u00f5es.<\/p>\n<p>Diante do cen\u00e1rio, ele defende que o governo federal ofere\u00e7a algum tipo de apoio aos produtores afetados, caso as tarifas sejam mantidas.<\/p>\n<p><em>Veja em primeira m\u00e3o tudo sobre agricultura, pecu\u00e1ria, economia e previs\u00e3o do tempo:<\/em><a href=\"https:\/\/news.google.com\/publications\/CAAqBwgKMPKZlQswq_mqAw?hl=pt-BR&amp;gl=BR&amp;ceid=BR%3Apt-419\" target=\"_blank\" rel=\"noreferrer noopener\"><em>\u00a0siga o Canal Rural no Google News!<\/em><\/a><\/p>\n<p>Coelho tamb\u00e9m aponta uma poss\u00edvel alternativa para evitar o desperd\u00edcio da produ\u00e7\u00e3o. \u201cSe n\u00e3o conseguirmos exportar, podemos redirecionar essas frutas para o mercado interno. Em parceria com prefeituras e governos estaduais, elas poderiam ser usadas na merenda escolar, por exemplo. O importante \u00e9 evitar que se percam. Nossa maior dor \u00e9 ver alimento sendo desperdi\u00e7ado enquanto milh\u00f5es de pessoas passam fome\u201d, finaliza.<\/p>\n<\/p><\/div>\n<p><br \/>\n<br \/><a href=\"https:\/\/www.canalrural.com.br\/agricultura\/ficamos-surpresos-diz-presidente-da-abrafrutas-apos-manga-nao-ter-ficado-de-fora-do-tarifaco\/\">Source link <\/a><\/p>\n","protected":false},"excerpt":{"rendered":"<p>As frutas brasileiras est\u00e3o entre os setores que n\u00e3o conseguiram escapar do tarifa\u00e7o imposto pelo ex-presidente Donald Trump. Produtos como<\/p>\n","protected":false},"author":1,"featured_media":17855,"comment_status":"open","ping_status":"open","sticky":false,"template":"","format":"standard","meta":{"_monsterinsights_skip_tracking":false,"_monsterinsights_sitenote_active":false,"_monsterinsights_sitenote_note":"","_monsterinsights_sitenote_category":0,"_uf_show_specific_survey":0,"_uf_disable_surveys":false,"footnotes":""},"categories":[1],"tags":[],"class_list":["post-17854","post","type-post","status-publish","format-standard","has-post-thumbnail","hentry","category-news"],"_links":{"self":[{"href":"https:\/\/agromt.news\/index.php?rest_route=\/wp\/v2\/posts\/17854"}],"collection":[{"href":"https:\/\/agromt.news\/index.php?rest_route=\/wp\/v2\/posts"}],"about":[{"href":"https:\/\/agromt.news\/index.php?rest_route=\/wp\/v2\/types\/post"}],"author":[{"embeddable":true,"href":"https:\/\/agromt.news\/index.php?rest_route=\/wp\/v2\/users\/1"}],"replies":[{"embeddable":true,"href":"https:\/\/agromt.news\/index.php?rest_route=%2Fwp%2Fv2%2Fcomments&post=17854"}],"version-history":[{"count":0,"href":"https:\/\/agromt.news\/index.php?rest_route=\/wp\/v2\/posts\/17854\/revisions"}],"wp:featuredmedia":[{"embeddable":true,"href":"https:\/\/agromt.news\/index.php?rest_route=\/wp\/v2\/media\/17855"}],"wp:attachment":[{"href":"https:\/\/agromt.news\/index.php?rest_route=%2Fwp%2Fv2%2Fmedia&parent=17854"}],"wp:term":[{"taxonomy":"category","embeddable":true,"href":"https:\/\/agromt.news\/index.php?rest_route=%2Fwp%2Fv2%2Fcategories&post=17854"},{"taxonomy":"post_tag","embeddable":true,"href":"https:\/\/agromt.news\/index.php?rest_route=%2Fwp%2Fv2%2Ftags&post=17854"}],"curies":[{"name":"wp","href":"https:\/\/api.w.org\/{rel}","templated":true}]}}