{"id":17847,"date":"2025-08-01T12:28:27","date_gmt":"2025-08-01T16:28:27","guid":{"rendered":"https:\/\/agromt.news\/?p=17847"},"modified":"2025-08-01T12:28:27","modified_gmt":"2025-08-01T16:28:27","slug":"menor-area-plantada-nos-eua-em-2025-26-acende-alerta-no-mercado-global-de-soja","status":"publish","type":"post","link":"https:\/\/agromt.news\/?p=17847","title":{"rendered":"Menor \u00e1rea plantada nos EUA em 2025\/26 acende alerta no mercado global de soja"},"content":{"rendered":"<p> <br \/>\n<\/p>\n<div>\n<p>A safra de soja 2025\/26 nos <strong><a href=\"http:\/\/www.canalrural.com.br\/tag\/estados-unidos\/\">Estados Unidos<\/a><\/strong> come\u00e7a sob forte impacto da redu\u00e7\u00e3o de \u00e1rea cultivada. A queda reflete um ambiente de incerteza econ\u00f4mica e desest\u00edmulo do produtor americano diante dos baixos pre\u00e7os acumulados na Bolsa de Chicago e das crescentes incertezas comerciais com a China. <\/p>\n<p>De acordo com o USDA, a nova \u00e1rea plantada foi estimada em 83,4 milh\u00f5es de acres (cerca de 33,8 milh\u00f5es de hectares), abaixo dos 86,9 milh\u00f5es de acres registrados no ciclo anterior. Com isso, a perspectiva de produ\u00e7\u00e3o recuou abaixo dos 120 milh\u00f5es de toneladas na temporada. <\/p>\n<p>O rendimento estimado segue em 52,5 bushels por acre, o que, em condi\u00e7\u00f5es normais de clima, ainda pode garantir uma colheita pr\u00f3xima de 118 milh\u00f5es de toneladas. Tudo depender\u00e1 da regularidade das chuvas nas fases cr\u00edticas do desenvolvimento da lavoura.<\/p>\n<h2 class=\"wp-block-heading\" id=\"h-reeleicao-de-trump-reaquece-debate-sobre-tarifas-e-temores-de-retaliacao\">Reelei\u00e7\u00e3o de Trump reaquece debate sobre tarifas e temores de retalia\u00e7\u00e3o<\/h2>\n<p>O retorno de Donald Trump \u00e0 presid\u00eancia dos EUA reabre discuss\u00f5es sobre pol\u00edtica comercial externa, especialmente com a China. A possibilidade de reintrodu\u00e7\u00e3o de tarifas sobre produtos chineses e consequentes retalia\u00e7\u00f5es no com\u00e9rcio de soja voltam ao radar do mercado. <\/p>\n<p>A China \u00e9 o principal destino da soja americana e qualquer incerteza sobre as compras chinesas da nova safra pode aumentar os estoques internos e gerar press\u00e3o sobre as cota\u00e7\u00f5es em Chicago. <\/p>\n<p>Diante desse cen\u00e1rio, o mercado se mant\u00e9m em compasso de espera: se Pequim desacelerar suas aquisi\u00e7\u00f5es, os pre\u00e7os podem recuar independentemente do comportamento clim\u00e1tico nos campos americanos.<\/p>\n<\/div>\n<div>\n<h2 class=\"wp-block-heading\" id=\"h-demanda-por-biodiesel-sustenta-o-oleo-enquanto-farelo-sente-efeito-colateral\">Demanda por biodiesel sustenta o \u00f3leo, enquanto farelo sente efeito colateral<\/h2>\n<p>No mercado interno dos EUA, o programa de biocombust\u00edveis continua impulsionando o consumo de \u00f3leo de soja. O aumento da mistura obrigat\u00f3ria no diesel refor\u00e7a a demanda e d\u00e1 sustenta\u00e7\u00e3o aos pre\u00e7os do \u00f3leo. <\/p>\n<p>Por outro lado, o farelo enfrenta uma press\u00e3o maior, j\u00e1 que a produ\u00e7\u00e3o elevada decorrente do esmagamento n\u00e3o encontra o mesmo equil\u00edbrio entre oferta e demanda. Caso as exporta\u00e7\u00f5es para a China sejam afetadas, o excedente de farelo pode aumentar, adicionando uma camada extra de press\u00e3o sobre os contratos futuros da commodity.<\/p>\n<h2 class=\"wp-block-heading\" id=\"h-brasil-beneficios-de-curto-prazo-podem-vir-acompanhados-de-desafios-estruturais\">Brasil: benef\u00edcios de curto prazo podem vir acompanhados de desafios estruturais<\/h2>\n<p>O Brasil surge como potencial ganhador em meio \u00e0s incertezas globais. Uma eventual retra\u00e7\u00e3o das compras chinesas nos EUA abriria espa\u00e7o para a soja brasileira, que j\u00e1 se destaca em competitividade e volume. Os pr\u00eamios nos portos seguem firmes e, com o d\u00f3lar vol\u00e1til, os pre\u00e7os internos t\u00eam encontrado sustenta\u00e7\u00e3o. <\/p>\n<p>No entanto, h\u00e1 um ponto de aten\u00e7\u00e3o: a expectativa de mais uma safra recorde em 2026, com poss\u00edvel \u00e1rea plantada superior \u00e0 do ciclo atual. Caso n\u00e3o haja incremento proporcional da demanda global, o risco de superoferta e consequente press\u00e3o baixista nos pre\u00e7os se torna real. O Brasil pode conquistar mercados, mas precisar\u00e1 equilibrar oferta e demanda para manter a rentabilidade do setor.<\/p>\n<p>A retra\u00e7\u00e3o na \u00e1rea plantada nos EUA reflete um produtor mais cauteloso frente ao cen\u00e1rio internacional adverso. Clima e pol\u00edtica comercial seguem como os dois vetores centrais para defini\u00e7\u00e3o do rumo dos pre\u00e7os. <\/p>\n<p>O Brasil aparece como alternativa s\u00f3lida de abastecimento global, mas enfrenta o desafio de administrar sua pr\u00f3pria abund\u00e2ncia. Em um mercado global cada vez mais sens\u00edvel a vari\u00e1veis pol\u00edticas e clim\u00e1ticas, planejamento e gest\u00e3o de risco se tornam essenciais.<\/p>\n<div class=\"wp-block-media-text is-stacked-on-mobile\">\n<figure class=\"wp-block-media-text__media\"><img fetchpriority=\"high\" decoding=\"async\" width=\"471\" height=\"471\" src=\"https:\/\/agromt.news\/wp-content\/uploads\/2025\/05\/A-soja-e-sua-relevancia-no-cenario-nacional-e-global.png\" alt=\"Rafael SIlveira, analista de soja da Safras &amp; Mercado\" class=\"wp-image-4100142 size-full\"  \/><\/figure>\n<div class=\"wp-block-media-text__content\">\n<p>*<strong>Rafael Silveira<\/strong> <em>\u00e9 economista com p\u00f3s-gradua\u00e7\u00e3o em Finan\u00e7as, Investimento e Banking pela PUC-RS. \u00c9 especialista em mercados agr\u00edcolas na consultoria Safras &amp; Mercado, com \u00eanfase em estrat\u00e9gias de investimento e gest\u00e3o de risco em commodities<\/em><\/p>\n<\/div>\n<\/div>\n<hr class=\"wp-block-separator has-alpha-channel-opacity\"\/>\n<p><em>O\u00a0<strong>Canal Rural<\/strong>\u00a0n\u00e3o se responsabiliza pelas opini\u00f5es e conceitos emitidos nos textos desta sess\u00e3o, sendo os conte\u00fados de inteira responsabilidade de seus autores. A empresa se reserva o direito de fazer ajustes no texto para adequa\u00e7\u00e3o \u00e0s normas de publica\u00e7\u00e3o.<\/em><\/p>\n<\/p><\/div>\n<p><br \/>\n<br \/><a href=\"https:\/\/www.canalrural.com.br\/opiniao-noticias\/menor-area-plantada-nos-eua-em-2025-26-acende-alerta-no-mercado-global-de-soja\/\">Source link <\/a><\/p>\n","protected":false},"excerpt":{"rendered":"<p>A safra de soja 2025\/26 nos Estados Unidos come\u00e7a sob forte impacto da redu\u00e7\u00e3o de \u00e1rea cultivada. A queda reflete<\/p>\n","protected":false},"author":1,"featured_media":17848,"comment_status":"open","ping_status":"open","sticky":false,"template":"","format":"standard","meta":{"_monsterinsights_skip_tracking":false,"_monsterinsights_sitenote_active":false,"_monsterinsights_sitenote_note":"","_monsterinsights_sitenote_category":0,"_uf_show_specific_survey":0,"_uf_disable_surveys":false,"footnotes":""},"categories":[1],"tags":[],"class_list":["post-17847","post","type-post","status-publish","format-standard","has-post-thumbnail","hentry","category-news"],"_links":{"self":[{"href":"https:\/\/agromt.news\/index.php?rest_route=\/wp\/v2\/posts\/17847"}],"collection":[{"href":"https:\/\/agromt.news\/index.php?rest_route=\/wp\/v2\/posts"}],"about":[{"href":"https:\/\/agromt.news\/index.php?rest_route=\/wp\/v2\/types\/post"}],"author":[{"embeddable":true,"href":"https:\/\/agromt.news\/index.php?rest_route=\/wp\/v2\/users\/1"}],"replies":[{"embeddable":true,"href":"https:\/\/agromt.news\/index.php?rest_route=%2Fwp%2Fv2%2Fcomments&post=17847"}],"version-history":[{"count":0,"href":"https:\/\/agromt.news\/index.php?rest_route=\/wp\/v2\/posts\/17847\/revisions"}],"wp:featuredmedia":[{"embeddable":true,"href":"https:\/\/agromt.news\/index.php?rest_route=\/wp\/v2\/media\/17848"}],"wp:attachment":[{"href":"https:\/\/agromt.news\/index.php?rest_route=%2Fwp%2Fv2%2Fmedia&parent=17847"}],"wp:term":[{"taxonomy":"category","embeddable":true,"href":"https:\/\/agromt.news\/index.php?rest_route=%2Fwp%2Fv2%2Fcategories&post=17847"},{"taxonomy":"post_tag","embeddable":true,"href":"https:\/\/agromt.news\/index.php?rest_route=%2Fwp%2Fv2%2Ftags&post=17847"}],"curies":[{"name":"wp","href":"https:\/\/api.w.org\/{rel}","templated":true}]}}