{"id":17842,"date":"2025-08-01T11:42:56","date_gmt":"2025-08-01T15:42:56","guid":{"rendered":"https:\/\/agromt.news\/?p=17842"},"modified":"2025-08-01T11:42:56","modified_gmt":"2025-08-01T15:42:56","slug":"eua-impoem-tarifas-mas-sebrae-ve-chance-de-crescimento-no-brasil","status":"publish","type":"post","link":"https:\/\/agromt.news\/?p=17842","title":{"rendered":"EUA imp\u00f5em tarifas, mas Sebrae v\u00ea chance de crescimento no Brasil"},"content":{"rendered":"<p> <br \/>\n<\/p>\n<div>\n<p>O aumento das tarifas anunciado\u00a0pelo presidente dos <a href=\"https:\/\/www.canalrural.com.br\/economia\/tarifaco-exclui-446-das-exportacoes-do-brasil-para-eua\/\">Estados Unidos<\/a>, Donald Trump, sobre produtos brasileiros pode ser uma oportunidade para o pa\u00eds buscar novas oportunidades em outros pa\u00edses. <\/p>\n<p>\u201cO tarifa\u00e7o dos EUA n\u00e3o \u00e9 uma trag\u00e9dia para o Brasil \u2014 \u00e9 um despertar. O Brasil \u00e9 gigante, tem riqueza, povo empreendedor e voca\u00e7\u00e3o global. Chegou a hora de agir com patriotismo e coragem. <a href=\"https:\/\/agenciasebrae.com.br\/economia-e-politica\/o-tarifaco-dos-eua-nao-e-uma-tragedia-para-o-brasil-e-um-despertar-diz-presidente-do-sebrae\/\">Vamos crescer com essa situa\u00e7\u00e3o<\/a>, n\u00e3o tenha a menor d\u00favida, incluindo as nossas cadeias produtivas. <strong>Tenho certeza de que vamos ainda ter a abertura de novos mercados nesta economia globalizada e vamos entrar em outros territ\u00f3rios nos quais nunca pisamos\u201d<\/strong>, apontou D\u00e9cio. <\/p>\n<p>Al\u00e9m disso, ele ressalta: \u201cO Brasil e a nossa economia s\u00e3o muito maiores do que isso.<strong> <\/strong>Essa \u00e9 uma narrativa de taxa\u00e7\u00e3o contra o Brasil e n\u00e3o podemos entrar numa onda perversa de pessimismo.\u201d<\/p>\n<p>Em sua an\u00e1lise, Lima avaliou que os mais impactados com a medida ser\u00e3o os pr\u00f3prios americanos. Do outro lado, no Brasil, a taxa\u00e7\u00e3o vai fortalecer o sentimento de patriotismo na popula\u00e7\u00e3o. <\/p>\n<p>\u201cToda essa situa\u00e7\u00e3o vai mostrar para n\u00f3s aquilo que historicamente a gente n\u00e3o conseguia enxergar, que \u00e9 a grandeza do nosso pa\u00eds\u201d, afirmou.<\/p>\n<p> <strong>\u201cN\u00e3o precisamos ser submissos e vamos mostrar para o mundo o tamanho que n\u00f3s temos.<\/strong> <strong>N\u00e3o somos mais um territ\u00f3rio de subservi\u00eancia, de gente pequena, um pa\u00eds de terceiro mundo\u201d<\/strong>, completou.<\/p>\n<ul class=\"wp-block-list\">\n<li>Participe do Porteira Aberta Empreender: envie perguntas, sugest\u00f5es e conte a sua hist\u00f3ria de empreendedorismo pelo<a href=\"https:\/\/api.whatsapp.com\/send?phone=5511932796720&amp;PorteiraAbertaEmpreender=SuaMensagem\"> WhatsApp<\/a><\/li>\n<\/ul>\n<p>O bom momento da economia brasileira que possibilita esta avalia\u00e7\u00e3o tem sido percept\u00edvel, segundo D\u00e9cio Lima, no processo de inclus\u00e3o realizado no pa\u00eds, com a gera\u00e7\u00e3o de empregos pelos pequenos neg\u00f3cios \u2013 que representam mais de 60% das vagas geradas \u2013 e com a abertura de novas empresas: j\u00e1 s\u00e3o mais de 2,6 milh\u00f5es CNPJs abertos neste ano nesse segmento.<\/p>\n<\/div>\n<div>\n<p>\u201cEu n\u00e3o posso imaginar que essas taxa\u00e7\u00f5es, fronteiras econ\u00f4micas, podem levar qualquer um de n\u00f3s a voltar ao campo da subservi\u00eancia, da humilha\u00e7\u00e3o e da resigna\u00e7\u00e3o, de baixar a cabe\u00e7a.<strong> O Brasil \u00e9 dos brasileiros. N\u00e3o ser\u00e1 uma porcentagem da taxa que querem impor ao modelo econ\u00f4mico brasileiro que ir\u00e1 nos limitar<\/strong>.\u201d<\/p>\n<p>O presidente do Sebrae ainda exaltou a criatividade do povo brasileiro e os biomas do pa\u00eds como diferenciais da economia brasileira para superar a medida do governo dos Estados Unidos.<\/p>\n<p> \u201cL\u00e1, eles [americanos] n\u00e3o t\u00eam a criatividade que tem no Brasil. Por isso, estou muito convencido que isso tudo a\u00ed \u00e9 para nos despertar.<strong> O que est\u00e1 faltando \u00e9 acreditarmos em n\u00f3s, acreditar inclusive, nessa produ\u00e7\u00e3o extraordin\u00e1ria da pulveriza\u00e7\u00e3o econ\u00f4mica e nesse esp\u00edrito empreendedor do povo brasileiro\u201d<\/strong>, concluiu Lima.<\/p>\n<h2 class=\"wp-block-heading\" id=\"h-avaliacao\"><strong>Avalia\u00e7\u00e3o<\/strong><\/h2>\n<p>Atualmente, 68% das exporta\u00e7\u00f5es dos pequenos neg\u00f3cios s\u00e3o feitas para as Am\u00e9ricas (28% Am\u00e9rica do Sul, 24% Am\u00e9rica do Norte e 7% Am\u00e9rica Central e Caribe). O presidente D\u00e9cio Lima lembra que, nos \u00faltimos anos, houve um crescimento significativo no acesso dos pequenos neg\u00f3cios ao mercado internacional.<\/p>\n<p>O n\u00famero de empreendedores que est\u00e3o vendendo produtos e servi\u00e7os para outros pa\u00edses cresceu 120% nos \u00faltimos 10 anos, enquanto as m\u00e9dias e grandes empresas cresceram 29% no mesmo per\u00edodo. Os pequenos neg\u00f3cios representam 41% do total de empresas exportadoras, apesar de movimentarem apenas cerca de 0,9% do montante de recursos.<\/p>\n<p>De acordo com levantamento do Sebrae, em 10 anos foi registrado um crescimento de 152% nos valores comercializados por pequenos neg\u00f3cios. Em 2023, esse segmento foi respons\u00e1vel por movimentar US$ 2,8 bilh\u00f5es, o melhor resultado registrado em todos os anos anteriores a 2020, sendo menor apenas que as exporta\u00e7\u00f5es feitas em 2021 e 2022.<\/p>\n<h2 class=\"wp-block-heading\" id=\"h-porteira-aberta-empreender\"><strong>Porteira Aberta Empreender<\/strong><\/h2>\n<p>Quer saber mais? Assista ao programa<a href=\"https:\/\/www.canalrural.com.br\/empreendedorismo\/transforme-sua-propriedade-em-um-destino-turistico\/\"> <strong>Porteira Aberta Empreender<\/strong>,<\/a> uma parceria entre o Sebrae e o Canal Rural, que traz dicas, orienta\u00e7\u00f5es e mostra hist\u00f3rias reais de micro e pequenos produtores de todo o pa\u00eds.<\/p>\n<figure class=\"wp-block-image size-full is-resized\"><img fetchpriority=\"high\" decoding=\"async\" width=\"1013\" height=\"1017\" src=\"https:\/\/agromt.news\/wp-content\/uploads\/2025\/07\/Caroco-do-acai-amapaense-vira-bebida-e-conquista-mercado-internacional.png\" alt=\"Arte com os hor\u00e1rios do programa Porteira Aberta Empreender\" class=\"wp-image-4106114\" style=\"width:505px;height:auto\"  \/><figcaption class=\"wp-element-caption\">\u00c0s quintas-feiras, \u00e0s 17h45, no Canal Rural. Foto: Arte Divulga\u00e7\u00e3o | Canal Rural <\/figcaption><\/figure>\n<\/p><\/div>\n<p><br \/>\n<br \/><a href=\"https:\/\/www.canalrural.com.br\/empreendedorismo\/eua-impoem-tarifas-mas-sebrae-ve-chance-de-crescimento-no-pais\/\">Source link <\/a><\/p>\n","protected":false},"excerpt":{"rendered":"<p>O aumento das tarifas anunciado\u00a0pelo presidente dos Estados Unidos, Donald Trump, sobre produtos brasileiros pode ser uma oportunidade para o<\/p>\n","protected":false},"author":1,"featured_media":17843,"comment_status":"open","ping_status":"open","sticky":false,"template":"","format":"standard","meta":{"_monsterinsights_skip_tracking":false,"_monsterinsights_sitenote_active":false,"_monsterinsights_sitenote_note":"","_monsterinsights_sitenote_category":0,"_uf_show_specific_survey":0,"_uf_disable_surveys":false,"footnotes":""},"categories":[1],"tags":[],"class_list":["post-17842","post","type-post","status-publish","format-standard","has-post-thumbnail","hentry","category-news"],"_links":{"self":[{"href":"https:\/\/agromt.news\/index.php?rest_route=\/wp\/v2\/posts\/17842"}],"collection":[{"href":"https:\/\/agromt.news\/index.php?rest_route=\/wp\/v2\/posts"}],"about":[{"href":"https:\/\/agromt.news\/index.php?rest_route=\/wp\/v2\/types\/post"}],"author":[{"embeddable":true,"href":"https:\/\/agromt.news\/index.php?rest_route=\/wp\/v2\/users\/1"}],"replies":[{"embeddable":true,"href":"https:\/\/agromt.news\/index.php?rest_route=%2Fwp%2Fv2%2Fcomments&post=17842"}],"version-history":[{"count":0,"href":"https:\/\/agromt.news\/index.php?rest_route=\/wp\/v2\/posts\/17842\/revisions"}],"wp:featuredmedia":[{"embeddable":true,"href":"https:\/\/agromt.news\/index.php?rest_route=\/wp\/v2\/media\/17843"}],"wp:attachment":[{"href":"https:\/\/agromt.news\/index.php?rest_route=%2Fwp%2Fv2%2Fmedia&parent=17842"}],"wp:term":[{"taxonomy":"category","embeddable":true,"href":"https:\/\/agromt.news\/index.php?rest_route=%2Fwp%2Fv2%2Fcategories&post=17842"},{"taxonomy":"post_tag","embeddable":true,"href":"https:\/\/agromt.news\/index.php?rest_route=%2Fwp%2Fv2%2Ftags&post=17842"}],"curies":[{"name":"wp","href":"https:\/\/api.w.org\/{rel}","templated":true}]}}