{"id":17839,"date":"2025-08-01T11:09:06","date_gmt":"2025-08-01T15:09:06","guid":{"rendered":"https:\/\/agromt.news\/?p=17839"},"modified":"2025-08-01T11:09:06","modified_gmt":"2025-08-01T15:09:06","slug":"setor-respira-aliviado-com-suco-de-laranja-fora-do-tarifaco","status":"publish","type":"post","link":"https:\/\/agromt.news\/?p=17839","title":{"rendered":"setor respira aliviado com suco de laranja fora do tarifa\u00e7o"},"content":{"rendered":"<p> <br \/>\n<br \/><img decoding=\"async\" src=\"https:\/\/agromt.news\/wp-content\/uploads\/2024\/10\/Oferta-global-de-suco-de-laranja-deve-cair-30-com.jpg\" \/><\/p>\n<div>\n<p>A decis\u00e3o do governo dos Estados Unidos de isentar o suco de laranja brasileiro da tarifa adicional de 40%, trouxe al\u00edvio imediato ao setor. Essa \u00e9 a avalia\u00e7\u00e3o dos pesquisadores do <a href=\"https:\/\/www.canalrural.com.br\/tag\/cepea\/\">Centro de Estudos Avan\u00e7ados em Economia Aplicada (Cepea).<\/a><\/p>\n<p>A medida, mant\u00e9m o produto sujeito \u00e0 sobretaxa de 10% mais a tarifa fixa de US$ 415\/t. Segundo o instituto, a decis\u00e3o pode ser atribu\u00edda a depend\u00eancia estrutural do mercado norte-americano em rela\u00e7\u00e3o ao suco importado do Brasil. Este representa aproximadamente 60% de todo o volume de suco consumido nos EUA.\u00a0<\/p>\n<\/div>\n<div>\n<p>Para o Brasil, pesquisadores do Cepea afirmam que a isen\u00e7\u00e3o representa a preserva\u00e7\u00e3o da competitividade em seu principal mercado externo e evita perdas de receita.\u00a0<\/p>\n<p>Refor\u00e7am, ainda, que esse cen\u00e1rio deve proporcionar a retomada de novos contratos de venda de laranja fruta da safra 25\/26, trazendo mais clareza e liquidez ao mercado, que praticamente andou \u201cde lado\u201d nas \u00faltimas semanas.<\/p>\n<p><em>*Sob supervis\u00e3o de Luis Roberto Toledo<\/em><\/p>\n<\/p><\/div>\n<p><br \/>\n<br \/><a href=\"https:\/\/www.canalrural.com.br\/agricultura\/hortifruti\/citros-setor-respira-aliviado-com-suco-de-laranja-fora-do-tarifaco\/\">Source link <\/a><\/p>\n","protected":false},"excerpt":{"rendered":"<p>A decis\u00e3o do governo dos Estados Unidos de isentar o suco de laranja brasileiro da tarifa adicional de 40%, trouxe<\/p>\n","protected":false},"author":1,"featured_media":4284,"comment_status":"open","ping_status":"open","sticky":false,"template":"","format":"standard","meta":{"_monsterinsights_skip_tracking":false,"_monsterinsights_sitenote_active":false,"_monsterinsights_sitenote_note":"","_monsterinsights_sitenote_category":0,"_uf_show_specific_survey":0,"_uf_disable_surveys":false,"footnotes":""},"categories":[1],"tags":[],"class_list":["post-17839","post","type-post","status-publish","format-standard","has-post-thumbnail","hentry","category-news"],"_links":{"self":[{"href":"https:\/\/agromt.news\/index.php?rest_route=\/wp\/v2\/posts\/17839"}],"collection":[{"href":"https:\/\/agromt.news\/index.php?rest_route=\/wp\/v2\/posts"}],"about":[{"href":"https:\/\/agromt.news\/index.php?rest_route=\/wp\/v2\/types\/post"}],"author":[{"embeddable":true,"href":"https:\/\/agromt.news\/index.php?rest_route=\/wp\/v2\/users\/1"}],"replies":[{"embeddable":true,"href":"https:\/\/agromt.news\/index.php?rest_route=%2Fwp%2Fv2%2Fcomments&post=17839"}],"version-history":[{"count":0,"href":"https:\/\/agromt.news\/index.php?rest_route=\/wp\/v2\/posts\/17839\/revisions"}],"wp:featuredmedia":[{"embeddable":true,"href":"https:\/\/agromt.news\/index.php?rest_route=\/wp\/v2\/media\/4284"}],"wp:attachment":[{"href":"https:\/\/agromt.news\/index.php?rest_route=%2Fwp%2Fv2%2Fmedia&parent=17839"}],"wp:term":[{"taxonomy":"category","embeddable":true,"href":"https:\/\/agromt.news\/index.php?rest_route=%2Fwp%2Fv2%2Fcategories&post=17839"},{"taxonomy":"post_tag","embeddable":true,"href":"https:\/\/agromt.news\/index.php?rest_route=%2Fwp%2Fv2%2Ftags&post=17839"}],"curies":[{"name":"wp","href":"https:\/\/api.w.org\/{rel}","templated":true}]}}