{"id":17838,"date":"2025-08-01T10:53:40","date_gmt":"2025-08-01T14:53:40","guid":{"rendered":"https:\/\/agromt.news\/?p=17838"},"modified":"2025-08-01T10:53:40","modified_gmt":"2025-08-01T14:53:40","slug":"lentidao-no-mercado-reduz-o-poder-de-compra-do-avicultor","status":"publish","type":"post","link":"https:\/\/agromt.news\/?p=17838","title":{"rendered":"lentid\u00e3o no mercado reduz o poder de compra do avicultor"},"content":{"rendered":"<p> <br \/>\n<br \/><img decoding=\"async\" src=\"https:\/\/agromt.news\/wp-content\/uploads\/2025\/03\/EUA-aumentam-em-90-importacao-de-ovos-do-Brasil.jpg\" \/><\/p>\n<div>\n<p>O poder de compra do avicultor de postura paulista frente aos principais insumos consumidos na atividade (milho e farelo de soja) diminuiu em julho. \u00c9 isso o que apontam os levantamentos do <a href=\"https:\/\/www.canalrural.com.br\/tag\/cepea\/\">Centro de Estudos Avan\u00e7ados em Economia Aplicada (Cepea).\u00a0<\/a><\/p>\n<p>Segundo o Centro de Pesquisas, esse cen\u00e1rio se deve \u00e0 queda mais acentuada nos pre\u00e7os dos ovos em compara\u00e7\u00e3o aos do cereal e do derivado da oleaginosa.\u00a0<\/p>\n<p>Pesquisadores explicam que a retra\u00e7\u00e3o na demanda pela prote\u00edna observada ao longo do m\u00eas, t\u00edpica do per\u00edodo de f\u00e9rias escolares, pressionou fortemente as cota\u00e7\u00f5es.<\/p>\n<\/div>\n<div>\n<p>Em Bastos (SP), o pre\u00e7o m\u00e9dio dos ovos brancos tipo extra, a retirar (FOB) foi de R$ 149,48\/caixa com 30 d\u00fazias em julho (at\u00e9 o dia 30). A redu\u00e7\u00e3o \u00e9 de\u00a0 9,1% no comparativo com o m\u00eas de junho.\u00a0<\/p>\n<p>Para os ovos vermelhos, a m\u00e9dia de R$ 165,76\/cx na regi\u00e3o paulista caiu expressivos 10,3%, ainda conforme levantamentos do Cepea.<\/p>\n<p><em>*Sob supervis\u00e3o de Luis Roberto Toledo<\/em><\/p>\n<\/p><\/div>\n<p><br \/>\n<br \/><a href=\"https:\/\/www.canalrural.com.br\/aves-e-suinos\/ovos-lentidao-no-mercado-reduz-o-poder-de-compra-do-avicultor\/\">Source link <\/a><\/p>\n","protected":false},"excerpt":{"rendered":"<p>O poder de compra do avicultor de postura paulista frente aos principais insumos consumidos na atividade (milho e farelo de<\/p>\n","protected":false},"author":1,"featured_media":11411,"comment_status":"open","ping_status":"open","sticky":false,"template":"","format":"standard","meta":{"_monsterinsights_skip_tracking":false,"_monsterinsights_sitenote_active":false,"_monsterinsights_sitenote_note":"","_monsterinsights_sitenote_category":0,"_uf_show_specific_survey":0,"_uf_disable_surveys":false,"footnotes":""},"categories":[1],"tags":[],"class_list":["post-17838","post","type-post","status-publish","format-standard","has-post-thumbnail","hentry","category-news"],"_links":{"self":[{"href":"https:\/\/agromt.news\/index.php?rest_route=\/wp\/v2\/posts\/17838"}],"collection":[{"href":"https:\/\/agromt.news\/index.php?rest_route=\/wp\/v2\/posts"}],"about":[{"href":"https:\/\/agromt.news\/index.php?rest_route=\/wp\/v2\/types\/post"}],"author":[{"embeddable":true,"href":"https:\/\/agromt.news\/index.php?rest_route=\/wp\/v2\/users\/1"}],"replies":[{"embeddable":true,"href":"https:\/\/agromt.news\/index.php?rest_route=%2Fwp%2Fv2%2Fcomments&post=17838"}],"version-history":[{"count":0,"href":"https:\/\/agromt.news\/index.php?rest_route=\/wp\/v2\/posts\/17838\/revisions"}],"wp:featuredmedia":[{"embeddable":true,"href":"https:\/\/agromt.news\/index.php?rest_route=\/wp\/v2\/media\/11411"}],"wp:attachment":[{"href":"https:\/\/agromt.news\/index.php?rest_route=%2Fwp%2Fv2%2Fmedia&parent=17838"}],"wp:term":[{"taxonomy":"category","embeddable":true,"href":"https:\/\/agromt.news\/index.php?rest_route=%2Fwp%2Fv2%2Fcategories&post=17838"},{"taxonomy":"post_tag","embeddable":true,"href":"https:\/\/agromt.news\/index.php?rest_route=%2Fwp%2Fv2%2Ftags&post=17838"}],"curies":[{"name":"wp","href":"https:\/\/api.w.org\/{rel}","templated":true}]}}